{"id":10877,"date":"2018-09-24T11:35:47","date_gmt":"2018-09-24T09:35:47","guid":{"rendered":"https:\/\/www.nova-groupe.fr\/?p=10877"},"modified":"2019-09-25T17:41:00","modified_gmt":"2019-09-25T15:41:00","slug":"foire-de-barcelonnette-st-michel","status":"publish","type":"post","link":"https:\/\/www.nova-groupe.fr\/fr\/foire-de-barcelonnette-st-michel\/","title":{"rendered":"Retrouvez nous \u00e0 la foire de la St Michel \u00e0 Barcelonnette (dept.04) le Samedi 29 Septembre"},"content":{"rendered":"<h1>Samedi 29 septembre retrouvez-nous \u00e0 Barcelonnette \u00e0 la Foire de la St Michel.<\/h1>\n<p><img decoding=\"async\" class=\"alignnone size-large wp-image-10878\" src=\"https:\/\/www.nova-groupe.fr\/wp-content\/uploads\/2018\/08\/foire-st-michel-barcelonnette-Copier-1024x538.jpg\" alt=\"foire st michel barcelonnette 29 septembre 2018\" width=\"1024\" height=\"538\" srcset=\"https:\/\/www.nova-groupe.fr\/wp-content\/uploads\/2018\/08\/foire-st-michel-barcelonnette-Copier-1024x538.jpg 1024w, https:\/\/www.nova-groupe.fr\/wp-content\/uploads\/2018\/08\/foire-st-michel-barcelonnette-Copier-300x158.jpg 300w, https:\/\/www.nova-groupe.fr\/wp-content\/uploads\/2018\/08\/foire-st-michel-barcelonnette-Copier-768x403.jpg 768w, https:\/\/www.nova-groupe.fr\/wp-content\/uploads\/2018\/08\/foire-st-michel-barcelonnette-Copier.jpg 1600w\" sizes=\"(max-width: 1024px) 100vw, 1024px\" \/><\/p>\n<h2>Rendez-vous \u00e0 Barcelonnette pour la 18<sup>\u00e8me<\/sup> \u00e9dition de cette foire.<\/h2>\n<p>La place Aim\u00e9 Gassier accueillera la foire commerciale coupl\u00e9e \u00e0 la foire agricole avec vente de b\u00e9tail, de mat\u00e9riel, jeux, concours, d\u00e9monstration de tonte, stands techniques, ap\u00e9ritif et repas.<\/p>\n<h3>Programme pr\u00e9visionnel :<\/h3>\n<p>&#8211; Pr\u00e9sentation et vente d&rsquo;agnelles, b\u00e9liers, tardons et bovins<br \/>\n&#8211; \u00c0 partir de 10h : tombola<br \/>\n&#8211; 11h30 : remise des prix et tirage de la tombola suivis de l&rsquo;ap\u00e9ritif<br \/>\n&#8211; Stands techniques co-anim\u00e9s par CA04, MRE, CERPAM, GDS, IE, Coop\u00e9rative Agneau soleil&#8230;<br \/>\n&#8211; Toute la journ\u00e9e : march\u00e9 paysan et artisanal, mat\u00e9riels agricoles, d\u00e9monstration de m\u00e9tiers<br \/>\n&#8211; D\u00e9monstration de tonte<br \/>\n&#8211; Braderie des commer\u00e7ants<br \/>\n&#8211; Soir\u00e9e : repas organis\u00e9 par les \u00e9leveurs<\/p>\n<p>Plus d&rsquo;informations sur: <a href=\"http:\/\/www.barcelonnette.com\/foire-de-la-saint-michel.html\" target=\"_blank\" rel=\"noopener noreferrer\">http:\/\/www.barcelonnette.com\/foire-de-la-saint-michel.html<\/a><\/p>\n<p><strong>Comment s&rsquo;y rendre:<\/strong><br \/>\n<iframe style=\"border: 0;\" src=\"https:\/\/www.google.com\/maps\/embed?pb=!1m18!1m12!1m3!1d2851.3059904516253!2d6.649324115521648!3d44.38584007910308!2m3!1f0!2f0!3f0!3m2!1i1024!2i768!4f13.1!3m3!1m2!1s0x12cc919a923b8d59%3A0x67581a86673b0212!2sPlace+Aim%C3%A9+Gassier%2C+04400+Barcelonnette!5e0!3m2!1sfr!2sfr!4v1534932190478\" width=\"600\" height=\"450\" frameborder=\"0\" allowfullscreen=\"allowfullscreen\"><\/iframe><\/p>\n<hr \/>\n<div id=\"pg-9082-1\" class=\"panel-grid panel-has-style\" data-style=\"{&quot;padding&quot;:&quot;3% 0% 2% 0%&quot;,&quot;background&quot;:&quot;#f3f2eb&quot;,&quot;background_display&quot;:&quot;tile&quot;,&quot;lsow_dark_bg&quot;:&quot;&quot;,&quot;row_stretch&quot;:&quot;full&quot;}\">\n<div class=\"siteorigin-panels-stretch panel-row-style panel-row-style-for-9082-1\" data-stretch-type=\"full\">\n<div id=\"pgc-9082-1-0\" class=\"panel-grid-cell\" data-weight=\"1\">\n<div id=\"panel-9082-1-0-0\" class=\"so-panel widget widget_sow-post-carousel panel-first-child panel-last-child\" data-index=\"3\" data-style=\"{&quot;background_display&quot;:&quot;tile&quot;}\">\n<\/div>\n<\/div>\n<\/div>\n<\/div>\n<div id=\"pg-9082-2\" class=\"panel-grid panel-has-style\" data-style=\"{&quot;background_display&quot;:&quot;tile&quot;,&quot;lsow_dark_bg&quot;:&quot;&quot;,&quot;row_stretch&quot;:&quot;full-stretched&quot;,&quot;cell_alignment&quot;:&quot;flex-start&quot;}\">\n<div class=\"siteorigin-panels-stretch panel-row-style panel-row-style-for-9082-2\" data-stretch-type=\"full-stretched\">\n<div id=\"pgc-9082-2-0\" class=\"panel-grid-cell\" data-weight=\"1\">\n<div id=\"panel-9082-2-0-0\" class=\"so-panel widget widget_sow-image panel-first-child panel-last-child\" data-index=\"4\" data-style=\"{&quot;background_display&quot;:&quot;tile&quot;}\"><\/div>\n<\/div>\n<\/div>\n<\/div>\n","protected":false},"excerpt":{"rendered":"<p>Samedi 29 septembre retrouvez-nous \u00e0 Barcelonnette \u00e0 la Foire de la St Michel. Rendez-vous \u00e0 Barcelonnette pour la 18\u00e8me \u00e9dition de cette foire. La place Aim\u00e9 Gassier accueillera la foire commerciale coupl\u00e9e \u00e0 la foire agricole avec vente de b\u00e9tail, de mat\u00e9riel, jeux, concours, d\u00e9monstration de tonte, stands techniques, ap\u00e9ritif et repas. Programme pr\u00e9visionnel : [&hellip;]<\/p>\n","protected":false},"author":3,"featured_media":10878,"comment_status":"open","ping_status":"closed","sticky":false,"template":"","format":"image","meta":{"_acf_changed":false,"_et_pb_use_builder":"","_et_pb_old_content":"","_et_gb_content_width":"","om_disable_all_campaigns":false,"_monsterinsights_skip_tracking":false,"_monsterinsights_sitenote_active":false,"_monsterinsights_sitenote_note":"","_monsterinsights_sitenote_category":0,"_uf_show_specific_survey":0,"_uf_disable_surveys":false,"footnotes":""},"categories":[1],"tags":[1434,1449,1076,1430,1451,1432],"class_list":["post-10877","post","type-post","status-publish","format-image","has-post-thumbnail","hentry","category-non-classifiee","tag-alpes","tag-barcelonnette","tag-evenement","tag-exposition","tag-foire-saint-michel","tag-materiel","post_format-post-format-image"],"acf":[],"yoast_head":"<!-- This site is optimized with the Yoast SEO plugin v27.2 - https:\/\/yoast.com\/product\/yoast-seo-wordpress\/ -->\n<title>Foire de Barcelonnette Septembre 2018. D\u00e9couvrez notre gamme Agricole<\/title>\n<meta name=\"description\" content=\"Samedi 29 Septembre Nova participera \u00e0 la foire de la St Michel \u00e0 Barcelonnette 04400 place Aim\u00e9 Gassier. Venez d\u00e9couvrir nos gammes de mat\u00e9riels Agricole, espaces verts et btp.\" \/>\n<meta name=\"robots\" content=\"index, follow, max-snippet:-1, max-image-preview:large, max-video-preview:-1\" \/>\n<link rel=\"canonical\" href=\"https:\/\/www.nova-groupe.fr\/fr\/foire-de-barcelonnette-st-michel\/\" \/>\n<meta property=\"og:locale\" content=\"fr_FR\" \/>\n<meta property=\"og:type\" content=\"article\" \/>\n<meta property=\"og:title\" content=\"Foire de Barcelonnette Septembre 2018. D\u00e9couvrez notre gamme Agricole\" \/>\n<meta property=\"og:description\" content=\"Samedi 29 Septembre Nova participera \u00e0 la foire de la St Michel \u00e0 Barcelonnette 04400 place Aim\u00e9 Gassier. Venez d\u00e9couvrir nos gammes de mat\u00e9riels Agricole, espaces verts et btp.\" \/>\n<meta property=\"og:url\" content=\"https:\/\/www.nova-groupe.fr\/fr\/foire-de-barcelonnette-st-michel\/\" \/>\n<meta property=\"og:site_name\" content=\"Nova-Groupe\" \/>\n<meta property=\"article:publisher\" content=\"https:\/\/www.facebook.com\/Nova-Groupe-170173286757302\/\" \/>\n<meta property=\"article:published_time\" content=\"2018-09-24T09:35:47+00:00\" \/>\n<meta property=\"article:modified_time\" content=\"2019-09-25T15:41:00+00:00\" \/>\n<meta property=\"og:image\" content=\"https:\/\/www.nova-groupe.fr\/wp-content\/uploads\/2018\/08\/foire-st-michel-barcelonnette-Copier.jpg\" \/>\n\t<meta property=\"og:image:width\" content=\"1600\" \/>\n\t<meta property=\"og:image:height\" content=\"840\" \/>\n\t<meta property=\"og:image:type\" content=\"image\/jpeg\" \/>\n<meta name=\"author\" content=\"Camille Zammit\" \/>\n<meta name=\"twitter:card\" content=\"summary_large_image\" \/>\n<meta name=\"twitter:label1\" content=\"\u00c9crit par\" \/>\n\t<meta name=\"twitter:data1\" content=\"Camille Zammit\" \/>\n\t<meta name=\"twitter:label2\" content=\"Dur\u00e9e de lecture estim\u00e9e\" \/>\n\t<meta name=\"twitter:data2\" content=\"1 minute\" \/>\n<script type=\"application\/ld+json\" class=\"yoast-schema-graph\">{\"@context\":\"https:\/\/schema.org\",\"@graph\":[{\"@type\":\"Article\",\"@id\":\"https:\/\/www.nova-groupe.fr\/fr\/foire-de-barcelonnette-st-michel\/#article\",\"isPartOf\":{\"@id\":\"https:\/\/www.nova-groupe.fr\/fr\/foire-de-barcelonnette-st-michel\/\"},\"author\":{\"name\":\"Camille Zammit\",\"@id\":\"https:\/\/www.nova-groupe.fr\/fr\/#\/schema\/person\/914fc2542c7631658cdf6631980b00e6\"},\"headline\":\"Retrouvez nous \u00e0 la foire de la St Michel \u00e0 Barcelonnette (dept.04) le Samedi 29 Septembre\",\"datePublished\":\"2018-09-24T09:35:47+00:00\",\"dateModified\":\"2019-09-25T15:41:00+00:00\",\"mainEntityOfPage\":{\"@id\":\"https:\/\/www.nova-groupe.fr\/fr\/foire-de-barcelonnette-st-michel\/\"},\"wordCount\":164,\"commentCount\":0,\"image\":{\"@id\":\"https:\/\/www.nova-groupe.fr\/fr\/foire-de-barcelonnette-st-michel\/#primaryimage\"},\"thumbnailUrl\":\"https:\/\/www.nova-groupe.fr\/wp-content\/uploads\/2018\/08\/foire-st-michel-barcelonnette-Copier.jpg\",\"keywords\":[\"alpes\",\"barcelonnette\",\"evenement\",\"exposition\",\"foire saint michel\",\"materiel\"],\"articleSection\":[\"Non classifi\u00e9(e)\"],\"inLanguage\":\"fr-FR\",\"potentialAction\":[{\"@type\":\"CommentAction\",\"name\":\"Comment\",\"target\":[\"https:\/\/www.nova-groupe.fr\/fr\/foire-de-barcelonnette-st-michel\/#respond\"]}]},{\"@type\":\"WebPage\",\"@id\":\"https:\/\/www.nova-groupe.fr\/fr\/foire-de-barcelonnette-st-michel\/\",\"url\":\"https:\/\/www.nova-groupe.fr\/fr\/foire-de-barcelonnette-st-michel\/\",\"name\":\"Foire de Barcelonnette Septembre 2018. D\u00e9couvrez notre gamme Agricole\",\"isPartOf\":{\"@id\":\"https:\/\/www.nova-groupe.fr\/fr\/#website\"},\"primaryImageOfPage\":{\"@id\":\"https:\/\/www.nova-groupe.fr\/fr\/foire-de-barcelonnette-st-michel\/#primaryimage\"},\"image\":{\"@id\":\"https:\/\/www.nova-groupe.fr\/fr\/foire-de-barcelonnette-st-michel\/#primaryimage\"},\"thumbnailUrl\":\"https:\/\/www.nova-groupe.fr\/wp-content\/uploads\/2018\/08\/foire-st-michel-barcelonnette-Copier.jpg\",\"datePublished\":\"2018-09-24T09:35:47+00:00\",\"dateModified\":\"2019-09-25T15:41:00+00:00\",\"author\":{\"@id\":\"https:\/\/www.nova-groupe.fr\/fr\/#\/schema\/person\/914fc2542c7631658cdf6631980b00e6\"},\"description\":\"Samedi 29 Septembre Nova participera \u00e0 la foire de la St Michel \u00e0 Barcelonnette 04400 place Aim\u00e9 Gassier. Venez d\u00e9couvrir nos gammes de mat\u00e9riels Agricole, espaces verts et btp.\",\"breadcrumb\":{\"@id\":\"https:\/\/www.nova-groupe.fr\/fr\/foire-de-barcelonnette-st-michel\/#breadcrumb\"},\"inLanguage\":\"fr-FR\",\"potentialAction\":[{\"@type\":\"ReadAction\",\"target\":[\"https:\/\/www.nova-groupe.fr\/fr\/foire-de-barcelonnette-st-michel\/\"]}]},{\"@type\":\"ImageObject\",\"inLanguage\":\"fr-FR\",\"@id\":\"https:\/\/www.nova-groupe.fr\/fr\/foire-de-barcelonnette-st-michel\/#primaryimage\",\"url\":\"https:\/\/www.nova-groupe.fr\/wp-content\/uploads\/2018\/08\/foire-st-michel-barcelonnette-Copier.jpg\",\"contentUrl\":\"https:\/\/www.nova-groupe.fr\/wp-content\/uploads\/2018\/08\/foire-st-michel-barcelonnette-Copier.jpg\",\"width\":1600,\"height\":840,\"caption\":\"foire st michel barcelonnette 29 septembre 2018\"},{\"@type\":\"BreadcrumbList\",\"@id\":\"https:\/\/www.nova-groupe.fr\/fr\/foire-de-barcelonnette-st-michel\/#breadcrumb\",\"itemListElement\":[{\"@type\":\"ListItem\",\"position\":1,\"name\":\"Accueil\",\"item\":\"https:\/\/www.nova-groupe.fr\/fr\/\"},{\"@type\":\"ListItem\",\"position\":2,\"name\":\"Retrouvez nous \u00e0 la foire de la St Michel \u00e0 Barcelonnette (dept.04) le Samedi 29 Septembre\"}]},{\"@type\":\"WebSite\",\"@id\":\"https:\/\/www.nova-groupe.fr\/fr\/#website\",\"url\":\"https:\/\/www.nova-groupe.fr\/fr\/\",\"name\":\"Nova-Groupe\",\"description\":\"Vente et location de mat\u00e9riel agricole, BTP, espaces verts et environnement\",\"potentialAction\":[{\"@type\":\"SearchAction\",\"target\":{\"@type\":\"EntryPoint\",\"urlTemplate\":\"https:\/\/www.nova-groupe.fr\/fr\/?s={search_term_string}\"},\"query-input\":{\"@type\":\"PropertyValueSpecification\",\"valueRequired\":true,\"valueName\":\"search_term_string\"}}],\"inLanguage\":\"fr-FR\"},{\"@type\":\"Person\",\"@id\":\"https:\/\/www.nova-groupe.fr\/fr\/#\/schema\/person\/914fc2542c7631658cdf6631980b00e6\",\"name\":\"Camille Zammit\",\"image\":{\"@type\":\"ImageObject\",\"inLanguage\":\"fr-FR\",\"@id\":\"https:\/\/secure.gravatar.com\/avatar\/0aa14d93c1a779e5d4dc40013b1fad108020ae901341f326debe748d1ec71daf?s=96&d=mm&r=g\",\"url\":\"https:\/\/secure.gravatar.com\/avatar\/0aa14d93c1a779e5d4dc40013b1fad108020ae901341f326debe748d1ec71daf?s=96&d=mm&r=g\",\"contentUrl\":\"https:\/\/secure.gravatar.com\/avatar\/0aa14d93c1a779e5d4dc40013b1fad108020ae901341f326debe748d1ec71daf?s=96&d=mm&r=g\",\"caption\":\"Camille Zammit\"}}]}<\/script>\n<!-- \/ Yoast SEO plugin. -->","yoast_head_json":{"title":"Foire de Barcelonnette Septembre 2018. D\u00e9couvrez notre gamme Agricole","description":"Samedi 29 Septembre Nova participera \u00e0 la foire de la St Michel \u00e0 Barcelonnette 04400 place Aim\u00e9 Gassier. Venez d\u00e9couvrir nos gammes de mat\u00e9riels Agricole, espaces verts et btp.","robots":{"index":"index","follow":"follow","max-snippet":"max-snippet:-1","max-image-preview":"max-image-preview:large","max-video-preview":"max-video-preview:-1"},"canonical":"https:\/\/www.nova-groupe.fr\/fr\/foire-de-barcelonnette-st-michel\/","og_locale":"fr_FR","og_type":"article","og_title":"Foire de Barcelonnette Septembre 2018. D\u00e9couvrez notre gamme Agricole","og_description":"Samedi 29 Septembre Nova participera \u00e0 la foire de la St Michel \u00e0 Barcelonnette 04400 place Aim\u00e9 Gassier. Venez d\u00e9couvrir nos gammes de mat\u00e9riels Agricole, espaces verts et btp.","og_url":"https:\/\/www.nova-groupe.fr\/fr\/foire-de-barcelonnette-st-michel\/","og_site_name":"Nova-Groupe","article_publisher":"https:\/\/www.facebook.com\/Nova-Groupe-170173286757302\/","article_published_time":"2018-09-24T09:35:47+00:00","article_modified_time":"2019-09-25T15:41:00+00:00","og_image":[{"width":1600,"height":840,"url":"https:\/\/www.nova-groupe.fr\/wp-content\/uploads\/2018\/08\/foire-st-michel-barcelonnette-Copier.jpg","type":"image\/jpeg"}],"author":"Camille Zammit","twitter_card":"summary_large_image","twitter_misc":{"\u00c9crit par":"Camille Zammit","Dur\u00e9e de lecture estim\u00e9e":"1 minute"},"schema":{"@context":"https:\/\/schema.org","@graph":[{"@type":"Article","@id":"https:\/\/www.nova-groupe.fr\/fr\/foire-de-barcelonnette-st-michel\/#article","isPartOf":{"@id":"https:\/\/www.nova-groupe.fr\/fr\/foire-de-barcelonnette-st-michel\/"},"author":{"name":"Camille Zammit","@id":"https:\/\/www.nova-groupe.fr\/fr\/#\/schema\/person\/914fc2542c7631658cdf6631980b00e6"},"headline":"Retrouvez nous \u00e0 la foire de la St Michel \u00e0 Barcelonnette (dept.04) le Samedi 29 Septembre","datePublished":"2018-09-24T09:35:47+00:00","dateModified":"2019-09-25T15:41:00+00:00","mainEntityOfPage":{"@id":"https:\/\/www.nova-groupe.fr\/fr\/foire-de-barcelonnette-st-michel\/"},"wordCount":164,"commentCount":0,"image":{"@id":"https:\/\/www.nova-groupe.fr\/fr\/foire-de-barcelonnette-st-michel\/#primaryimage"},"thumbnailUrl":"https:\/\/www.nova-groupe.fr\/wp-content\/uploads\/2018\/08\/foire-st-michel-barcelonnette-Copier.jpg","keywords":["alpes","barcelonnette","evenement","exposition","foire saint michel","materiel"],"articleSection":["Non classifi\u00e9(e)"],"inLanguage":"fr-FR","potentialAction":[{"@type":"CommentAction","name":"Comment","target":["https:\/\/www.nova-groupe.fr\/fr\/foire-de-barcelonnette-st-michel\/#respond"]}]},{"@type":"WebPage","@id":"https:\/\/www.nova-groupe.fr\/fr\/foire-de-barcelonnette-st-michel\/","url":"https:\/\/www.nova-groupe.fr\/fr\/foire-de-barcelonnette-st-michel\/","name":"Foire de Barcelonnette Septembre 2018. D\u00e9couvrez notre gamme Agricole","isPartOf":{"@id":"https:\/\/www.nova-groupe.fr\/fr\/#website"},"primaryImageOfPage":{"@id":"https:\/\/www.nova-groupe.fr\/fr\/foire-de-barcelonnette-st-michel\/#primaryimage"},"image":{"@id":"https:\/\/www.nova-groupe.fr\/fr\/foire-de-barcelonnette-st-michel\/#primaryimage"},"thumbnailUrl":"https:\/\/www.nova-groupe.fr\/wp-content\/uploads\/2018\/08\/foire-st-michel-barcelonnette-Copier.jpg","datePublished":"2018-09-24T09:35:47+00:00","dateModified":"2019-09-25T15:41:00+00:00","author":{"@id":"https:\/\/www.nova-groupe.fr\/fr\/#\/schema\/person\/914fc2542c7631658cdf6631980b00e6"},"description":"Samedi 29 Septembre Nova participera \u00e0 la foire de la St Michel \u00e0 Barcelonnette 04400 place Aim\u00e9 Gassier. Venez d\u00e9couvrir nos gammes de mat\u00e9riels Agricole, espaces verts et btp.","breadcrumb":{"@id":"https:\/\/www.nova-groupe.fr\/fr\/foire-de-barcelonnette-st-michel\/#breadcrumb"},"inLanguage":"fr-FR","potentialAction":[{"@type":"ReadAction","target":["https:\/\/www.nova-groupe.fr\/fr\/foire-de-barcelonnette-st-michel\/"]}]},{"@type":"ImageObject","inLanguage":"fr-FR","@id":"https:\/\/www.nova-groupe.fr\/fr\/foire-de-barcelonnette-st-michel\/#primaryimage","url":"https:\/\/www.nova-groupe.fr\/wp-content\/uploads\/2018\/08\/foire-st-michel-barcelonnette-Copier.jpg","contentUrl":"https:\/\/www.nova-groupe.fr\/wp-content\/uploads\/2018\/08\/foire-st-michel-barcelonnette-Copier.jpg","width":1600,"height":840,"caption":"foire st michel barcelonnette 29 septembre 2018"},{"@type":"BreadcrumbList","@id":"https:\/\/www.nova-groupe.fr\/fr\/foire-de-barcelonnette-st-michel\/#breadcrumb","itemListElement":[{"@type":"ListItem","position":1,"name":"Accueil","item":"https:\/\/www.nova-groupe.fr\/fr\/"},{"@type":"ListItem","position":2,"name":"Retrouvez nous \u00e0 la foire de la St Michel \u00e0 Barcelonnette (dept.04) le Samedi 29 Septembre"}]},{"@type":"WebSite","@id":"https:\/\/www.nova-groupe.fr\/fr\/#website","url":"https:\/\/www.nova-groupe.fr\/fr\/","name":"Nova-Groupe","description":"Vente et location de mat\u00e9riel agricole, BTP, espaces verts et environnement","potentialAction":[{"@type":"SearchAction","target":{"@type":"EntryPoint","urlTemplate":"https:\/\/www.nova-groupe.fr\/fr\/?s={search_term_string}"},"query-input":{"@type":"PropertyValueSpecification","valueRequired":true,"valueName":"search_term_string"}}],"inLanguage":"fr-FR"},{"@type":"Person","@id":"https:\/\/www.nova-groupe.fr\/fr\/#\/schema\/person\/914fc2542c7631658cdf6631980b00e6","name":"Camille Zammit","image":{"@type":"ImageObject","inLanguage":"fr-FR","@id":"https:\/\/secure.gravatar.com\/avatar\/0aa14d93c1a779e5d4dc40013b1fad108020ae901341f326debe748d1ec71daf?s=96&d=mm&r=g","url":"https:\/\/secure.gravatar.com\/avatar\/0aa14d93c1a779e5d4dc40013b1fad108020ae901341f326debe748d1ec71daf?s=96&d=mm&r=g","contentUrl":"https:\/\/secure.gravatar.com\/avatar\/0aa14d93c1a779e5d4dc40013b1fad108020ae901341f326debe748d1ec71daf?s=96&d=mm&r=g","caption":"Camille Zammit"}}]}},"_links":{"self":[{"href":"https:\/\/www.nova-groupe.fr\/fr\/wp-json\/wp\/v2\/posts\/10877","targetHints":{"allow":["GET"]}}],"collection":[{"href":"https:\/\/www.nova-groupe.fr\/fr\/wp-json\/wp\/v2\/posts"}],"about":[{"href":"https:\/\/www.nova-groupe.fr\/fr\/wp-json\/wp\/v2\/types\/post"}],"author":[{"embeddable":true,"href":"https:\/\/www.nova-groupe.fr\/fr\/wp-json\/wp\/v2\/users\/3"}],"replies":[{"embeddable":true,"href":"https:\/\/www.nova-groupe.fr\/fr\/wp-json\/wp\/v2\/comments?post=10877"}],"version-history":[{"count":0,"href":"https:\/\/www.nova-groupe.fr\/fr\/wp-json\/wp\/v2\/posts\/10877\/revisions"}],"wp:featuredmedia":[{"embeddable":true,"href":"https:\/\/www.nova-groupe.fr\/fr\/wp-json\/wp\/v2\/media\/10878"}],"wp:attachment":[{"href":"https:\/\/www.nova-groupe.fr\/fr\/wp-json\/wp\/v2\/media?parent=10877"}],"wp:term":[{"taxonomy":"category","embeddable":true,"href":"https:\/\/www.nova-groupe.fr\/fr\/wp-json\/wp\/v2\/categories?post=10877"},{"taxonomy":"post_tag","embeddable":true,"href":"https:\/\/www.nova-groupe.fr\/fr\/wp-json\/wp\/v2\/tags?post=10877"}],"curies":[{"name":"wp","href":"https:\/\/api.w.org\/{rel}","templated":true}]}}