{"id":10883,"date":"2018-09-04T11:35:50","date_gmt":"2018-09-04T09:35:50","guid":{"rendered":"https:\/\/www.nova-groupe.fr\/?p=10883"},"modified":"2020-12-08T14:58:44","modified_gmt":"2020-12-08T13:58:44","slug":"offre-de-rentree-automne-stihl-nova","status":"publish","type":"post","link":"https:\/\/www.nova-groupe.fr\/fr\/offre-de-rentree-automne-stihl-nova\/","title":{"rendered":"Offres de rentr\u00e9e STIHL chez NOVA ! 2\u00e8me batterie offerte* , -50% sur la 2\u00e8me chaine de tron\u00e7onneuse !"},"content":{"rendered":"<div id=\"pl-10883\"  class=\"panel-layout\" >\n<div id=\"pg-10883-0\"  class=\"panel-grid panel-no-style\" >\n<div id=\"pgc-10883-0-0\"  class=\"panel-grid-cell\"  data-weight=\"1\" >\n<div id=\"panel-10883-0-0-0\" class=\"so-panel widget widget_sow-editor panel-first-child panel-last-child\" data-index=\"0\" data-style=\"{&quot;background_image_attachment&quot;:false,&quot;background_display&quot;:&quot;tile&quot;}\" >\n<div class=\"so-widget-sow-editor so-widget-sow-editor-base\">\n<div class=\"siteorigin-widget-tinymce textwidget\">\n<div class=\"_5pbx userContent _3576\" data-ft=\"{&quot;tn&quot;:&quot;K&quot;}\">\n<h1>Offre de rentr\u00e9e dans votre agence NOVA.<\/h1>\n<p><img decoding=\"async\" class=\"alignnone wp-image-10911 size-large\" src=\"https:\/\/www.nova-groupe.fr\/wp-content\/uploads\/2018\/09\/doublez-votre-autonomie-1024x470.jpg\" alt=\"doublez votre autonomie\" width=\"1024\" height=\"470\" srcset=\"https:\/\/www.nova-groupe.fr\/wp-content\/uploads\/2018\/09\/doublez-votre-autonomie-1024x470.jpg 1024w, https:\/\/www.nova-groupe.fr\/wp-content\/uploads\/2018\/09\/doublez-votre-autonomie-300x138.jpg 300w, https:\/\/www.nova-groupe.fr\/wp-content\/uploads\/2018\/09\/doublez-votre-autonomie-768x352.jpg 768w, https:\/\/www.nova-groupe.fr\/wp-content\/uploads\/2018\/09\/doublez-votre-autonomie.jpg 1360w\" sizes=\"(max-width: 1024px) 100vw, 1024px\" \/><\/p>\n<h2>La 2\u00e8me batterie offerte !*<\/h2>\n<\/div>\n<p>*Une batterie suppl\u00e9mentaire offerte pour tout achat d\u2019une <a href=\"https:\/\/nova.stihl-revendeur.fr\/fr-fr\/produit\/72ff5769-b028-46cf-8326-2d65334cbcba\/msa-120-c-bq-pack-complet\/\" target=\"_blank\" rel=\"noopener noreferrer\">tron\u00e7onneuse MSA120CBQ<\/a> en pack (avec un chargeur et une batterie) <strong>au tarif exceptionnel de 289\u20ac ttc<\/strong> au lieu de 309\u20ac ttc jusqu&rsquo;au 31\/12\/2018.<\/p>\n<p><img decoding=\"async\" class=\"alignnone wp-image-10900 size-medium\" src=\"https:\/\/www.nova-groupe.fr\/wp-content\/uploads\/2018\/09\/msa120-offre-300x179.jpg\" alt=\"tron\u00e7onneuse MSA120 offre prix promotion\" width=\"300\" height=\"179\" srcset=\"https:\/\/www.nova-groupe.fr\/wp-content\/uploads\/2018\/09\/msa120-offre-300x179.jpg 300w, https:\/\/www.nova-groupe.fr\/wp-content\/uploads\/2018\/09\/msa120-offre.jpg 616w\" sizes=\"(max-width: 300px) 100vw, 300px\" \/><img decoding=\"async\" class=\"alignnone wp-image-10903 \" src=\"https:\/\/www.nova-groupe.fr\/wp-content\/uploads\/2018\/09\/batterie-offerte-243x300.jpg\" alt=\"batterie offerte\" width=\"203\" height=\"251\" srcset=\"https:\/\/www.nova-groupe.fr\/wp-content\/uploads\/2018\/09\/batterie-offerte-243x300.jpg 243w, https:\/\/www.nova-groupe.fr\/wp-content\/uploads\/2018\/09\/batterie-offerte-260x320.jpg 260w, https:\/\/www.nova-groupe.fr\/wp-content\/uploads\/2018\/09\/batterie-offerte.jpg 464w\" sizes=\"(max-width: 203px) 100vw, 203px\" \/><\/p>\n<p>Cette tron\u00e7onneuse est tr\u00e8s l\u00e9g\u00e8re (3,7 kg avec batterie) et ultra performante gr\u00e2ce \u00e0 sa technologie batterie 36V Lithium-Ion.<\/p>\n<p>Elle est id\u00e9ale pour l\u2019entretien du jardin et la coupe de bois de chauffage.<\/p>\n<p>Pratique : elle est silencieuse et ne n\u00e9cessite donc pas de protections auditives.<\/p>\n<p>Offre valable du 1er septembre au 31 d\u00e9cembre 2018. Voir conditions dans votre agence Nova.<\/p>\n<p><iframe src=\"https:\/\/www.youtube.com\/embed\/14ZoUn62gvI\" width=\"560\" height=\"315\" frameborder=\"0\" allowfullscreen=\"allowfullscreen\"><\/iframe><\/p>\n<hr \/>\n<div class=\"_5pbx userContent _3576\" data-ft=\"{&quot;tn&quot;:&quot;K&quot;}\">\n<h2>La 2\u00e8me batterie offerte !*<\/h2>\n<\/div>\n<p>*Une batterie suppl\u00e9mentaire offerte pour tout achat d\u2019un <a href=\"https:\/\/nova.stihl-revendeur.fr\/fr-fr\/produit\/a0dbd5e7-303d-4c5b-b9c1-f466053b7dc9\/hsa-56-pack-complet\/\" target=\"_blank\" rel=\"noopener noreferrer\">taille haies HSA56<\/a> en pack (avec un chargeur et une batterie) <strong>au tarif exceptionnel de 239\u20ac ttc<\/strong> au lieu de 259\u20ac ttc<\/p>\n<p><img decoding=\"async\" class=\"alignnone wp-image-10899 size-medium\" src=\"https:\/\/www.nova-groupe.fr\/wp-content\/uploads\/2018\/09\/hsa56-offre-300x166.jpg\" alt=\"taille haies hsa56 offre prix promotion\" width=\"300\" height=\"166\" srcset=\"https:\/\/www.nova-groupe.fr\/wp-content\/uploads\/2018\/09\/hsa56-offre-300x166.jpg 300w, https:\/\/www.nova-groupe.fr\/wp-content\/uploads\/2018\/09\/hsa56-offre.jpg 669w\" sizes=\"(max-width: 300px) 100vw, 300px\" \/><img decoding=\"async\" class=\"alignnone wp-image-10903 \" src=\"https:\/\/www.nova-groupe.fr\/wp-content\/uploads\/2018\/09\/batterie-offerte-243x300.jpg\" alt=\"batterie offerte\" width=\"203\" height=\"251\" srcset=\"https:\/\/www.nova-groupe.fr\/wp-content\/uploads\/2018\/09\/batterie-offerte-243x300.jpg 243w, https:\/\/www.nova-groupe.fr\/wp-content\/uploads\/2018\/09\/batterie-offerte-260x320.jpg 260w, https:\/\/www.nova-groupe.fr\/wp-content\/uploads\/2018\/09\/batterie-offerte.jpg 464w\" sizes=\"(max-width: 203px) 100vw, 203px\" \/><\/p>\n<p>Ce taille haies sans fil est tr\u00e8s performant gr\u00e2ce \u00e0 sa technologie batterie 36V Lithium-Ion.<\/p>\n<p>Il dispose d&rsquo;un grand lamier double lame de 45cm avec protection anti-coupure int\u00e9gr\u00e9e.<\/p>\n<p>Tr\u00e8s silencieux, il n&rsquo;exige aucune protection auditive.<\/p>\n<p>Offre valable du 1er septembre au 31 d\u00e9cembre 2018. Voir conditions dans votre agence Nova.<\/p>\n<p><iframe src=\"https:\/\/www.youtube.com\/embed\/lAPiu9RVOQ0\" width=\"560\" height=\"315\" frameborder=\"0\" allowfullscreen=\"allowfullscreen\"><\/iframe><\/p>\n<p>&nbsp;<\/p>\n<hr \/>\n<h2><a id=\"chaine\"><\/a>&#8211; 50% de remise sur la 2\u00e8me chaine !<\/h2>\n<p><img decoding=\"async\" class=\"alignnone wp-image-10906\" src=\"https:\/\/www.nova-groupe.fr\/wp-content\/uploads\/2018\/09\/NOV-STIHL-2018-Copier-1024x512.jpg\" alt=\"-50% de remise sur la 2eme chaine tronconneuse\" width=\"1000\" height=\"500\" srcset=\"https:\/\/www.nova-groupe.fr\/wp-content\/uploads\/2018\/09\/NOV-STIHL-2018-Copier-1024x512.jpg 1024w, https:\/\/www.nova-groupe.fr\/wp-content\/uploads\/2018\/09\/NOV-STIHL-2018-Copier-300x150.jpg 300w, https:\/\/www.nova-groupe.fr\/wp-content\/uploads\/2018\/09\/NOV-STIHL-2018-Copier-768x384.jpg 768w, https:\/\/www.nova-groupe.fr\/wp-content\/uploads\/2018\/09\/NOV-STIHL-2018-Copier.jpg 1600w\" sizes=\"(max-width: 1000px) 100vw, 1000px\" \/><\/p>\n<p>Du 1er au 29 Septembre, profitez d&rsquo;une <strong>remise de -50%<\/strong> sur la 2\u00e8me chaine de tron\u00e7onneuse achet\u00e9e.<\/p>\n<p><a href=\"https:\/\/nova.stihl-revendeur.fr\/fr-fr\/stihl\/fr-fr-4663\/tronconneuses\/#\/tags\/chaines\" target=\"_blank\" rel=\"noopener noreferrer\">Les chaines de tron\u00e7onneuses STIHL<\/a> sont dignes d&rsquo;un v\u00e9ritable travail d&rsquo;horlogerie. <a href=\"https:\/\/www.stihl.fr\/chaines-stihl.aspx\" target=\"_blank\" rel=\"noopener noreferrer\">Elles sont d\u00e9velopp\u00e9es et fabriqu\u00e9es en Suisse<\/a>.<\/p>\n<hr \/>\n<p>Feuilletez notre catalogue en ligne AUTOMNE 2018<\/p>\n<div style=\"text-align: center;\">\n<div style=\"margin: 8px 0px 4px;\"><a href=\"https:\/\/www.calameo.com\/books\/0055451647dac97f10bbd\" target=\"_blank\" rel=\"noopener noreferrer\">Catalogue NOVA STIHL OFFRES AUTOMNE 2018<\/a><\/div>\n<p><iframe style=\"margin: 0 auto;\" src=\"\/\/v.calameo.com\/?bkcode=0055451647dac97f10bbd\" width=\"800\" height=\"800\" frameborder=\"0\" scrolling=\"no\" allowfullscreen=\"allowfullscreen\"><\/iframe><\/p>\n<div style=\"margin: 4px 0px 8px;\"><\/div>\n<\/div>\n<div class=\"_5pbx userContent _3576\" data-ft=\"{&quot;tn&quot;:&quot;K&quot;}\">\n<p>Rendez-vous vite dans votre <strong>magasin NOVA le plus proche<\/strong> pour profiter de cette offre: <a href=\"http:\/\/www.nova-groupe.fr\/fr\/nos-agences\" target=\"_blank\" rel=\"nofollow noopener noreferrer\" data-ft=\"{&quot;tn&quot;:&quot;-U&quot;}\" data-lynx-mode=\"async\" data-lynx-uri=\"https:\/\/l.facebook.com\/l.php?u=http%3A%2F%2Fwww.nova-groupe.fr%2Ffr%2Fnos-agences&amp;h=ATN8hrijmtAwtfHXzXicM93ZtZNp49Has4VX1h1h1LOzg4YCntxJBXRQXzxbSJAyF7xa5aJTl43IHfoEhoHaTiq4EImBp6hwcC-ZyqN3O2Ns7TTkrbTpitRm4PQ0aYOSLsQf4cp4dnvEzA5wydaiqA\">www.nova-groupe.fr\/fr\/nos-agences<\/a><\/p>\n<p>Retrouvez toutes nos <strong>promotions mat\u00e9riels espaces verts d&rsquo;automne<\/strong> en cours sur notre <strong>site de r\u00e9servation de commande STIHL<\/strong>: <a href=\"https:\/\/nova.stihl-revendeur.fr\/fr-fr\/promotions\" target=\"_blank\" rel=\"noopener noreferrer\">https:\/\/nova.stihl-revendeur.fr\/fr-fr\/promotions<\/a><\/p>\n<hr \/>\n<div id=\"pg-9082-1\" class=\"panel-grid panel-has-style\" data-style=\"{&quot;padding&quot;:&quot;3% 0% 2% 0%&quot;,&quot;background&quot;:&quot;#f3f2eb&quot;,&quot;background_display&quot;:&quot;tile&quot;,&quot;lsow_dark_bg&quot;:&quot;&quot;,&quot;row_stretch&quot;:&quot;full&quot;}\">\n<div class=\"siteorigin-panels-stretch panel-row-style panel-row-style-for-9082-1\" data-stretch-type=\"full\">\n<div id=\"pgc-9082-1-0\" class=\"panel-grid-cell\" data-weight=\"1\">\n<div id=\"panel-9082-1-0-0\" class=\"so-panel widget widget_sow-post-carousel panel-first-child panel-last-child\" data-index=\"3\" data-style=\"{&quot;background_display&quot;:&quot;tile&quot;}\">\n<\/div>\n<\/div>\n<\/div>\n<\/div>\n<div id=\"pg-9082-2\" class=\"panel-grid panel-has-style\" data-style=\"{&quot;background_display&quot;:&quot;tile&quot;,&quot;lsow_dark_bg&quot;:&quot;&quot;,&quot;row_stretch&quot;:&quot;full-stretched&quot;,&quot;cell_alignment&quot;:&quot;flex-start&quot;}\">\n<div class=\"siteorigin-panels-stretch panel-row-style panel-row-style-for-9082-2\" data-stretch-type=\"full-stretched\">\n<div id=\"pgc-9082-2-0\" class=\"panel-grid-cell\" data-weight=\"1\">\n<div id=\"panel-9082-2-0-0\" class=\"so-panel widget widget_sow-image panel-first-child panel-last-child\" data-index=\"4\" data-style=\"{&quot;background_display&quot;:&quot;tile&quot;}\"><\/div>\n<\/div>\n<\/div>\n<\/div>\n<\/div>\n<\/div>\n<\/div>\n<\/div>\n<\/div>\n<\/div>\n<\/div>\n","protected":false},"excerpt":{"rendered":"<p>Offre de rentr\u00e9e dans votre agence NOVA. La 2\u00e8me batterie offerte !* *Une batterie suppl\u00e9mentaire offerte pour tout achat d\u2019une tron\u00e7onneuse MSA120CBQ en pack (avec un chargeur et une batterie) au tarif exceptionnel de 289\u20ac ttc au lieu de 309\u20ac ttc jusqu&rsquo;au 31\/12\/2018. Cette tron\u00e7onneuse est tr\u00e8s l\u00e9g\u00e8re (3,7 kg avec batterie) et ultra performante [&hellip;]<\/p>\n","protected":false},"author":3,"featured_media":10908,"comment_status":"open","ping_status":"closed","sticky":false,"template":"","format":"image","meta":{"_acf_changed":false,"_et_pb_use_builder":"","_et_pb_old_content":"","_et_gb_content_width":"","om_disable_all_campaigns":false,"_monsterinsights_skip_tracking":false,"_monsterinsights_sitenote_active":false,"_monsterinsights_sitenote_note":"","_monsterinsights_sitenote_category":0,"_uf_show_specific_survey":0,"_uf_disable_surveys":false,"footnotes":""},"categories":[1,1366],"tags":[936,1455,1186,1453,1368,1457,848,1394,1134,854,1244],"class_list":["post-10883","post","type-post","status-publish","format-image","has-post-thumbnail","hentry","category-non-classifiee","category-promotions","tag-cadeau","tag-espaces-verts","tag-jardin","tag-jardinier","tag-pas-cher","tag-paysagiste","tag-promotion","tag-remise","tag-taille-haie","tag-tronconneuse","tag-vente","post_format-post-format-image"],"acf":[],"yoast_head":"<!-- This site is optimized with the Yoast SEO plugin v27.2 - https:\/\/yoast.com\/product\/yoast-seo-wordpress\/ -->\n<title>Offre rentr\u00e9e STIHL sur tron\u00e7onneuse, taille haie, chaine de tron\u00e7onneuse<\/title>\n<meta name=\"description\" content=\"B\u00e9n\u00e9ficiez d&#039;une remise exceptionnelle de 20\u20ac sur la TRON\u00c7ONNEUSE sans fil MSA120 en pack et d&#039;une 2eme BATTERIE OFFERTE ! B\u00e9n\u00e9ficiez d&#039;une remise exceptionnelle de 20\u20ac sur le TAILLE HAIES sans fil HSA56 en pack et d&#039;une 2eme BATTERIE OFFERTE ! C&#039;est le grand nettoyage d&#039;automne chez Nova PACA .\" \/>\n<meta name=\"robots\" content=\"index, follow, max-snippet:-1, max-image-preview:large, max-video-preview:-1\" \/>\n<link rel=\"canonical\" href=\"https:\/\/www.nova-groupe.fr\/fr\/offre-de-rentree-automne-stihl-nova\/\" \/>\n<meta property=\"og:locale\" content=\"fr_FR\" \/>\n<meta property=\"og:type\" content=\"article\" \/>\n<meta property=\"og:title\" content=\"Offre rentr\u00e9e STIHL sur tron\u00e7onneuse, taille haie, chaine de tron\u00e7onneuse\" \/>\n<meta property=\"og:description\" content=\"B\u00e9n\u00e9ficiez d&#039;une remise exceptionnelle de 20\u20ac sur la TRON\u00c7ONNEUSE sans fil MSA120 en pack et d&#039;une 2eme BATTERIE OFFERTE ! B\u00e9n\u00e9ficiez d&#039;une remise exceptionnelle de 20\u20ac sur le TAILLE HAIES sans fil HSA56 en pack et d&#039;une 2eme BATTERIE OFFERTE ! C&#039;est le grand nettoyage d&#039;automne chez Nova PACA .\" \/>\n<meta property=\"og:url\" content=\"https:\/\/www.nova-groupe.fr\/fr\/offre-de-rentree-automne-stihl-nova\/\" \/>\n<meta property=\"og:site_name\" content=\"Nova-Groupe\" \/>\n<meta property=\"article:publisher\" content=\"https:\/\/www.facebook.com\/Nova-Groupe-170173286757302\/\" \/>\n<meta property=\"article:published_time\" content=\"2018-09-04T09:35:50+00:00\" \/>\n<meta property=\"article:modified_time\" content=\"2020-12-08T13:58:44+00:00\" \/>\n<meta property=\"og:image\" content=\"https:\/\/www.nova-groupe.fr\/wp-content\/uploads\/2018\/09\/offre-batterie-supp-automne-2018-Copier-848x425.jpg\" \/>\n\t<meta property=\"og:image:width\" content=\"848\" \/>\n\t<meta property=\"og:image:height\" content=\"425\" \/>\n\t<meta property=\"og:image:type\" content=\"image\/jpeg\" \/>\n<meta name=\"author\" content=\"Camille Zammit\" \/>\n<meta name=\"twitter:card\" content=\"summary_large_image\" \/>\n<meta name=\"twitter:label1\" content=\"\u00c9crit par\" \/>\n\t<meta name=\"twitter:data1\" content=\"Camille Zammit\" \/>\n\t<meta name=\"twitter:label2\" content=\"Dur\u00e9e de lecture estim\u00e9e\" \/>\n\t<meta name=\"twitter:data2\" content=\"2 minutes\" \/>\n<script type=\"application\/ld+json\" class=\"yoast-schema-graph\">{\"@context\":\"https:\/\/schema.org\",\"@graph\":[{\"@type\":\"Article\",\"@id\":\"https:\/\/www.nova-groupe.fr\/fr\/offre-de-rentree-automne-stihl-nova\/#article\",\"isPartOf\":{\"@id\":\"https:\/\/www.nova-groupe.fr\/fr\/offre-de-rentree-automne-stihl-nova\/\"},\"author\":{\"name\":\"Camille Zammit\",\"@id\":\"https:\/\/www.nova-groupe.fr\/fr\/#\/schema\/person\/914fc2542c7631658cdf6631980b00e6\"},\"headline\":\"Offres de rentr\u00e9e STIHL chez NOVA ! 2\u00e8me batterie offerte* , -50% sur la 2\u00e8me chaine de tron\u00e7onneuse !\",\"datePublished\":\"2018-09-04T09:35:50+00:00\",\"dateModified\":\"2020-12-08T13:58:44+00:00\",\"mainEntityOfPage\":{\"@id\":\"https:\/\/www.nova-groupe.fr\/fr\/offre-de-rentree-automne-stihl-nova\/\"},\"wordCount\":326,\"commentCount\":0,\"image\":{\"@id\":\"https:\/\/www.nova-groupe.fr\/fr\/offre-de-rentree-automne-stihl-nova\/#primaryimage\"},\"thumbnailUrl\":\"https:\/\/www.nova-groupe.fr\/wp-content\/uploads\/2018\/09\/offre-batterie-supp-automne-2018-Copier-848x425.jpg\",\"keywords\":[\"cadeau\",\"espaces verts\",\"jardin\",\"jardinier\",\"pas cher\",\"paysagiste\",\"promotion\",\"remise\",\"taille haie\",\"tronconneuse\",\"vente\"],\"articleSection\":[\"Non classifi\u00e9(e)\",\"PROMOTIONS\"],\"inLanguage\":\"fr-FR\",\"potentialAction\":[{\"@type\":\"CommentAction\",\"name\":\"Comment\",\"target\":[\"https:\/\/www.nova-groupe.fr\/fr\/offre-de-rentree-automne-stihl-nova\/#respond\"]}]},{\"@type\":\"WebPage\",\"@id\":\"https:\/\/www.nova-groupe.fr\/fr\/offre-de-rentree-automne-stihl-nova\/\",\"url\":\"https:\/\/www.nova-groupe.fr\/fr\/offre-de-rentree-automne-stihl-nova\/\",\"name\":\"Offre rentr\u00e9e STIHL sur tron\u00e7onneuse, taille haie, chaine de tron\u00e7onneuse\",\"isPartOf\":{\"@id\":\"https:\/\/www.nova-groupe.fr\/fr\/#website\"},\"primaryImageOfPage\":{\"@id\":\"https:\/\/www.nova-groupe.fr\/fr\/offre-de-rentree-automne-stihl-nova\/#primaryimage\"},\"image\":{\"@id\":\"https:\/\/www.nova-groupe.fr\/fr\/offre-de-rentree-automne-stihl-nova\/#primaryimage\"},\"thumbnailUrl\":\"https:\/\/www.nova-groupe.fr\/wp-content\/uploads\/2018\/09\/offre-batterie-supp-automne-2018-Copier-848x425.jpg\",\"datePublished\":\"2018-09-04T09:35:50+00:00\",\"dateModified\":\"2020-12-08T13:58:44+00:00\",\"author\":{\"@id\":\"https:\/\/www.nova-groupe.fr\/fr\/#\/schema\/person\/914fc2542c7631658cdf6631980b00e6\"},\"description\":\"B\u00e9n\u00e9ficiez d'une remise exceptionnelle de 20\u20ac sur la TRON\u00c7ONNEUSE sans fil MSA120 en pack et d'une 2eme BATTERIE OFFERTE ! B\u00e9n\u00e9ficiez d'une remise exceptionnelle de 20\u20ac sur le TAILLE HAIES sans fil HSA56 en pack et d'une 2eme BATTERIE OFFERTE ! C'est le grand nettoyage d'automne chez Nova PACA .\",\"breadcrumb\":{\"@id\":\"https:\/\/www.nova-groupe.fr\/fr\/offre-de-rentree-automne-stihl-nova\/#breadcrumb\"},\"inLanguage\":\"fr-FR\",\"potentialAction\":[{\"@type\":\"ReadAction\",\"target\":[\"https:\/\/www.nova-groupe.fr\/fr\/offre-de-rentree-automne-stihl-nova\/\"]}]},{\"@type\":\"ImageObject\",\"inLanguage\":\"fr-FR\",\"@id\":\"https:\/\/www.nova-groupe.fr\/fr\/offre-de-rentree-automne-stihl-nova\/#primaryimage\",\"url\":\"https:\/\/www.nova-groupe.fr\/wp-content\/uploads\/2018\/09\/offre-batterie-supp-automne-2018-Copier-848x425.jpg\",\"contentUrl\":\"https:\/\/www.nova-groupe.fr\/wp-content\/uploads\/2018\/09\/offre-batterie-supp-automne-2018-Copier-848x425.jpg\",\"width\":848,\"height\":425,\"caption\":\"offre-batterie-supp-automne-2018-\"},{\"@type\":\"BreadcrumbList\",\"@id\":\"https:\/\/www.nova-groupe.fr\/fr\/offre-de-rentree-automne-stihl-nova\/#breadcrumb\",\"itemListElement\":[{\"@type\":\"ListItem\",\"position\":1,\"name\":\"Accueil\",\"item\":\"https:\/\/www.nova-groupe.fr\/fr\/\"},{\"@type\":\"ListItem\",\"position\":2,\"name\":\"Offres de rentr\u00e9e STIHL chez NOVA ! 2\u00e8me batterie offerte* , -50% sur la 2\u00e8me chaine de tron\u00e7onneuse !\"}]},{\"@type\":\"WebSite\",\"@id\":\"https:\/\/www.nova-groupe.fr\/fr\/#website\",\"url\":\"https:\/\/www.nova-groupe.fr\/fr\/\",\"name\":\"Nova-Groupe\",\"description\":\"Vente et location de mat\u00e9riel agricole, BTP, espaces verts et environnement\",\"potentialAction\":[{\"@type\":\"SearchAction\",\"target\":{\"@type\":\"EntryPoint\",\"urlTemplate\":\"https:\/\/www.nova-groupe.fr\/fr\/?s={search_term_string}\"},\"query-input\":{\"@type\":\"PropertyValueSpecification\",\"valueRequired\":true,\"valueName\":\"search_term_string\"}}],\"inLanguage\":\"fr-FR\"},{\"@type\":\"Person\",\"@id\":\"https:\/\/www.nova-groupe.fr\/fr\/#\/schema\/person\/914fc2542c7631658cdf6631980b00e6\",\"name\":\"Camille Zammit\",\"image\":{\"@type\":\"ImageObject\",\"inLanguage\":\"fr-FR\",\"@id\":\"https:\/\/secure.gravatar.com\/avatar\/0aa14d93c1a779e5d4dc40013b1fad108020ae901341f326debe748d1ec71daf?s=96&d=mm&r=g\",\"url\":\"https:\/\/secure.gravatar.com\/avatar\/0aa14d93c1a779e5d4dc40013b1fad108020ae901341f326debe748d1ec71daf?s=96&d=mm&r=g\",\"contentUrl\":\"https:\/\/secure.gravatar.com\/avatar\/0aa14d93c1a779e5d4dc40013b1fad108020ae901341f326debe748d1ec71daf?s=96&d=mm&r=g\",\"caption\":\"Camille Zammit\"}}]}<\/script>\n<!-- \/ Yoast SEO plugin. -->","yoast_head_json":{"title":"Offre rentr\u00e9e STIHL sur tron\u00e7onneuse, taille haie, chaine de tron\u00e7onneuse","description":"B\u00e9n\u00e9ficiez d'une remise exceptionnelle de 20\u20ac sur la TRON\u00c7ONNEUSE sans fil MSA120 en pack et d'une 2eme BATTERIE OFFERTE ! B\u00e9n\u00e9ficiez d'une remise exceptionnelle de 20\u20ac sur le TAILLE HAIES sans fil HSA56 en pack et d'une 2eme BATTERIE OFFERTE ! C'est le grand nettoyage d'automne chez Nova PACA .","robots":{"index":"index","follow":"follow","max-snippet":"max-snippet:-1","max-image-preview":"max-image-preview:large","max-video-preview":"max-video-preview:-1"},"canonical":"https:\/\/www.nova-groupe.fr\/fr\/offre-de-rentree-automne-stihl-nova\/","og_locale":"fr_FR","og_type":"article","og_title":"Offre rentr\u00e9e STIHL sur tron\u00e7onneuse, taille haie, chaine de tron\u00e7onneuse","og_description":"B\u00e9n\u00e9ficiez d'une remise exceptionnelle de 20\u20ac sur la TRON\u00c7ONNEUSE sans fil MSA120 en pack et d'une 2eme BATTERIE OFFERTE ! B\u00e9n\u00e9ficiez d'une remise exceptionnelle de 20\u20ac sur le TAILLE HAIES sans fil HSA56 en pack et d'une 2eme BATTERIE OFFERTE ! C'est le grand nettoyage d'automne chez Nova PACA .","og_url":"https:\/\/www.nova-groupe.fr\/fr\/offre-de-rentree-automne-stihl-nova\/","og_site_name":"Nova-Groupe","article_publisher":"https:\/\/www.facebook.com\/Nova-Groupe-170173286757302\/","article_published_time":"2018-09-04T09:35:50+00:00","article_modified_time":"2020-12-08T13:58:44+00:00","og_image":[{"width":848,"height":425,"url":"https:\/\/www.nova-groupe.fr\/wp-content\/uploads\/2018\/09\/offre-batterie-supp-automne-2018-Copier-848x425.jpg","type":"image\/jpeg"}],"author":"Camille Zammit","twitter_card":"summary_large_image","twitter_misc":{"\u00c9crit par":"Camille Zammit","Dur\u00e9e de lecture estim\u00e9e":"2 minutes"},"schema":{"@context":"https:\/\/schema.org","@graph":[{"@type":"Article","@id":"https:\/\/www.nova-groupe.fr\/fr\/offre-de-rentree-automne-stihl-nova\/#article","isPartOf":{"@id":"https:\/\/www.nova-groupe.fr\/fr\/offre-de-rentree-automne-stihl-nova\/"},"author":{"name":"Camille Zammit","@id":"https:\/\/www.nova-groupe.fr\/fr\/#\/schema\/person\/914fc2542c7631658cdf6631980b00e6"},"headline":"Offres de rentr\u00e9e STIHL chez NOVA ! 2\u00e8me batterie offerte* , -50% sur la 2\u00e8me chaine de tron\u00e7onneuse !","datePublished":"2018-09-04T09:35:50+00:00","dateModified":"2020-12-08T13:58:44+00:00","mainEntityOfPage":{"@id":"https:\/\/www.nova-groupe.fr\/fr\/offre-de-rentree-automne-stihl-nova\/"},"wordCount":326,"commentCount":0,"image":{"@id":"https:\/\/www.nova-groupe.fr\/fr\/offre-de-rentree-automne-stihl-nova\/#primaryimage"},"thumbnailUrl":"https:\/\/www.nova-groupe.fr\/wp-content\/uploads\/2018\/09\/offre-batterie-supp-automne-2018-Copier-848x425.jpg","keywords":["cadeau","espaces verts","jardin","jardinier","pas cher","paysagiste","promotion","remise","taille haie","tronconneuse","vente"],"articleSection":["Non classifi\u00e9(e)","PROMOTIONS"],"inLanguage":"fr-FR","potentialAction":[{"@type":"CommentAction","name":"Comment","target":["https:\/\/www.nova-groupe.fr\/fr\/offre-de-rentree-automne-stihl-nova\/#respond"]}]},{"@type":"WebPage","@id":"https:\/\/www.nova-groupe.fr\/fr\/offre-de-rentree-automne-stihl-nova\/","url":"https:\/\/www.nova-groupe.fr\/fr\/offre-de-rentree-automne-stihl-nova\/","name":"Offre rentr\u00e9e STIHL sur tron\u00e7onneuse, taille haie, chaine de tron\u00e7onneuse","isPartOf":{"@id":"https:\/\/www.nova-groupe.fr\/fr\/#website"},"primaryImageOfPage":{"@id":"https:\/\/www.nova-groupe.fr\/fr\/offre-de-rentree-automne-stihl-nova\/#primaryimage"},"image":{"@id":"https:\/\/www.nova-groupe.fr\/fr\/offre-de-rentree-automne-stihl-nova\/#primaryimage"},"thumbnailUrl":"https:\/\/www.nova-groupe.fr\/wp-content\/uploads\/2018\/09\/offre-batterie-supp-automne-2018-Copier-848x425.jpg","datePublished":"2018-09-04T09:35:50+00:00","dateModified":"2020-12-08T13:58:44+00:00","author":{"@id":"https:\/\/www.nova-groupe.fr\/fr\/#\/schema\/person\/914fc2542c7631658cdf6631980b00e6"},"description":"B\u00e9n\u00e9ficiez d'une remise exceptionnelle de 20\u20ac sur la TRON\u00c7ONNEUSE sans fil MSA120 en pack et d'une 2eme BATTERIE OFFERTE ! B\u00e9n\u00e9ficiez d'une remise exceptionnelle de 20\u20ac sur le TAILLE HAIES sans fil HSA56 en pack et d'une 2eme BATTERIE OFFERTE ! C'est le grand nettoyage d'automne chez Nova PACA .","breadcrumb":{"@id":"https:\/\/www.nova-groupe.fr\/fr\/offre-de-rentree-automne-stihl-nova\/#breadcrumb"},"inLanguage":"fr-FR","potentialAction":[{"@type":"ReadAction","target":["https:\/\/www.nova-groupe.fr\/fr\/offre-de-rentree-automne-stihl-nova\/"]}]},{"@type":"ImageObject","inLanguage":"fr-FR","@id":"https:\/\/www.nova-groupe.fr\/fr\/offre-de-rentree-automne-stihl-nova\/#primaryimage","url":"https:\/\/www.nova-groupe.fr\/wp-content\/uploads\/2018\/09\/offre-batterie-supp-automne-2018-Copier-848x425.jpg","contentUrl":"https:\/\/www.nova-groupe.fr\/wp-content\/uploads\/2018\/09\/offre-batterie-supp-automne-2018-Copier-848x425.jpg","width":848,"height":425,"caption":"offre-batterie-supp-automne-2018-"},{"@type":"BreadcrumbList","@id":"https:\/\/www.nova-groupe.fr\/fr\/offre-de-rentree-automne-stihl-nova\/#breadcrumb","itemListElement":[{"@type":"ListItem","position":1,"name":"Accueil","item":"https:\/\/www.nova-groupe.fr\/fr\/"},{"@type":"ListItem","position":2,"name":"Offres de rentr\u00e9e STIHL chez NOVA ! 2\u00e8me batterie offerte* , -50% sur la 2\u00e8me chaine de tron\u00e7onneuse !"}]},{"@type":"WebSite","@id":"https:\/\/www.nova-groupe.fr\/fr\/#website","url":"https:\/\/www.nova-groupe.fr\/fr\/","name":"Nova-Groupe","description":"Vente et location de mat\u00e9riel agricole, BTP, espaces verts et environnement","potentialAction":[{"@type":"SearchAction","target":{"@type":"EntryPoint","urlTemplate":"https:\/\/www.nova-groupe.fr\/fr\/?s={search_term_string}"},"query-input":{"@type":"PropertyValueSpecification","valueRequired":true,"valueName":"search_term_string"}}],"inLanguage":"fr-FR"},{"@type":"Person","@id":"https:\/\/www.nova-groupe.fr\/fr\/#\/schema\/person\/914fc2542c7631658cdf6631980b00e6","name":"Camille Zammit","image":{"@type":"ImageObject","inLanguage":"fr-FR","@id":"https:\/\/secure.gravatar.com\/avatar\/0aa14d93c1a779e5d4dc40013b1fad108020ae901341f326debe748d1ec71daf?s=96&d=mm&r=g","url":"https:\/\/secure.gravatar.com\/avatar\/0aa14d93c1a779e5d4dc40013b1fad108020ae901341f326debe748d1ec71daf?s=96&d=mm&r=g","contentUrl":"https:\/\/secure.gravatar.com\/avatar\/0aa14d93c1a779e5d4dc40013b1fad108020ae901341f326debe748d1ec71daf?s=96&d=mm&r=g","caption":"Camille Zammit"}}]}},"_links":{"self":[{"href":"https:\/\/www.nova-groupe.fr\/fr\/wp-json\/wp\/v2\/posts\/10883","targetHints":{"allow":["GET"]}}],"collection":[{"href":"https:\/\/www.nova-groupe.fr\/fr\/wp-json\/wp\/v2\/posts"}],"about":[{"href":"https:\/\/www.nova-groupe.fr\/fr\/wp-json\/wp\/v2\/types\/post"}],"author":[{"embeddable":true,"href":"https:\/\/www.nova-groupe.fr\/fr\/wp-json\/wp\/v2\/users\/3"}],"replies":[{"embeddable":true,"href":"https:\/\/www.nova-groupe.fr\/fr\/wp-json\/wp\/v2\/comments?post=10883"}],"version-history":[{"count":0,"href":"https:\/\/www.nova-groupe.fr\/fr\/wp-json\/wp\/v2\/posts\/10883\/revisions"}],"wp:featuredmedia":[{"embeddable":true,"href":"https:\/\/www.nova-groupe.fr\/fr\/wp-json\/wp\/v2\/media\/10908"}],"wp:attachment":[{"href":"https:\/\/www.nova-groupe.fr\/fr\/wp-json\/wp\/v2\/media?parent=10883"}],"wp:term":[{"taxonomy":"category","embeddable":true,"href":"https:\/\/www.nova-groupe.fr\/fr\/wp-json\/wp\/v2\/categories?post=10883"},{"taxonomy":"post_tag","embeddable":true,"href":"https:\/\/www.nova-groupe.fr\/fr\/wp-json\/wp\/v2\/tags?post=10883"}],"curies":[{"name":"wp","href":"https:\/\/api.w.org\/{rel}","templated":true}]}}