{"id":10938,"date":"2018-09-17T10:16:35","date_gmt":"2018-09-17T08:16:35","guid":{"rendered":"https:\/\/www.nova-groupe.fr\/?p=10938"},"modified":"2019-09-25T17:41:13","modified_gmt":"2019-09-25T15:41:13","slug":"foire-de-saint-andre-les-alpes","status":"publish","type":"post","link":"https:\/\/www.nova-groupe.fr\/fr\/foire-de-saint-andre-les-alpes\/","title":{"rendered":"Retrouvez nous \u00e0 la foire agricole de Saint Andr\u00e9 les Alpes (dept.04) le Samedi 22 Septembre"},"content":{"rendered":"<h1>Samedi 22 septembre retrouvez-nous \u00e0 la Foire agricole de St Andr\u00e9 les Alpes.<\/h1>\n<h1><img decoding=\"async\" class=\"alignnone wp-image-10939 size-large\" src=\"https:\/\/www.nova-groupe.fr\/wp-content\/uploads\/2018\/08\/foire-st-andr\u00e9-les-alpes-1024x538.jpg\" alt=\"foire st andr\u00e9 les alpes\" width=\"1024\" height=\"538\" srcset=\"https:\/\/www.nova-groupe.fr\/wp-content\/uploads\/2018\/08\/foire-st-andr\u00e9-les-alpes-1024x538.jpg 1024w, https:\/\/www.nova-groupe.fr\/wp-content\/uploads\/2018\/08\/foire-st-andr\u00e9-les-alpes-300x158.jpg 300w, https:\/\/www.nova-groupe.fr\/wp-content\/uploads\/2018\/08\/foire-st-andr\u00e9-les-alpes-768x403.jpg 768w\" sizes=\"(max-width: 1024px) 100vw, 1024px\" \/><\/h1>\n<h2>Rendez-vous place Marcel Pastorelli pour la 35<sup>\u00e8me<\/sup> \u00e9dition de cette foire.<\/h2>\n<p>Ce \u00e9v\u00e8nement contournable de la vall\u00e9e du Verdon est l&rsquo;occasion de rencontrer pr\u00e8s de 250 exposants et 500 ovins, \u00e2nes et volailles.<\/p>\n<p>Le temps d&rsquo;une journ\u00e9e, Saint Andr\u00e9 les Alpes portera haut les couleurs du monde rural et des traditions li\u00e9es \u00e0 la transhumance.<\/p>\n<p>&nbsp;<\/p>\n<p>Plus d&rsquo;informations sur: <a href=\"http:\/\/www.saintandrelesalpes-verdontourisme.com\/fetes_et_manifestations\/foire-agricole-602499\" target=\"_blank\" rel=\"noopener noreferrer\">http:\/\/www.saintandrelesalpes-verdontourisme.com\/fetes_et_manifestations\/foire-agricole-602499<\/a><\/p>\n<p><strong>Comment s&rsquo;y rendre:<\/strong><br \/>\n<iframe style=\"border: 0;\" src=\"https:\/\/www.google.com\/maps\/embed?pb=!1m18!1m12!1m3!1d2871.5656006419845!2d6.50598911550799!3d43.96835157911182!2m3!1f0!2f0!3f0!3m2!1i1024!2i768!4f13.1!3m3!1m2!1s0x12cc73ecb1d6d9e1%3A0x65079d89a54c148e!2sPlace+Marcel+Pastorelli%2C+04170+Saint-Andr%C3%A9-les-Alpes!5e0!3m2!1sfr!2sfr!4v1535354654986\" width=\"600\" height=\"450\" frameborder=\"0\" allowfullscreen=\"allowfullscreen\"><\/iframe><\/p>\n<hr \/>\n<div id=\"pg-9082-1\" class=\"panel-grid panel-has-style\" data-style=\"{&quot;padding&quot;:&quot;3% 0% 2% 0%&quot;,&quot;background&quot;:&quot;#f3f2eb&quot;,&quot;background_display&quot;:&quot;tile&quot;,&quot;lsow_dark_bg&quot;:&quot;&quot;,&quot;row_stretch&quot;:&quot;full&quot;}\">\n<div class=\"siteorigin-panels-stretch panel-row-style panel-row-style-for-9082-1\" data-stretch-type=\"full\">\n<div id=\"pgc-9082-1-0\" class=\"panel-grid-cell\" data-weight=\"1\">\n<div id=\"panel-9082-1-0-0\" class=\"so-panel widget widget_sow-post-carousel panel-first-child panel-last-child\" data-index=\"3\" data-style=\"{&quot;background_display&quot;:&quot;tile&quot;}\">\n<\/div>\n<\/div>\n<\/div>\n<\/div>\n<div id=\"pg-9082-2\" class=\"panel-grid panel-has-style\" data-style=\"{&quot;background_display&quot;:&quot;tile&quot;,&quot;lsow_dark_bg&quot;:&quot;&quot;,&quot;row_stretch&quot;:&quot;full-stretched&quot;,&quot;cell_alignment&quot;:&quot;flex-start&quot;}\">\n<div class=\"siteorigin-panels-stretch panel-row-style panel-row-style-for-9082-2\" data-stretch-type=\"full-stretched\">\n<div id=\"pgc-9082-2-0\" class=\"panel-grid-cell\" data-weight=\"1\">\n<div id=\"panel-9082-2-0-0\" class=\"so-panel widget widget_sow-image panel-first-child panel-last-child\" data-index=\"4\" data-style=\"{&quot;background_display&quot;:&quot;tile&quot;}\"><\/div>\n<\/div>\n<\/div>\n<\/div>\n","protected":false},"excerpt":{"rendered":"<p>Samedi 22 septembre retrouvez-nous \u00e0 la Foire agricole de St Andr\u00e9 les Alpes. Rendez-vous place Marcel Pastorelli pour la 35\u00e8me \u00e9dition de cette foire. Ce \u00e9v\u00e8nement contournable de la vall\u00e9e du Verdon est l&rsquo;occasion de rencontrer pr\u00e8s de 250 exposants et 500 ovins, \u00e2nes et volailles. Le temps d&rsquo;une journ\u00e9e, Saint Andr\u00e9 les Alpes portera [&hellip;]<\/p>\n","protected":false},"author":3,"featured_media":10939,"comment_status":"open","ping_status":"closed","sticky":false,"template":"","format":"image","meta":{"_acf_changed":false,"_et_pb_use_builder":"","_et_pb_old_content":"","_et_gb_content_width":"","om_disable_all_campaigns":false,"_monsterinsights_skip_tracking":false,"_monsterinsights_sitenote_active":false,"_monsterinsights_sitenote_note":"","_monsterinsights_sitenote_category":0,"_uf_show_specific_survey":0,"_uf_disable_surveys":false,"footnotes":""},"categories":[1],"tags":[1434,1449,1076,1430,1432,1266,1459],"class_list":["post-10938","post","type-post","status-publish","format-image","has-post-thumbnail","hentry","category-non-classifiee","tag-alpes","tag-barcelonnette","tag-evenement","tag-exposition","tag-materiel","tag-provence","tag-saint-andre-les-alpes","post_format-post-format-image"],"acf":[],"yoast_head":"<!-- This site is optimized with the Yoast SEO plugin v27.2 - https:\/\/yoast.com\/product\/yoast-seo-wordpress\/ -->\n<title>Foire de saint Andr\u00e9 les Alpes 22 Septembre 2018.<\/title>\n<meta name=\"description\" content=\"Samedi 22 Septembre Nova participera \u00e0 la foire de Saint Andr\u00e9 les Alpes dans le 04 alpes de haute provence Venez d\u00e9couvrir nos gammes de mat\u00e9riels Agricole, espaces verts et btp. Tracteur john deere, guidage gps ams, presse\" \/>\n<meta name=\"robots\" content=\"index, follow, max-snippet:-1, max-image-preview:large, max-video-preview:-1\" \/>\n<link rel=\"canonical\" href=\"https:\/\/www.nova-groupe.fr\/fr\/foire-de-saint-andre-les-alpes\/\" \/>\n<meta property=\"og:locale\" content=\"fr_FR\" \/>\n<meta property=\"og:type\" content=\"article\" \/>\n<meta property=\"og:title\" content=\"Foire de saint Andr\u00e9 les Alpes 22 Septembre 2018.\" \/>\n<meta property=\"og:description\" content=\"Samedi 22 Septembre Nova participera \u00e0 la foire de Saint Andr\u00e9 les Alpes dans le 04 alpes de haute provence Venez d\u00e9couvrir nos gammes de mat\u00e9riels Agricole, espaces verts et btp. Tracteur john deere, guidage gps ams, presse\" \/>\n<meta property=\"og:url\" content=\"https:\/\/www.nova-groupe.fr\/fr\/foire-de-saint-andre-les-alpes\/\" \/>\n<meta property=\"og:site_name\" content=\"Nova-Groupe\" \/>\n<meta property=\"article:publisher\" content=\"https:\/\/www.facebook.com\/Nova-Groupe-170173286757302\/\" \/>\n<meta property=\"article:published_time\" content=\"2018-09-17T08:16:35+00:00\" \/>\n<meta property=\"article:modified_time\" content=\"2019-09-25T15:41:13+00:00\" \/>\n<meta property=\"og:image\" content=\"https:\/\/www.nova-groupe.fr\/wp-content\/uploads\/2018\/08\/foire-st-andr\u00e9-les-alpes.jpg\" \/>\n\t<meta property=\"og:image:width\" content=\"5000\" \/>\n\t<meta property=\"og:image:height\" content=\"2625\" \/>\n\t<meta property=\"og:image:type\" content=\"image\/jpeg\" \/>\n<meta name=\"author\" content=\"Camille Zammit\" \/>\n<meta name=\"twitter:card\" content=\"summary_large_image\" \/>\n<meta name=\"twitter:label1\" content=\"\u00c9crit par\" \/>\n\t<meta name=\"twitter:data1\" content=\"Camille Zammit\" \/>\n<script type=\"application\/ld+json\" class=\"yoast-schema-graph\">{\"@context\":\"https:\/\/schema.org\",\"@graph\":[{\"@type\":\"Article\",\"@id\":\"https:\/\/www.nova-groupe.fr\/fr\/foire-de-saint-andre-les-alpes\/#article\",\"isPartOf\":{\"@id\":\"https:\/\/www.nova-groupe.fr\/fr\/foire-de-saint-andre-les-alpes\/\"},\"author\":{\"name\":\"Camille Zammit\",\"@id\":\"https:\/\/www.nova-groupe.fr\/fr\/#\/schema\/person\/914fc2542c7631658cdf6631980b00e6\"},\"headline\":\"Retrouvez nous \u00e0 la foire agricole de Saint Andr\u00e9 les Alpes (dept.04) le Samedi 22 Septembre\",\"datePublished\":\"2018-09-17T08:16:35+00:00\",\"dateModified\":\"2019-09-25T15:41:13+00:00\",\"mainEntityOfPage\":{\"@id\":\"https:\/\/www.nova-groupe.fr\/fr\/foire-de-saint-andre-les-alpes\/\"},\"wordCount\":101,\"commentCount\":0,\"image\":{\"@id\":\"https:\/\/www.nova-groupe.fr\/fr\/foire-de-saint-andre-les-alpes\/#primaryimage\"},\"thumbnailUrl\":\"https:\/\/www.nova-groupe.fr\/wp-content\/uploads\/2018\/08\/foire-st-andr\u00e9-les-alpes.jpg\",\"keywords\":[\"alpes\",\"barcelonnette\",\"evenement\",\"exposition\",\"materiel\",\"provence\",\"saint andre les alpes\"],\"articleSection\":[\"Non classifi\u00e9(e)\"],\"inLanguage\":\"fr-FR\",\"potentialAction\":[{\"@type\":\"CommentAction\",\"name\":\"Comment\",\"target\":[\"https:\/\/www.nova-groupe.fr\/fr\/foire-de-saint-andre-les-alpes\/#respond\"]}]},{\"@type\":\"WebPage\",\"@id\":\"https:\/\/www.nova-groupe.fr\/fr\/foire-de-saint-andre-les-alpes\/\",\"url\":\"https:\/\/www.nova-groupe.fr\/fr\/foire-de-saint-andre-les-alpes\/\",\"name\":\"Foire de saint Andr\u00e9 les Alpes 22 Septembre 2018.\",\"isPartOf\":{\"@id\":\"https:\/\/www.nova-groupe.fr\/fr\/#website\"},\"primaryImageOfPage\":{\"@id\":\"https:\/\/www.nova-groupe.fr\/fr\/foire-de-saint-andre-les-alpes\/#primaryimage\"},\"image\":{\"@id\":\"https:\/\/www.nova-groupe.fr\/fr\/foire-de-saint-andre-les-alpes\/#primaryimage\"},\"thumbnailUrl\":\"https:\/\/www.nova-groupe.fr\/wp-content\/uploads\/2018\/08\/foire-st-andr\u00e9-les-alpes.jpg\",\"datePublished\":\"2018-09-17T08:16:35+00:00\",\"dateModified\":\"2019-09-25T15:41:13+00:00\",\"author\":{\"@id\":\"https:\/\/www.nova-groupe.fr\/fr\/#\/schema\/person\/914fc2542c7631658cdf6631980b00e6\"},\"description\":\"Samedi 22 Septembre Nova participera \u00e0 la foire de Saint Andr\u00e9 les Alpes dans le 04 alpes de haute provence Venez d\u00e9couvrir nos gammes de mat\u00e9riels Agricole, espaces verts et btp. Tracteur john deere, guidage gps ams, presse\",\"breadcrumb\":{\"@id\":\"https:\/\/www.nova-groupe.fr\/fr\/foire-de-saint-andre-les-alpes\/#breadcrumb\"},\"inLanguage\":\"fr-FR\",\"potentialAction\":[{\"@type\":\"ReadAction\",\"target\":[\"https:\/\/www.nova-groupe.fr\/fr\/foire-de-saint-andre-les-alpes\/\"]}]},{\"@type\":\"ImageObject\",\"inLanguage\":\"fr-FR\",\"@id\":\"https:\/\/www.nova-groupe.fr\/fr\/foire-de-saint-andre-les-alpes\/#primaryimage\",\"url\":\"https:\/\/www.nova-groupe.fr\/wp-content\/uploads\/2018\/08\/foire-st-andr\u00e9-les-alpes.jpg\",\"contentUrl\":\"https:\/\/www.nova-groupe.fr\/wp-content\/uploads\/2018\/08\/foire-st-andr\u00e9-les-alpes.jpg\",\"width\":5000,\"height\":2625,\"caption\":\"foire st andr\u00e9 les alpes\"},{\"@type\":\"BreadcrumbList\",\"@id\":\"https:\/\/www.nova-groupe.fr\/fr\/foire-de-saint-andre-les-alpes\/#breadcrumb\",\"itemListElement\":[{\"@type\":\"ListItem\",\"position\":1,\"name\":\"Accueil\",\"item\":\"https:\/\/www.nova-groupe.fr\/fr\/\"},{\"@type\":\"ListItem\",\"position\":2,\"name\":\"Retrouvez nous \u00e0 la foire agricole de Saint Andr\u00e9 les Alpes (dept.04) le Samedi 22 Septembre\"}]},{\"@type\":\"WebSite\",\"@id\":\"https:\/\/www.nova-groupe.fr\/fr\/#website\",\"url\":\"https:\/\/www.nova-groupe.fr\/fr\/\",\"name\":\"Nova-Groupe\",\"description\":\"Vente et location de mat\u00e9riel agricole, BTP, espaces verts et environnement\",\"potentialAction\":[{\"@type\":\"SearchAction\",\"target\":{\"@type\":\"EntryPoint\",\"urlTemplate\":\"https:\/\/www.nova-groupe.fr\/fr\/?s={search_term_string}\"},\"query-input\":{\"@type\":\"PropertyValueSpecification\",\"valueRequired\":true,\"valueName\":\"search_term_string\"}}],\"inLanguage\":\"fr-FR\"},{\"@type\":\"Person\",\"@id\":\"https:\/\/www.nova-groupe.fr\/fr\/#\/schema\/person\/914fc2542c7631658cdf6631980b00e6\",\"name\":\"Camille Zammit\",\"image\":{\"@type\":\"ImageObject\",\"inLanguage\":\"fr-FR\",\"@id\":\"https:\/\/secure.gravatar.com\/avatar\/0aa14d93c1a779e5d4dc40013b1fad108020ae901341f326debe748d1ec71daf?s=96&d=mm&r=g\",\"url\":\"https:\/\/secure.gravatar.com\/avatar\/0aa14d93c1a779e5d4dc40013b1fad108020ae901341f326debe748d1ec71daf?s=96&d=mm&r=g\",\"contentUrl\":\"https:\/\/secure.gravatar.com\/avatar\/0aa14d93c1a779e5d4dc40013b1fad108020ae901341f326debe748d1ec71daf?s=96&d=mm&r=g\",\"caption\":\"Camille Zammit\"}}]}<\/script>\n<!-- \/ Yoast SEO plugin. -->","yoast_head_json":{"title":"Foire de saint Andr\u00e9 les Alpes 22 Septembre 2018.","description":"Samedi 22 Septembre Nova participera \u00e0 la foire de Saint Andr\u00e9 les Alpes dans le 04 alpes de haute provence Venez d\u00e9couvrir nos gammes de mat\u00e9riels Agricole, espaces verts et btp. Tracteur john deere, guidage gps ams, presse","robots":{"index":"index","follow":"follow","max-snippet":"max-snippet:-1","max-image-preview":"max-image-preview:large","max-video-preview":"max-video-preview:-1"},"canonical":"https:\/\/www.nova-groupe.fr\/fr\/foire-de-saint-andre-les-alpes\/","og_locale":"fr_FR","og_type":"article","og_title":"Foire de saint Andr\u00e9 les Alpes 22 Septembre 2018.","og_description":"Samedi 22 Septembre Nova participera \u00e0 la foire de Saint Andr\u00e9 les Alpes dans le 04 alpes de haute provence Venez d\u00e9couvrir nos gammes de mat\u00e9riels Agricole, espaces verts et btp. Tracteur john deere, guidage gps ams, presse","og_url":"https:\/\/www.nova-groupe.fr\/fr\/foire-de-saint-andre-les-alpes\/","og_site_name":"Nova-Groupe","article_publisher":"https:\/\/www.facebook.com\/Nova-Groupe-170173286757302\/","article_published_time":"2018-09-17T08:16:35+00:00","article_modified_time":"2019-09-25T15:41:13+00:00","og_image":[{"width":5000,"height":2625,"url":"https:\/\/www.nova-groupe.fr\/wp-content\/uploads\/2018\/08\/foire-st-andr\u00e9-les-alpes.jpg","type":"image\/jpeg"}],"author":"Camille Zammit","twitter_card":"summary_large_image","twitter_misc":{"\u00c9crit par":"Camille Zammit"},"schema":{"@context":"https:\/\/schema.org","@graph":[{"@type":"Article","@id":"https:\/\/www.nova-groupe.fr\/fr\/foire-de-saint-andre-les-alpes\/#article","isPartOf":{"@id":"https:\/\/www.nova-groupe.fr\/fr\/foire-de-saint-andre-les-alpes\/"},"author":{"name":"Camille Zammit","@id":"https:\/\/www.nova-groupe.fr\/fr\/#\/schema\/person\/914fc2542c7631658cdf6631980b00e6"},"headline":"Retrouvez nous \u00e0 la foire agricole de Saint Andr\u00e9 les Alpes (dept.04) le Samedi 22 Septembre","datePublished":"2018-09-17T08:16:35+00:00","dateModified":"2019-09-25T15:41:13+00:00","mainEntityOfPage":{"@id":"https:\/\/www.nova-groupe.fr\/fr\/foire-de-saint-andre-les-alpes\/"},"wordCount":101,"commentCount":0,"image":{"@id":"https:\/\/www.nova-groupe.fr\/fr\/foire-de-saint-andre-les-alpes\/#primaryimage"},"thumbnailUrl":"https:\/\/www.nova-groupe.fr\/wp-content\/uploads\/2018\/08\/foire-st-andr\u00e9-les-alpes.jpg","keywords":["alpes","barcelonnette","evenement","exposition","materiel","provence","saint andre les alpes"],"articleSection":["Non classifi\u00e9(e)"],"inLanguage":"fr-FR","potentialAction":[{"@type":"CommentAction","name":"Comment","target":["https:\/\/www.nova-groupe.fr\/fr\/foire-de-saint-andre-les-alpes\/#respond"]}]},{"@type":"WebPage","@id":"https:\/\/www.nova-groupe.fr\/fr\/foire-de-saint-andre-les-alpes\/","url":"https:\/\/www.nova-groupe.fr\/fr\/foire-de-saint-andre-les-alpes\/","name":"Foire de saint Andr\u00e9 les Alpes 22 Septembre 2018.","isPartOf":{"@id":"https:\/\/www.nova-groupe.fr\/fr\/#website"},"primaryImageOfPage":{"@id":"https:\/\/www.nova-groupe.fr\/fr\/foire-de-saint-andre-les-alpes\/#primaryimage"},"image":{"@id":"https:\/\/www.nova-groupe.fr\/fr\/foire-de-saint-andre-les-alpes\/#primaryimage"},"thumbnailUrl":"https:\/\/www.nova-groupe.fr\/wp-content\/uploads\/2018\/08\/foire-st-andr\u00e9-les-alpes.jpg","datePublished":"2018-09-17T08:16:35+00:00","dateModified":"2019-09-25T15:41:13+00:00","author":{"@id":"https:\/\/www.nova-groupe.fr\/fr\/#\/schema\/person\/914fc2542c7631658cdf6631980b00e6"},"description":"Samedi 22 Septembre Nova participera \u00e0 la foire de Saint Andr\u00e9 les Alpes dans le 04 alpes de haute provence Venez d\u00e9couvrir nos gammes de mat\u00e9riels Agricole, espaces verts et btp. Tracteur john deere, guidage gps ams, presse","breadcrumb":{"@id":"https:\/\/www.nova-groupe.fr\/fr\/foire-de-saint-andre-les-alpes\/#breadcrumb"},"inLanguage":"fr-FR","potentialAction":[{"@type":"ReadAction","target":["https:\/\/www.nova-groupe.fr\/fr\/foire-de-saint-andre-les-alpes\/"]}]},{"@type":"ImageObject","inLanguage":"fr-FR","@id":"https:\/\/www.nova-groupe.fr\/fr\/foire-de-saint-andre-les-alpes\/#primaryimage","url":"https:\/\/www.nova-groupe.fr\/wp-content\/uploads\/2018\/08\/foire-st-andr\u00e9-les-alpes.jpg","contentUrl":"https:\/\/www.nova-groupe.fr\/wp-content\/uploads\/2018\/08\/foire-st-andr\u00e9-les-alpes.jpg","width":5000,"height":2625,"caption":"foire st andr\u00e9 les alpes"},{"@type":"BreadcrumbList","@id":"https:\/\/www.nova-groupe.fr\/fr\/foire-de-saint-andre-les-alpes\/#breadcrumb","itemListElement":[{"@type":"ListItem","position":1,"name":"Accueil","item":"https:\/\/www.nova-groupe.fr\/fr\/"},{"@type":"ListItem","position":2,"name":"Retrouvez nous \u00e0 la foire agricole de Saint Andr\u00e9 les Alpes (dept.04) le Samedi 22 Septembre"}]},{"@type":"WebSite","@id":"https:\/\/www.nova-groupe.fr\/fr\/#website","url":"https:\/\/www.nova-groupe.fr\/fr\/","name":"Nova-Groupe","description":"Vente et location de mat\u00e9riel agricole, BTP, espaces verts et environnement","potentialAction":[{"@type":"SearchAction","target":{"@type":"EntryPoint","urlTemplate":"https:\/\/www.nova-groupe.fr\/fr\/?s={search_term_string}"},"query-input":{"@type":"PropertyValueSpecification","valueRequired":true,"valueName":"search_term_string"}}],"inLanguage":"fr-FR"},{"@type":"Person","@id":"https:\/\/www.nova-groupe.fr\/fr\/#\/schema\/person\/914fc2542c7631658cdf6631980b00e6","name":"Camille Zammit","image":{"@type":"ImageObject","inLanguage":"fr-FR","@id":"https:\/\/secure.gravatar.com\/avatar\/0aa14d93c1a779e5d4dc40013b1fad108020ae901341f326debe748d1ec71daf?s=96&d=mm&r=g","url":"https:\/\/secure.gravatar.com\/avatar\/0aa14d93c1a779e5d4dc40013b1fad108020ae901341f326debe748d1ec71daf?s=96&d=mm&r=g","contentUrl":"https:\/\/secure.gravatar.com\/avatar\/0aa14d93c1a779e5d4dc40013b1fad108020ae901341f326debe748d1ec71daf?s=96&d=mm&r=g","caption":"Camille Zammit"}}]}},"_links":{"self":[{"href":"https:\/\/www.nova-groupe.fr\/fr\/wp-json\/wp\/v2\/posts\/10938","targetHints":{"allow":["GET"]}}],"collection":[{"href":"https:\/\/www.nova-groupe.fr\/fr\/wp-json\/wp\/v2\/posts"}],"about":[{"href":"https:\/\/www.nova-groupe.fr\/fr\/wp-json\/wp\/v2\/types\/post"}],"author":[{"embeddable":true,"href":"https:\/\/www.nova-groupe.fr\/fr\/wp-json\/wp\/v2\/users\/3"}],"replies":[{"embeddable":true,"href":"https:\/\/www.nova-groupe.fr\/fr\/wp-json\/wp\/v2\/comments?post=10938"}],"version-history":[{"count":0,"href":"https:\/\/www.nova-groupe.fr\/fr\/wp-json\/wp\/v2\/posts\/10938\/revisions"}],"wp:featuredmedia":[{"embeddable":true,"href":"https:\/\/www.nova-groupe.fr\/fr\/wp-json\/wp\/v2\/media\/10939"}],"wp:attachment":[{"href":"https:\/\/www.nova-groupe.fr\/fr\/wp-json\/wp\/v2\/media?parent=10938"}],"wp:term":[{"taxonomy":"category","embeddable":true,"href":"https:\/\/www.nova-groupe.fr\/fr\/wp-json\/wp\/v2\/categories?post=10938"},{"taxonomy":"post_tag","embeddable":true,"href":"https:\/\/www.nova-groupe.fr\/fr\/wp-json\/wp\/v2\/tags?post=10938"}],"curies":[{"name":"wp","href":"https:\/\/api.w.org\/{rel}","templated":true}]}}