{"id":11099,"date":"2018-09-25T09:31:11","date_gmt":"2018-09-25T07:31:11","guid":{"rendered":"https:\/\/www.nova-groupe.fr\/?p=11099"},"modified":"2019-09-25T17:40:47","modified_gmt":"2019-09-25T15:40:47","slug":"repas-fin-de-vendanges-2018","status":"publish","type":"post","link":"https:\/\/www.nova-groupe.fr\/fr\/repas-fin-de-vendanges-2018\/","title":{"rendered":"Repas de fin de vendanges 2018"},"content":{"rendered":"<h1>Repas annuel de fin de vendanges.<\/h1>\n<p>Nova vous invite \u00e0 c\u00e9l\u00e9brer la fin des vendanges autour d&rsquo;un repas en votre compagnie.<\/p>\n<p>L&rsquo;occasion de partager un moment festif et convivial, propice aux rencontres et aux \u00e9changes.<\/p>\n<p>Nous vous donnons rendez-vous \u00e0 partir de 12h00 les:<br \/>\n\u2219 Vendredi <span style=\"color: #ff6600;\">05<\/span> Octobre \u00e0 <span style=\"color: #ff6600;\">St Hilaire de Brethmas<\/span><br \/>\n\u2219 Jeudi <span style=\"color: #ff6600;\">11<\/span> Octobre \u00e0 <span style=\"color: #ff6600;\">St Laurent des Arbres<\/span><br \/>\n\u2219 Vendredi <span style=\"color: #ff6600;\">12<\/span> Octobre \u00e0 <span style=\"color: #ff6600;\">St Cannat<\/span><br \/>\n\u2219 Vendredi <span style=\"color: #ff6600;\">19<\/span> Octobre \u00e0 <span style=\"color: #ff6600;\">Pierrelatte<\/span><\/p>\n<p style=\"text-align: left;\"><a class=\"button\" href=\"https:\/\/rebrand.ly\/confirmation-repas-nova\" target=\"_blank\" rel=\"noopener noreferrer\">Merci de confirmer votre pr\u00e9sence en cliquant ici<\/a><\/p>\n<p><strong>Au plaisir de vous compter parmi nous lors de ces repas!<\/strong><\/p>\n<p><img decoding=\"async\" class=\"alignnone wp-image-11132 size-full\" src=\"https:\/\/www.nova-groupe.fr\/wp-content\/uploads\/2018\/09\/invitation-repas-fin-de-vendanges-nova-.jpg\" alt=\"invit repas vendanges siteweb - Copie\" width=\"700\" height=\"990\" srcset=\"https:\/\/www.nova-groupe.fr\/wp-content\/uploads\/2018\/09\/invitation-repas-fin-de-vendanges-nova-.jpg 700w, https:\/\/www.nova-groupe.fr\/wp-content\/uploads\/2018\/09\/invitation-repas-fin-de-vendanges-nova--212x300.jpg 212w\" sizes=\"(max-width: 700px) 100vw, 700px\" \/><\/p>\n<p>&nbsp;<\/p>\n<p>Renseignements aupr\u00e8s de votre agence NOVA : <a href=\"https:\/\/www.nova-groupe.fr\/fr\/nos-agences\" target=\"_blank\" rel=\"nofollow noopener noreferrer\" data-ft=\"{&quot;tn&quot;:&quot;-U&quot;}\" data-lynx-mode=\"async\" data-lynx-uri=\"https:\/\/l.facebook.com\/l.php?u=https%3A%2F%2Fwww.nova-groupe.fr%2Ffr%2Fnos-agences&amp;h=ATOVzoEngFQV-SkidxTXc9J8yavsdaW6io-CCHZqLeMAzlYHCkFdn2GAbgn_CP4C7C-a_ifExXEO5RFji2Aw7Yn78XboI8c8f1DL9cy2BhINSZuJIrew2bGIROLbF4zppEP3X9DSoC-8kie12cc2CFj5_qED0zDDPfqg4w-0JF-FYfHdifOHVAvRmQ7st1JlKbNgMsmrPFqByL8d_FvAwfvVcKjjUj5Z1nnDCz11Q1ch_5za_yDhr2FNlj-E4rHZjK8Pq22XvhUub9hsATN3eIarKttmzGbHGum6NnMcAA\">https:\/\/www.nova-groupe.fr\/fr\/nos-agences<\/a><\/p>\n<p><a href=\"https:\/\/www.nova-groupe.fr\/fr\/nos-agences\/\" target=\"_blank\" rel=\"noopener noreferrer\"><img decoding=\"async\" class=\"alignnone wp-image-10125 size-full\" title=\"listes des agences nova materiel agricole en r\u00e9gion paca\" src=\"https:\/\/www.nova-groupe.fr\/wp-content\/uploads\/2018\/07\/cartes-des-agences-NOVA-en-PACA.png\" alt=\"listes des agences nova materiel agricole en r\u00e9gion paca\" width=\"645\" height=\"560\" \/><\/a><\/p>\n<hr \/>\n<div id=\"pg-9082-1\" class=\"panel-grid panel-has-style\" data-style=\"{&quot;padding&quot;:&quot;3% 0% 2% 0%&quot;,&quot;background&quot;:&quot;#f3f2eb&quot;,&quot;background_display&quot;:&quot;tile&quot;,&quot;lsow_dark_bg&quot;:&quot;&quot;,&quot;row_stretch&quot;:&quot;full&quot;}\">\n<div class=\"siteorigin-panels-stretch panel-row-style panel-row-style-for-9082-1\" data-stretch-type=\"full\">\n<div id=\"pgc-9082-1-0\" class=\"panel-grid-cell\" data-weight=\"1\">\n<div id=\"panel-9082-1-0-0\" class=\"so-panel widget widget_sow-post-carousel panel-first-child panel-last-child\" data-index=\"3\" data-style=\"{&quot;background_display&quot;:&quot;tile&quot;}\">\n<\/div>\n<\/div>\n<\/div>\n<\/div>\n<div id=\"pg-9082-2\" class=\"panel-grid panel-has-style\" data-style=\"{&quot;background_display&quot;:&quot;tile&quot;,&quot;lsow_dark_bg&quot;:&quot;&quot;,&quot;row_stretch&quot;:&quot;full-stretched&quot;,&quot;cell_alignment&quot;:&quot;flex-start&quot;}\">\n<div class=\"siteorigin-panels-stretch panel-row-style panel-row-style-for-9082-2\" data-stretch-type=\"full-stretched\">\n<div id=\"pgc-9082-2-0\" class=\"panel-grid-cell\" data-weight=\"1\">\n<div id=\"panel-9082-2-0-0\" class=\"so-panel widget widget_sow-image panel-first-child panel-last-child\" data-index=\"4\" data-style=\"{&quot;background_display&quot;:&quot;tile&quot;}\"><\/div>\n<\/div>\n<\/div>\n<\/div>\n","protected":false},"excerpt":{"rendered":"<p>Repas annuel de fin de vendanges. Nova vous invite \u00e0 c\u00e9l\u00e9brer la fin des vendanges autour d&rsquo;un repas en votre compagnie. L&rsquo;occasion de partager un moment festif et convivial, propice aux rencontres et aux \u00e9changes. Nous vous donnons rendez-vous \u00e0 partir de 12h00 les: \u2219 Vendredi 05 Octobre \u00e0 St Hilaire de Brethmas \u2219 Jeudi [&hellip;]<\/p>\n","protected":false},"author":3,"featured_media":11115,"comment_status":"open","ping_status":"closed","sticky":false,"template":"","format":"image","meta":{"_acf_changed":false,"_et_pb_use_builder":"","_et_pb_old_content":"","_et_gb_content_width":"","om_disable_all_campaigns":false,"_monsterinsights_skip_tracking":false,"_monsterinsights_sitenote_active":false,"_monsterinsights_sitenote_note":"","_monsterinsights_sitenote_category":0,"_uf_show_specific_survey":0,"_uf_disable_surveys":false,"footnotes":""},"categories":[1],"tags":[932,1505,994,1190,1511,1503,1513,1509,1507,1487,1515],"class_list":["post-11099","post","type-post","status-publish","format-image","has-post-thumbnail","hentry","category-non-classifiee","tag-aperitif","tag-convivialite","tag-nova","tag-paca","tag-pierrelatte","tag-repas","tag-st-cannat","tag-st-hilaire","tag-st-laurent","tag-vendanges","tag-vin","post_format-post-format-image"],"acf":[],"yoast_head":"<!-- This site is optimized with the Yoast SEO plugin v27.2 - https:\/\/yoast.com\/product\/yoast-seo-wordpress\/ -->\n<title>Repas de Fin de Vendanges 2018 Dans Vos Agences NOVA<\/title>\n<meta name=\"description\" content=\"Nova a le plaisir de vous convier \u00e0 son repas de fin de vendanges dans vos agences en r\u00e9gion paca pour partager un moment de convivialit\u00e9.\" \/>\n<meta name=\"robots\" content=\"index, follow, max-snippet:-1, max-image-preview:large, max-video-preview:-1\" \/>\n<link rel=\"canonical\" href=\"https:\/\/www.nova-groupe.fr\/fr\/repas-fin-de-vendanges-2018\/\" \/>\n<meta property=\"og:locale\" content=\"fr_FR\" \/>\n<meta property=\"og:type\" content=\"article\" \/>\n<meta property=\"og:title\" content=\"Repas de Fin de Vendanges 2018 Dans Vos Agences NOVA\" \/>\n<meta property=\"og:description\" content=\"Nova a le plaisir de vous convier \u00e0 son repas de fin de vendanges dans vos agences en r\u00e9gion paca pour partager un moment de convivialit\u00e9.\" \/>\n<meta property=\"og:url\" content=\"https:\/\/www.nova-groupe.fr\/fr\/repas-fin-de-vendanges-2018\/\" \/>\n<meta property=\"og:site_name\" content=\"Nova-Groupe\" \/>\n<meta property=\"article:publisher\" content=\"https:\/\/www.facebook.com\/Nova-Groupe-170173286757302\/\" \/>\n<meta property=\"article:published_time\" content=\"2018-09-25T07:31:11+00:00\" \/>\n<meta property=\"article:modified_time\" content=\"2019-09-25T15:40:47+00:00\" \/>\n<meta property=\"og:image\" content=\"https:\/\/www.nova-groupe.fr\/wp-content\/uploads\/2018\/09\/invitation-repas-vendanges-nova-groupe.jpg\" \/>\n\t<meta property=\"og:image:width\" content=\"870\" \/>\n\t<meta property=\"og:image:height\" content=\"425\" \/>\n\t<meta property=\"og:image:type\" content=\"image\/jpeg\" \/>\n<meta name=\"author\" content=\"Camille Zammit\" \/>\n<meta name=\"twitter:card\" content=\"summary_large_image\" \/>\n<meta name=\"twitter:label1\" content=\"\u00c9crit par\" \/>\n\t<meta name=\"twitter:data1\" content=\"Camille Zammit\" \/>\n<script type=\"application\/ld+json\" class=\"yoast-schema-graph\">{\"@context\":\"https:\/\/schema.org\",\"@graph\":[{\"@type\":\"Article\",\"@id\":\"https:\/\/www.nova-groupe.fr\/fr\/repas-fin-de-vendanges-2018\/#article\",\"isPartOf\":{\"@id\":\"https:\/\/www.nova-groupe.fr\/fr\/repas-fin-de-vendanges-2018\/\"},\"author\":{\"name\":\"Camille Zammit\",\"@id\":\"https:\/\/www.nova-groupe.fr\/fr\/#\/schema\/person\/914fc2542c7631658cdf6631980b00e6\"},\"headline\":\"Repas de fin de vendanges 2018\",\"datePublished\":\"2018-09-25T07:31:11+00:00\",\"dateModified\":\"2019-09-25T15:40:47+00:00\",\"mainEntityOfPage\":{\"@id\":\"https:\/\/www.nova-groupe.fr\/fr\/repas-fin-de-vendanges-2018\/\"},\"wordCount\":104,\"commentCount\":0,\"image\":{\"@id\":\"https:\/\/www.nova-groupe.fr\/fr\/repas-fin-de-vendanges-2018\/#primaryimage\"},\"thumbnailUrl\":\"https:\/\/www.nova-groupe.fr\/wp-content\/uploads\/2018\/09\/invitation-repas-vendanges-nova-groupe.jpg\",\"keywords\":[\"aperitif\",\"convivialit\u00e9\",\"nova\",\"paca\",\"Pierrelatte\",\"repas\",\"St Cannat\",\"St hilaire\",\"st laurent\",\"vendanges\",\"vin\"],\"articleSection\":[\"Non classifi\u00e9(e)\"],\"inLanguage\":\"fr-FR\",\"potentialAction\":[{\"@type\":\"CommentAction\",\"name\":\"Comment\",\"target\":[\"https:\/\/www.nova-groupe.fr\/fr\/repas-fin-de-vendanges-2018\/#respond\"]}]},{\"@type\":\"WebPage\",\"@id\":\"https:\/\/www.nova-groupe.fr\/fr\/repas-fin-de-vendanges-2018\/\",\"url\":\"https:\/\/www.nova-groupe.fr\/fr\/repas-fin-de-vendanges-2018\/\",\"name\":\"Repas de Fin de Vendanges 2018 Dans Vos Agences NOVA\",\"isPartOf\":{\"@id\":\"https:\/\/www.nova-groupe.fr\/fr\/#website\"},\"primaryImageOfPage\":{\"@id\":\"https:\/\/www.nova-groupe.fr\/fr\/repas-fin-de-vendanges-2018\/#primaryimage\"},\"image\":{\"@id\":\"https:\/\/www.nova-groupe.fr\/fr\/repas-fin-de-vendanges-2018\/#primaryimage\"},\"thumbnailUrl\":\"https:\/\/www.nova-groupe.fr\/wp-content\/uploads\/2018\/09\/invitation-repas-vendanges-nova-groupe.jpg\",\"datePublished\":\"2018-09-25T07:31:11+00:00\",\"dateModified\":\"2019-09-25T15:40:47+00:00\",\"author\":{\"@id\":\"https:\/\/www.nova-groupe.fr\/fr\/#\/schema\/person\/914fc2542c7631658cdf6631980b00e6\"},\"description\":\"Nova a le plaisir de vous convier \u00e0 son repas de fin de vendanges dans vos agences en r\u00e9gion paca pour partager un moment de convivialit\u00e9.\",\"breadcrumb\":{\"@id\":\"https:\/\/www.nova-groupe.fr\/fr\/repas-fin-de-vendanges-2018\/#breadcrumb\"},\"inLanguage\":\"fr-FR\",\"potentialAction\":[{\"@type\":\"ReadAction\",\"target\":[\"https:\/\/www.nova-groupe.fr\/fr\/repas-fin-de-vendanges-2018\/\"]}]},{\"@type\":\"ImageObject\",\"inLanguage\":\"fr-FR\",\"@id\":\"https:\/\/www.nova-groupe.fr\/fr\/repas-fin-de-vendanges-2018\/#primaryimage\",\"url\":\"https:\/\/www.nova-groupe.fr\/wp-content\/uploads\/2018\/09\/invitation-repas-vendanges-nova-groupe.jpg\",\"contentUrl\":\"https:\/\/www.nova-groupe.fr\/wp-content\/uploads\/2018\/09\/invitation-repas-vendanges-nova-groupe.jpg\",\"width\":870,\"height\":425,\"caption\":\"invitation repas vendanges nova groupe\"},{\"@type\":\"BreadcrumbList\",\"@id\":\"https:\/\/www.nova-groupe.fr\/fr\/repas-fin-de-vendanges-2018\/#breadcrumb\",\"itemListElement\":[{\"@type\":\"ListItem\",\"position\":1,\"name\":\"Accueil\",\"item\":\"https:\/\/www.nova-groupe.fr\/fr\/\"},{\"@type\":\"ListItem\",\"position\":2,\"name\":\"Repas de fin de vendanges 2018\"}]},{\"@type\":\"WebSite\",\"@id\":\"https:\/\/www.nova-groupe.fr\/fr\/#website\",\"url\":\"https:\/\/www.nova-groupe.fr\/fr\/\",\"name\":\"Nova-Groupe\",\"description\":\"Vente et location de mat\u00e9riel agricole, BTP, espaces verts et environnement\",\"potentialAction\":[{\"@type\":\"SearchAction\",\"target\":{\"@type\":\"EntryPoint\",\"urlTemplate\":\"https:\/\/www.nova-groupe.fr\/fr\/?s={search_term_string}\"},\"query-input\":{\"@type\":\"PropertyValueSpecification\",\"valueRequired\":true,\"valueName\":\"search_term_string\"}}],\"inLanguage\":\"fr-FR\"},{\"@type\":\"Person\",\"@id\":\"https:\/\/www.nova-groupe.fr\/fr\/#\/schema\/person\/914fc2542c7631658cdf6631980b00e6\",\"name\":\"Camille Zammit\",\"image\":{\"@type\":\"ImageObject\",\"inLanguage\":\"fr-FR\",\"@id\":\"https:\/\/secure.gravatar.com\/avatar\/0aa14d93c1a779e5d4dc40013b1fad108020ae901341f326debe748d1ec71daf?s=96&d=mm&r=g\",\"url\":\"https:\/\/secure.gravatar.com\/avatar\/0aa14d93c1a779e5d4dc40013b1fad108020ae901341f326debe748d1ec71daf?s=96&d=mm&r=g\",\"contentUrl\":\"https:\/\/secure.gravatar.com\/avatar\/0aa14d93c1a779e5d4dc40013b1fad108020ae901341f326debe748d1ec71daf?s=96&d=mm&r=g\",\"caption\":\"Camille Zammit\"}}]}<\/script>\n<!-- \/ Yoast SEO plugin. -->","yoast_head_json":{"title":"Repas de Fin de Vendanges 2018 Dans Vos Agences NOVA","description":"Nova a le plaisir de vous convier \u00e0 son repas de fin de vendanges dans vos agences en r\u00e9gion paca pour partager un moment de convivialit\u00e9.","robots":{"index":"index","follow":"follow","max-snippet":"max-snippet:-1","max-image-preview":"max-image-preview:large","max-video-preview":"max-video-preview:-1"},"canonical":"https:\/\/www.nova-groupe.fr\/fr\/repas-fin-de-vendanges-2018\/","og_locale":"fr_FR","og_type":"article","og_title":"Repas de Fin de Vendanges 2018 Dans Vos Agences NOVA","og_description":"Nova a le plaisir de vous convier \u00e0 son repas de fin de vendanges dans vos agences en r\u00e9gion paca pour partager un moment de convivialit\u00e9.","og_url":"https:\/\/www.nova-groupe.fr\/fr\/repas-fin-de-vendanges-2018\/","og_site_name":"Nova-Groupe","article_publisher":"https:\/\/www.facebook.com\/Nova-Groupe-170173286757302\/","article_published_time":"2018-09-25T07:31:11+00:00","article_modified_time":"2019-09-25T15:40:47+00:00","og_image":[{"width":870,"height":425,"url":"https:\/\/www.nova-groupe.fr\/wp-content\/uploads\/2018\/09\/invitation-repas-vendanges-nova-groupe.jpg","type":"image\/jpeg"}],"author":"Camille Zammit","twitter_card":"summary_large_image","twitter_misc":{"\u00c9crit par":"Camille Zammit"},"schema":{"@context":"https:\/\/schema.org","@graph":[{"@type":"Article","@id":"https:\/\/www.nova-groupe.fr\/fr\/repas-fin-de-vendanges-2018\/#article","isPartOf":{"@id":"https:\/\/www.nova-groupe.fr\/fr\/repas-fin-de-vendanges-2018\/"},"author":{"name":"Camille Zammit","@id":"https:\/\/www.nova-groupe.fr\/fr\/#\/schema\/person\/914fc2542c7631658cdf6631980b00e6"},"headline":"Repas de fin de vendanges 2018","datePublished":"2018-09-25T07:31:11+00:00","dateModified":"2019-09-25T15:40:47+00:00","mainEntityOfPage":{"@id":"https:\/\/www.nova-groupe.fr\/fr\/repas-fin-de-vendanges-2018\/"},"wordCount":104,"commentCount":0,"image":{"@id":"https:\/\/www.nova-groupe.fr\/fr\/repas-fin-de-vendanges-2018\/#primaryimage"},"thumbnailUrl":"https:\/\/www.nova-groupe.fr\/wp-content\/uploads\/2018\/09\/invitation-repas-vendanges-nova-groupe.jpg","keywords":["aperitif","convivialit\u00e9","nova","paca","Pierrelatte","repas","St Cannat","St hilaire","st laurent","vendanges","vin"],"articleSection":["Non classifi\u00e9(e)"],"inLanguage":"fr-FR","potentialAction":[{"@type":"CommentAction","name":"Comment","target":["https:\/\/www.nova-groupe.fr\/fr\/repas-fin-de-vendanges-2018\/#respond"]}]},{"@type":"WebPage","@id":"https:\/\/www.nova-groupe.fr\/fr\/repas-fin-de-vendanges-2018\/","url":"https:\/\/www.nova-groupe.fr\/fr\/repas-fin-de-vendanges-2018\/","name":"Repas de Fin de Vendanges 2018 Dans Vos Agences NOVA","isPartOf":{"@id":"https:\/\/www.nova-groupe.fr\/fr\/#website"},"primaryImageOfPage":{"@id":"https:\/\/www.nova-groupe.fr\/fr\/repas-fin-de-vendanges-2018\/#primaryimage"},"image":{"@id":"https:\/\/www.nova-groupe.fr\/fr\/repas-fin-de-vendanges-2018\/#primaryimage"},"thumbnailUrl":"https:\/\/www.nova-groupe.fr\/wp-content\/uploads\/2018\/09\/invitation-repas-vendanges-nova-groupe.jpg","datePublished":"2018-09-25T07:31:11+00:00","dateModified":"2019-09-25T15:40:47+00:00","author":{"@id":"https:\/\/www.nova-groupe.fr\/fr\/#\/schema\/person\/914fc2542c7631658cdf6631980b00e6"},"description":"Nova a le plaisir de vous convier \u00e0 son repas de fin de vendanges dans vos agences en r\u00e9gion paca pour partager un moment de convivialit\u00e9.","breadcrumb":{"@id":"https:\/\/www.nova-groupe.fr\/fr\/repas-fin-de-vendanges-2018\/#breadcrumb"},"inLanguage":"fr-FR","potentialAction":[{"@type":"ReadAction","target":["https:\/\/www.nova-groupe.fr\/fr\/repas-fin-de-vendanges-2018\/"]}]},{"@type":"ImageObject","inLanguage":"fr-FR","@id":"https:\/\/www.nova-groupe.fr\/fr\/repas-fin-de-vendanges-2018\/#primaryimage","url":"https:\/\/www.nova-groupe.fr\/wp-content\/uploads\/2018\/09\/invitation-repas-vendanges-nova-groupe.jpg","contentUrl":"https:\/\/www.nova-groupe.fr\/wp-content\/uploads\/2018\/09\/invitation-repas-vendanges-nova-groupe.jpg","width":870,"height":425,"caption":"invitation repas vendanges nova groupe"},{"@type":"BreadcrumbList","@id":"https:\/\/www.nova-groupe.fr\/fr\/repas-fin-de-vendanges-2018\/#breadcrumb","itemListElement":[{"@type":"ListItem","position":1,"name":"Accueil","item":"https:\/\/www.nova-groupe.fr\/fr\/"},{"@type":"ListItem","position":2,"name":"Repas de fin de vendanges 2018"}]},{"@type":"WebSite","@id":"https:\/\/www.nova-groupe.fr\/fr\/#website","url":"https:\/\/www.nova-groupe.fr\/fr\/","name":"Nova-Groupe","description":"Vente et location de mat\u00e9riel agricole, BTP, espaces verts et environnement","potentialAction":[{"@type":"SearchAction","target":{"@type":"EntryPoint","urlTemplate":"https:\/\/www.nova-groupe.fr\/fr\/?s={search_term_string}"},"query-input":{"@type":"PropertyValueSpecification","valueRequired":true,"valueName":"search_term_string"}}],"inLanguage":"fr-FR"},{"@type":"Person","@id":"https:\/\/www.nova-groupe.fr\/fr\/#\/schema\/person\/914fc2542c7631658cdf6631980b00e6","name":"Camille Zammit","image":{"@type":"ImageObject","inLanguage":"fr-FR","@id":"https:\/\/secure.gravatar.com\/avatar\/0aa14d93c1a779e5d4dc40013b1fad108020ae901341f326debe748d1ec71daf?s=96&d=mm&r=g","url":"https:\/\/secure.gravatar.com\/avatar\/0aa14d93c1a779e5d4dc40013b1fad108020ae901341f326debe748d1ec71daf?s=96&d=mm&r=g","contentUrl":"https:\/\/secure.gravatar.com\/avatar\/0aa14d93c1a779e5d4dc40013b1fad108020ae901341f326debe748d1ec71daf?s=96&d=mm&r=g","caption":"Camille Zammit"}}]}},"_links":{"self":[{"href":"https:\/\/www.nova-groupe.fr\/fr\/wp-json\/wp\/v2\/posts\/11099","targetHints":{"allow":["GET"]}}],"collection":[{"href":"https:\/\/www.nova-groupe.fr\/fr\/wp-json\/wp\/v2\/posts"}],"about":[{"href":"https:\/\/www.nova-groupe.fr\/fr\/wp-json\/wp\/v2\/types\/post"}],"author":[{"embeddable":true,"href":"https:\/\/www.nova-groupe.fr\/fr\/wp-json\/wp\/v2\/users\/3"}],"replies":[{"embeddable":true,"href":"https:\/\/www.nova-groupe.fr\/fr\/wp-json\/wp\/v2\/comments?post=11099"}],"version-history":[{"count":0,"href":"https:\/\/www.nova-groupe.fr\/fr\/wp-json\/wp\/v2\/posts\/11099\/revisions"}],"wp:featuredmedia":[{"embeddable":true,"href":"https:\/\/www.nova-groupe.fr\/fr\/wp-json\/wp\/v2\/media\/11115"}],"wp:attachment":[{"href":"https:\/\/www.nova-groupe.fr\/fr\/wp-json\/wp\/v2\/media?parent=11099"}],"wp:term":[{"taxonomy":"category","embeddable":true,"href":"https:\/\/www.nova-groupe.fr\/fr\/wp-json\/wp\/v2\/categories?post=11099"},{"taxonomy":"post_tag","embeddable":true,"href":"https:\/\/www.nova-groupe.fr\/fr\/wp-json\/wp\/v2\/tags?post=11099"}],"curies":[{"name":"wp","href":"https:\/\/api.w.org\/{rel}","templated":true}]}}