{"id":11358,"date":"2018-10-30T17:31:44","date_gmt":"2018-10-30T16:31:44","guid":{"rendered":"https:\/\/www.nova-groupe.fr\/?p=11358"},"modified":"2019-09-25T17:39:44","modified_gmt":"2019-09-25T15:39:44","slug":"tarif-exceptionnel-sur-la-pelle-compacte-e26-bobcat-r-series-chez-nova","status":"publish","type":"post","link":"https:\/\/www.nova-groupe.fr\/fr\/tarif-exceptionnel-sur-la-pelle-compacte-e26-bobcat-r-series-chez-nova\/","title":{"rendered":"Tarif Exceptionnel sur la pelle compacte E26 Bobcat R-Series chez Nova"},"content":{"rendered":"<div id=\"pl-8878\" class=\"panel-layout\">\n<div id=\"pg-8878-0\" class=\"panel-grid panel-no-style\">\n<div id=\"pgc-8878-0-0\" class=\"panel-grid-cell\" data-weight=\"1\">\n<div id=\"panel-8878-0-0-0\" class=\"so-panel widget widget_sow-editor panel-first-child panel-last-child\" data-index=\"0\" data-style=\"{&quot;background_display&quot;:&quot;tile&quot;}\">\n<div class=\"so-widget-sow-editor so-widget-sow-editor-base\">\n<div class=\"siteorigin-widget-tinymce textwidget\">\n<h1>Profitez d&rsquo;un prix cass\u00e9 sur notre mini pelle E26 Bobcat !<\/h1>\n<div class=\"col-5\"><img decoding=\"async\" class=\"alignnone\" title=\"Mini pelle - pelle compact - bobcat intermat 2018 new nouveaut\u00e9s E26 Canopy prix neuf promotion fiche technique dimensions poids\" src=\"http:\/\/assets.bobcat.com\/news-and-media\/2018\/r-series\/20180424-r-series-e26-image_fc_one_col.jpg\" alt=\"Mini pelle - pelle compact - bobcat intermat 2018 new nouveaut\u00e9s E26 Canopy prix neuf promotion fiche technique dimensions poids\" width=\"400\" height=\"588\" \/><\/div>\n<h3>Une offre unique valable jusqu&rsquo;\u00e0 la fin de l&rsquo;ann\u00e9e 2018 chez votre concessionnaire NOVA.<\/h3>\n<p>Pr\u00e9sent\u00e9e \u00e0 l&rsquo;occasion du salon <a href=\"https:\/\/www.bobcat.com\/eu\/fr\/information-d-entreprise\/infos-evenements\/intermat\" target=\"_blank\" rel=\"noopener noreferrer\">Intermat<\/a>, les nouvelles <a href=\"https:\/\/www.nova-groupe.fr\/fr\/nos-marques\/btp\/concessionnaire-exclusif-bobcat-vente-achat-location-paca-nova-groupe\/\" target=\"_blank\" rel=\"noopener noreferrer\"><strong>pelles compactes Serie-R <\/strong><strong>Bobcat<\/strong><\/a> font leur entr\u00e9e chez NOVA.<\/p>\n<p>La nouvelle version de la tr\u00e8s appr\u00e9ci\u00e9e E26 Bobcat est <strong>une machine robuste et facile \u00e0 utiliser<\/strong>, optimis\u00e9e pour les besoins sp\u00e9cifiques du <strong>march\u00e9 de la location<\/strong>, tout en offrant un niveau de confort et des fonctionnalit\u00e9s qui satisferont les propri\u00e9taires-op\u00e9rateurs les plus exigeants. Le poids de transport de la nouvelle E26 a \u00e9t\u00e9 r\u00e9duit de 100 kg, mais sa capacit\u00e9 de levage sur le c\u00f4t\u00e9 a augment\u00e9. Pour \u00e9viter des probl\u00e8mes r\u00e9currents du secteur de la location et garantir ainsi une disponibilit\u00e9 maximale, la E26 b\u00e9n\u00e9ficie d\u00e9sormais de caract\u00e9ristiques innovantes, telles que <strong>le v\u00e9rin de fl\u00e8che C.I.B (mont\u00e9 \u00e0 l&rsquo;int\u00e9rieur de la fl\u00e8che)<\/strong> et une cin\u00e9matique de travail qui minimise les risques d&rsquo;impact du godet contre la cabine. <a href=\"https:\/\/www.bobcat.com\/eu\/fr\/pelles-compactes\/modeles\/e26\/fonctionnalites\" target=\"_blank\" rel=\"noopener noreferrer\">En savoir plus.<\/a><\/p>\n<h3>Pelle compacte E26 Canopy R-Series<\/h3>\n<p>&#8211; Poids op\u00e9rationnel avec canopy et godet: 2490 kg<br \/>\n&#8211; Moteur Kubota Puissance max. 15.3 kW \u00e0 2400 tr\/min<br \/>\n&#8211; Largeur hors tout: 1500 mm<br \/>\n&#8211; Profondeur de fouille max.: 2568 mm<br \/>\n&#8211; V\u00e9rin de fl\u00e8che C.I.B (mont\u00e9 \u00e0 l\u2019int\u00e9rieur de la fl\u00e8che)<br \/>\n&#8211; Attache rapide 3 godets<\/p>\n<div id=\"js_14\" class=\"_5pbx userContent _3576\" data-ft=\"{&quot;tn&quot;:&quot;K&quot;}\">\n<p><a class=\"button\" href=\"https:\/\/www.nova-groupe.fr\/wp-content\/uploads\/2018\/10\/fiche-technique-e26.pdf\" target=\"_blank\" rel=\"noopener noreferrer\">T\u00e9l\u00e9charger la fiche technique pelle compacte E26 Bobcat<\/a><\/p>\n<p>Un conception innovante pour une durabilit\u00e9 exceptionnelle du v\u00e9rin de fl\u00e8che sur cette nouvelle pelle compacte E26 Bobcat.<\/p>\n<p><iframe style=\"border: none; overflow: hidden;\" src=\"https:\/\/www.facebook.com\/plugins\/video.php?href=https%3A%2F%2Fwww.facebook.com%2FBobcatEquipment%2Fvideos%2F879932352213019%2F&amp;width=500&amp;show_text=false&amp;appId=457844328054542&amp;height=280\" width=\"500\" height=\"280\" frameborder=\"0\" scrolling=\"no\" allowfullscreen=\"allowfullscreen\"><span style=\"display: inline-block; width: 0px; overflow: hidden; line-height: 0;\" data-mce-type=\"bookmark\" class=\"mce_SELRES_start\">\ufeff<\/span><\/iframe><\/p>\n<div>\n<p>&nbsp;<\/p>\n<p>Pour profiter de cette offre exceptionnelle, contactez notre \u00e9quipe commerciale BTP:<\/p>\n<ul>\n<li>Marc PALMISANO<br \/>\n06 76 49 88 50<br \/>\nmarc.palmisano@nova-groupe.fr<\/li>\n<\/ul>\n<\/div>\n<ul>\n<li>Benjamin TRAISSAC<br \/>\n07 87 89 24 82<br \/>\nbenjamin.traissac@nova-groupe.fr<\/li>\n<\/ul>\n<\/div>\n<ul>\n<li>Sabrina DUMONT<br \/>\n06 45 91 03 18<br \/>\nsabrina.dumont@nova-groupe.fr<\/li>\n<\/ul>\n<\/div>\n<div><\/div>\n<\/div>\n<\/div>\n<\/div>\n<\/div>\n<\/div>\n<p>&nbsp;<\/p>\n<div id=\"pl-8878\" class=\"panel-layout\">\n<div id=\"pg-8878-0\" class=\"panel-grid panel-no-style\">\n<div id=\"pgc-8878-0-0\" class=\"panel-grid-cell\" data-weight=\"1\">\n<div id=\"panel-8878-0-0-0\" class=\"so-panel widget widget_sow-editor panel-first-child panel-last-child\" data-index=\"0\" data-style=\"{&quot;background_display&quot;:&quot;tile&quot;}\">\n<div class=\"so-widget-sow-editor so-widget-sow-editor-base\">\n<div class=\"siteorigin-widget-tinymce textwidget\">\n<p><img decoding=\"async\" class=\"alignnone wp-image-11394 size-full\" title=\"prix sp\u00e9cial bobcat R series E26 canopy PELLE COMPACTE OFFRE SPECIALE PROMOTION NOVA\" src=\"https:\/\/www.nova-groupe.fr\/wp-content\/uploads\/2018\/10\/flyer-bobcat-R-series-E26-PELLE-COMPACTE-OFFRE-SPECIALE-PROMOTION-NOVA-1.jpg\" alt=\"flyer bobcat R series E26 PELLE COMPACTE OFFRE SPECIALE PROMOTION NOVA\" width=\"1131\" height=\"1600\" srcset=\"https:\/\/www.nova-groupe.fr\/wp-content\/uploads\/2018\/10\/flyer-bobcat-R-series-E26-PELLE-COMPACTE-OFFRE-SPECIALE-PROMOTION-NOVA-1.jpg 1131w, https:\/\/www.nova-groupe.fr\/wp-content\/uploads\/2018\/10\/flyer-bobcat-R-series-E26-PELLE-COMPACTE-OFFRE-SPECIALE-PROMOTION-NOVA-1-212x300.jpg 212w, https:\/\/www.nova-groupe.fr\/wp-content\/uploads\/2018\/10\/flyer-bobcat-R-series-E26-PELLE-COMPACTE-OFFRE-SPECIALE-PROMOTION-NOVA-1-768x1086.jpg 768w, https:\/\/www.nova-groupe.fr\/wp-content\/uploads\/2018\/10\/flyer-bobcat-R-series-E26-PELLE-COMPACTE-OFFRE-SPECIALE-PROMOTION-NOVA-1-724x1024.jpg 724w\" sizes=\"(max-width: 1131px) 100vw, 1131px\" \/><\/p>\n<hr \/>\n<h6 style=\"text-align: left;\">Rendez-vous vite chez NOVA: votre <a href=\"https:\/\/www.nova-groupe.fr\/fr\/nos-marques\/btp\/concessionnaire-exclusif-bobcat-vente-achat-location-paca-nova-groupe\/\" target=\"_blank\" rel=\"noopener noreferrer\">concessionnaire exclusif BOBCAT<\/a> pour profiter de cette promotion sur <strong>les d\u00e9partements 04 alpes de Hautes Provence, 05 Hautes Alpes, 06 Alpes Maritimes, 13 Bouches du Rh\u00f4ne,\u00a0 30 Gard , 83 Var et 84 Vaucluse.<\/strong><\/h6>\n<\/div>\n<p><a href=\"https:\/\/www.nova-groupe.fr\/fr\/nos-agences\/\" target=\"_blank\" rel=\"noopener noreferrer\"><img decoding=\"async\" class=\"alignnone wp-image-10125 size-full\" src=\"https:\/\/www.nova-groupe.fr\/wp-content\/uploads\/2018\/07\/cartes-des-agences-NOVA-en-PACA.png\" alt=\"\" width=\"645\" height=\"560\" \/><\/a><\/p>\n<p>Le groupe <span style=\"color: #ff6600;\"><strong>NOVA <\/strong><\/span>concessionnaire <a href=\"https:\/\/nova.concession-jd.com\/\" target=\"_blank\" rel=\"noopener noreferrer\">John Deere<\/a> , <a href=\"https:\/\/www.nova-groupe.fr\/fr\/nos-marques\/btp\/concessionnaire-exclusif-bobcat-vente-achat-location-paca-nova-groupe\/AOvVaw3UBEhZOVhHh0xyI5Doiel9\" target=\"_blank\" rel=\"noopener noreferrer\">Bobcat<\/a> et <a href=\"https:\/\/nova.stihl-revendeur.fr\/fr-fr\/\" target=\"_blank\" rel=\"noopener noreferrer\">revendeur Stihl Viking<\/a> vous accompagne dans le choix de votre recherche de mat\u00e9riels et \u00e9quipements <strong>sur la r\u00e9gion PACA<\/strong>, et \u00e0 proximit\u00e9 de <strong>Marseille, Aix-En-Provence, Avignon, Istres, Martigues, Vitrolles, Marignane, Salon de Provence, Gardanne, Cabri\u00e8s, Allauch, Aubagne, N\u00eemes, Orange, Manosque, Sisteron, S\u00e9nas, Cavaillon, Nice, Monaco, Grasse, Cannes, Fr\u00e9jus, Toulon, Al\u00e8s et Tallard\u00a0<\/strong> au travers de <a href=\"https:\/\/www.nova-groupe.fr\/fr\/accueil\/john-deere\/\" target=\"_blank\" rel=\"noopener noreferrer\">nos agences r\u00e9gionales<\/a> de <strong>Saint-Cannat, Arles, Cavaillon, Oraison, Saint Laurent Des Arbres, Gap, Carpentras, Saint Hilaire De Brethmas.<br \/>\n<\/strong><\/p>\n<hr \/>\n<div id=\"pg-9082-1\" class=\"panel-grid panel-has-style\" data-style=\"{&quot;padding&quot;:&quot;3% 0% 2% 0%&quot;,&quot;background&quot;:&quot;#f3f2eb&quot;,&quot;background_display&quot;:&quot;tile&quot;,&quot;lsow_dark_bg&quot;:&quot;&quot;,&quot;row_stretch&quot;:&quot;full&quot;}\">\n<div class=\"siteorigin-panels-stretch panel-row-style panel-row-style-for-9082-1\" data-stretch-type=\"full\">\n<div id=\"pgc-9082-1-0\" class=\"panel-grid-cell\" data-weight=\"1\">\n<div id=\"panel-9082-1-0-0\" class=\"so-panel widget widget_sow-post-carousel panel-first-child panel-last-child\" data-index=\"3\" data-style=\"{&quot;background_display&quot;:&quot;tile&quot;}\">\n<\/div>\n<\/div>\n<\/div>\n<\/div>\n<div id=\"pg-9082-2\" class=\"panel-grid panel-has-style\" data-style=\"{&quot;background_display&quot;:&quot;tile&quot;,&quot;lsow_dark_bg&quot;:&quot;&quot;,&quot;row_stretch&quot;:&quot;full-stretched&quot;,&quot;cell_alignment&quot;:&quot;flex-start&quot;}\">\n<div class=\"siteorigin-panels-stretch panel-row-style panel-row-style-for-9082-2\" data-stretch-type=\"full-stretched\">\n<div id=\"pgc-9082-2-0\" class=\"panel-grid-cell\" data-weight=\"1\">\n<div id=\"panel-9082-2-0-0\" class=\"so-panel widget widget_sow-image panel-first-child panel-last-child\" data-index=\"4\" data-style=\"{&quot;background_display&quot;:&quot;tile&quot;}\"><\/div>\n<\/div>\n<\/div>\n<\/div>\n<\/div>\n<\/div>\n<\/div>\n<\/div>\n<\/div>\n","protected":false},"excerpt":{"rendered":"<p>Profitez d&rsquo;un prix cass\u00e9 sur notre mini pelle E26 Bobcat ! Une offre unique valable jusqu&rsquo;\u00e0 la fin de l&rsquo;ann\u00e9e 2018 chez votre concessionnaire NOVA. Pr\u00e9sent\u00e9e \u00e0 l&rsquo;occasion du salon Intermat, les nouvelles pelles compactes Serie-R Bobcat font leur entr\u00e9e chez NOVA. La nouvelle version de la tr\u00e8s appr\u00e9ci\u00e9e E26 Bobcat est une machine robuste [&hellip;]<\/p>\n","protected":false},"author":3,"featured_media":11395,"comment_status":"open","ping_status":"closed","sticky":false,"template":"","format":"image","meta":{"_acf_changed":false,"_et_pb_use_builder":"","_et_pb_old_content":"","_et_gb_content_width":"","om_disable_all_campaigns":false,"_monsterinsights_skip_tracking":false,"_monsterinsights_sitenote_active":false,"_monsterinsights_sitenote_note":"","_monsterinsights_sitenote_category":0,"_uf_show_specific_survey":0,"_uf_disable_surveys":false,"footnotes":""},"categories":[1,1366],"tags":[1384,1529,1531,1535,1533,1537,1337,848,1394],"class_list":["post-11358","post","type-post","status-publish","format-image","has-post-thumbnail","hentry","category-non-classifiee","category-promotions","tag-bobcat","tag-e26","tag-intermat","tag-mini-pelle","tag-nouveautes","tag-pelle-compacte","tag-promo","tag-promotion","tag-remise","post_format-post-format-image"],"acf":[],"yoast_head":"<!-- This site is optimized with the Yoast SEO plugin v27.2 - https:\/\/yoast.com\/product\/yoast-seo-wordpress\/ -->\n<title>Tarif Exceptionnel sur la pelle compacte E26 Bobcat R Series chez Nova<\/title>\n<meta name=\"description\" content=\"Mini Pelle E26 nouveaut\u00e9 2018 Bobcat \u00e0 prix cass\u00e9 chez NOVA ! Mod\u00e8le pelle compacte E26 canopy avec attache rapide 3 godets. V\u00e9rin de fl\u00e8che prot\u00e9g\u00e9 avec montage \u00e0 l&#039;int\u00e9rieur ! Un exclusivit\u00e9 \u00e0 ne pas manquer !\" \/>\n<meta name=\"robots\" content=\"index, follow, max-snippet:-1, max-image-preview:large, max-video-preview:-1\" \/>\n<link rel=\"canonical\" href=\"https:\/\/www.nova-groupe.fr\/fr\/tarif-exceptionnel-sur-la-pelle-compacte-e26-bobcat-r-series-chez-nova\/\" \/>\n<meta property=\"og:locale\" content=\"fr_FR\" \/>\n<meta property=\"og:type\" content=\"article\" \/>\n<meta property=\"og:title\" content=\"Tarif Exceptionnel sur la pelle compacte E26 Bobcat R Series chez Nova\" \/>\n<meta property=\"og:description\" content=\"Mini Pelle E26 nouveaut\u00e9 2018 Bobcat \u00e0 prix cass\u00e9 chez NOVA ! Mod\u00e8le pelle compacte E26 canopy avec attache rapide 3 godets. V\u00e9rin de fl\u00e8che prot\u00e9g\u00e9 avec montage \u00e0 l&#039;int\u00e9rieur ! Un exclusivit\u00e9 \u00e0 ne pas manquer !\" \/>\n<meta property=\"og:url\" content=\"https:\/\/www.nova-groupe.fr\/fr\/tarif-exceptionnel-sur-la-pelle-compacte-e26-bobcat-r-series-chez-nova\/\" \/>\n<meta property=\"og:site_name\" content=\"Nova-Groupe\" \/>\n<meta property=\"article:publisher\" content=\"https:\/\/www.facebook.com\/Nova-Groupe-170173286757302\/\" \/>\n<meta property=\"article:published_time\" content=\"2018-10-30T16:31:44+00:00\" \/>\n<meta property=\"article:modified_time\" content=\"2019-09-25T15:39:44+00:00\" \/>\n<meta property=\"og:image\" content=\"https:\/\/www.nova-groupe.fr\/wp-content\/uploads\/2018\/10\/vignette-flyer-bobcat-R-series-E26-PELLE-COMPACTE-OFFRE-SPECIALE-PROMOTION-NOVA-1.jpg\" \/>\n\t<meta property=\"og:image:width\" content=\"870\" \/>\n\t<meta property=\"og:image:height\" content=\"425\" \/>\n\t<meta property=\"og:image:type\" content=\"image\/jpeg\" \/>\n<meta name=\"author\" content=\"Camille Zammit\" \/>\n<meta name=\"twitter:card\" content=\"summary_large_image\" \/>\n<meta name=\"twitter:label1\" content=\"\u00c9crit par\" \/>\n\t<meta name=\"twitter:data1\" content=\"Camille Zammit\" \/>\n\t<meta name=\"twitter:label2\" content=\"Dur\u00e9e de lecture estim\u00e9e\" \/>\n\t<meta name=\"twitter:data2\" content=\"2 minutes\" \/>\n<script type=\"application\/ld+json\" class=\"yoast-schema-graph\">{\"@context\":\"https:\/\/schema.org\",\"@graph\":[{\"@type\":\"Article\",\"@id\":\"https:\/\/www.nova-groupe.fr\/fr\/tarif-exceptionnel-sur-la-pelle-compacte-e26-bobcat-r-series-chez-nova\/#article\",\"isPartOf\":{\"@id\":\"https:\/\/www.nova-groupe.fr\/fr\/tarif-exceptionnel-sur-la-pelle-compacte-e26-bobcat-r-series-chez-nova\/\"},\"author\":{\"name\":\"Camille Zammit\",\"@id\":\"https:\/\/www.nova-groupe.fr\/fr\/#\/schema\/person\/914fc2542c7631658cdf6631980b00e6\"},\"headline\":\"Tarif Exceptionnel sur la pelle compacte E26 Bobcat R-Series chez Nova\",\"datePublished\":\"2018-10-30T16:31:44+00:00\",\"dateModified\":\"2019-09-25T15:39:44+00:00\",\"mainEntityOfPage\":{\"@id\":\"https:\/\/www.nova-groupe.fr\/fr\/tarif-exceptionnel-sur-la-pelle-compacte-e26-bobcat-r-series-chez-nova\/\"},\"wordCount\":437,\"commentCount\":0,\"image\":{\"@id\":\"https:\/\/www.nova-groupe.fr\/fr\/tarif-exceptionnel-sur-la-pelle-compacte-e26-bobcat-r-series-chez-nova\/#primaryimage\"},\"thumbnailUrl\":\"https:\/\/www.nova-groupe.fr\/wp-content\/uploads\/2018\/10\/vignette-flyer-bobcat-R-series-E26-PELLE-COMPACTE-OFFRE-SPECIALE-PROMOTION-NOVA-1.jpg\",\"keywords\":[\"bobcat\",\"e26\",\"intermat\",\"mini pelle\",\"nouveaut\u00e9s\",\"pelle compacte\",\"promo\",\"promotion\",\"remise\"],\"articleSection\":[\"Non classifi\u00e9(e)\",\"PROMOTIONS\"],\"inLanguage\":\"fr-FR\",\"potentialAction\":[{\"@type\":\"CommentAction\",\"name\":\"Comment\",\"target\":[\"https:\/\/www.nova-groupe.fr\/fr\/tarif-exceptionnel-sur-la-pelle-compacte-e26-bobcat-r-series-chez-nova\/#respond\"]}]},{\"@type\":\"WebPage\",\"@id\":\"https:\/\/www.nova-groupe.fr\/fr\/tarif-exceptionnel-sur-la-pelle-compacte-e26-bobcat-r-series-chez-nova\/\",\"url\":\"https:\/\/www.nova-groupe.fr\/fr\/tarif-exceptionnel-sur-la-pelle-compacte-e26-bobcat-r-series-chez-nova\/\",\"name\":\"Tarif Exceptionnel sur la pelle compacte E26 Bobcat R Series chez Nova\",\"isPartOf\":{\"@id\":\"https:\/\/www.nova-groupe.fr\/fr\/#website\"},\"primaryImageOfPage\":{\"@id\":\"https:\/\/www.nova-groupe.fr\/fr\/tarif-exceptionnel-sur-la-pelle-compacte-e26-bobcat-r-series-chez-nova\/#primaryimage\"},\"image\":{\"@id\":\"https:\/\/www.nova-groupe.fr\/fr\/tarif-exceptionnel-sur-la-pelle-compacte-e26-bobcat-r-series-chez-nova\/#primaryimage\"},\"thumbnailUrl\":\"https:\/\/www.nova-groupe.fr\/wp-content\/uploads\/2018\/10\/vignette-flyer-bobcat-R-series-E26-PELLE-COMPACTE-OFFRE-SPECIALE-PROMOTION-NOVA-1.jpg\",\"datePublished\":\"2018-10-30T16:31:44+00:00\",\"dateModified\":\"2019-09-25T15:39:44+00:00\",\"author\":{\"@id\":\"https:\/\/www.nova-groupe.fr\/fr\/#\/schema\/person\/914fc2542c7631658cdf6631980b00e6\"},\"description\":\"Mini Pelle E26 nouveaut\u00e9 2018 Bobcat \u00e0 prix cass\u00e9 chez NOVA ! Mod\u00e8le pelle compacte E26 canopy avec attache rapide 3 godets. V\u00e9rin de fl\u00e8che prot\u00e9g\u00e9 avec montage \u00e0 l'int\u00e9rieur ! Un exclusivit\u00e9 \u00e0 ne pas manquer !\",\"breadcrumb\":{\"@id\":\"https:\/\/www.nova-groupe.fr\/fr\/tarif-exceptionnel-sur-la-pelle-compacte-e26-bobcat-r-series-chez-nova\/#breadcrumb\"},\"inLanguage\":\"fr-FR\",\"potentialAction\":[{\"@type\":\"ReadAction\",\"target\":[\"https:\/\/www.nova-groupe.fr\/fr\/tarif-exceptionnel-sur-la-pelle-compacte-e26-bobcat-r-series-chez-nova\/\"]}]},{\"@type\":\"ImageObject\",\"inLanguage\":\"fr-FR\",\"@id\":\"https:\/\/www.nova-groupe.fr\/fr\/tarif-exceptionnel-sur-la-pelle-compacte-e26-bobcat-r-series-chez-nova\/#primaryimage\",\"url\":\"https:\/\/www.nova-groupe.fr\/wp-content\/uploads\/2018\/10\/vignette-flyer-bobcat-R-series-E26-PELLE-COMPACTE-OFFRE-SPECIALE-PROMOTION-NOVA-1.jpg\",\"contentUrl\":\"https:\/\/www.nova-groupe.fr\/wp-content\/uploads\/2018\/10\/vignette-flyer-bobcat-R-series-E26-PELLE-COMPACTE-OFFRE-SPECIALE-PROMOTION-NOVA-1.jpg\",\"width\":870,\"height\":425,\"caption\":\"offre sp\u00e9ciale prix mini pelle neuve bobcat R series E26 PELLE COMPACTE OFFRE SPECIALE PROMOTION NOVA\"},{\"@type\":\"BreadcrumbList\",\"@id\":\"https:\/\/www.nova-groupe.fr\/fr\/tarif-exceptionnel-sur-la-pelle-compacte-e26-bobcat-r-series-chez-nova\/#breadcrumb\",\"itemListElement\":[{\"@type\":\"ListItem\",\"position\":1,\"name\":\"Accueil\",\"item\":\"https:\/\/www.nova-groupe.fr\/fr\/\"},{\"@type\":\"ListItem\",\"position\":2,\"name\":\"Tarif Exceptionnel sur la pelle compacte E26 Bobcat R-Series chez Nova\"}]},{\"@type\":\"WebSite\",\"@id\":\"https:\/\/www.nova-groupe.fr\/fr\/#website\",\"url\":\"https:\/\/www.nova-groupe.fr\/fr\/\",\"name\":\"Nova-Groupe\",\"description\":\"Vente et location de mat\u00e9riel agricole, BTP, espaces verts et environnement\",\"potentialAction\":[{\"@type\":\"SearchAction\",\"target\":{\"@type\":\"EntryPoint\",\"urlTemplate\":\"https:\/\/www.nova-groupe.fr\/fr\/?s={search_term_string}\"},\"query-input\":{\"@type\":\"PropertyValueSpecification\",\"valueRequired\":true,\"valueName\":\"search_term_string\"}}],\"inLanguage\":\"fr-FR\"},{\"@type\":\"Person\",\"@id\":\"https:\/\/www.nova-groupe.fr\/fr\/#\/schema\/person\/914fc2542c7631658cdf6631980b00e6\",\"name\":\"Camille Zammit\",\"image\":{\"@type\":\"ImageObject\",\"inLanguage\":\"fr-FR\",\"@id\":\"https:\/\/secure.gravatar.com\/avatar\/0aa14d93c1a779e5d4dc40013b1fad108020ae901341f326debe748d1ec71daf?s=96&d=mm&r=g\",\"url\":\"https:\/\/secure.gravatar.com\/avatar\/0aa14d93c1a779e5d4dc40013b1fad108020ae901341f326debe748d1ec71daf?s=96&d=mm&r=g\",\"contentUrl\":\"https:\/\/secure.gravatar.com\/avatar\/0aa14d93c1a779e5d4dc40013b1fad108020ae901341f326debe748d1ec71daf?s=96&d=mm&r=g\",\"caption\":\"Camille Zammit\"}}]}<\/script>\n<!-- \/ Yoast SEO plugin. -->","yoast_head_json":{"title":"Tarif Exceptionnel sur la pelle compacte E26 Bobcat R Series chez Nova","description":"Mini Pelle E26 nouveaut\u00e9 2018 Bobcat \u00e0 prix cass\u00e9 chez NOVA ! Mod\u00e8le pelle compacte E26 canopy avec attache rapide 3 godets. V\u00e9rin de fl\u00e8che prot\u00e9g\u00e9 avec montage \u00e0 l'int\u00e9rieur ! Un exclusivit\u00e9 \u00e0 ne pas manquer !","robots":{"index":"index","follow":"follow","max-snippet":"max-snippet:-1","max-image-preview":"max-image-preview:large","max-video-preview":"max-video-preview:-1"},"canonical":"https:\/\/www.nova-groupe.fr\/fr\/tarif-exceptionnel-sur-la-pelle-compacte-e26-bobcat-r-series-chez-nova\/","og_locale":"fr_FR","og_type":"article","og_title":"Tarif Exceptionnel sur la pelle compacte E26 Bobcat R Series chez Nova","og_description":"Mini Pelle E26 nouveaut\u00e9 2018 Bobcat \u00e0 prix cass\u00e9 chez NOVA ! Mod\u00e8le pelle compacte E26 canopy avec attache rapide 3 godets. V\u00e9rin de fl\u00e8che prot\u00e9g\u00e9 avec montage \u00e0 l'int\u00e9rieur ! Un exclusivit\u00e9 \u00e0 ne pas manquer !","og_url":"https:\/\/www.nova-groupe.fr\/fr\/tarif-exceptionnel-sur-la-pelle-compacte-e26-bobcat-r-series-chez-nova\/","og_site_name":"Nova-Groupe","article_publisher":"https:\/\/www.facebook.com\/Nova-Groupe-170173286757302\/","article_published_time":"2018-10-30T16:31:44+00:00","article_modified_time":"2019-09-25T15:39:44+00:00","og_image":[{"width":870,"height":425,"url":"https:\/\/www.nova-groupe.fr\/wp-content\/uploads\/2018\/10\/vignette-flyer-bobcat-R-series-E26-PELLE-COMPACTE-OFFRE-SPECIALE-PROMOTION-NOVA-1.jpg","type":"image\/jpeg"}],"author":"Camille Zammit","twitter_card":"summary_large_image","twitter_misc":{"\u00c9crit par":"Camille Zammit","Dur\u00e9e de lecture estim\u00e9e":"2 minutes"},"schema":{"@context":"https:\/\/schema.org","@graph":[{"@type":"Article","@id":"https:\/\/www.nova-groupe.fr\/fr\/tarif-exceptionnel-sur-la-pelle-compacte-e26-bobcat-r-series-chez-nova\/#article","isPartOf":{"@id":"https:\/\/www.nova-groupe.fr\/fr\/tarif-exceptionnel-sur-la-pelle-compacte-e26-bobcat-r-series-chez-nova\/"},"author":{"name":"Camille Zammit","@id":"https:\/\/www.nova-groupe.fr\/fr\/#\/schema\/person\/914fc2542c7631658cdf6631980b00e6"},"headline":"Tarif Exceptionnel sur la pelle compacte E26 Bobcat R-Series chez Nova","datePublished":"2018-10-30T16:31:44+00:00","dateModified":"2019-09-25T15:39:44+00:00","mainEntityOfPage":{"@id":"https:\/\/www.nova-groupe.fr\/fr\/tarif-exceptionnel-sur-la-pelle-compacte-e26-bobcat-r-series-chez-nova\/"},"wordCount":437,"commentCount":0,"image":{"@id":"https:\/\/www.nova-groupe.fr\/fr\/tarif-exceptionnel-sur-la-pelle-compacte-e26-bobcat-r-series-chez-nova\/#primaryimage"},"thumbnailUrl":"https:\/\/www.nova-groupe.fr\/wp-content\/uploads\/2018\/10\/vignette-flyer-bobcat-R-series-E26-PELLE-COMPACTE-OFFRE-SPECIALE-PROMOTION-NOVA-1.jpg","keywords":["bobcat","e26","intermat","mini pelle","nouveaut\u00e9s","pelle compacte","promo","promotion","remise"],"articleSection":["Non classifi\u00e9(e)","PROMOTIONS"],"inLanguage":"fr-FR","potentialAction":[{"@type":"CommentAction","name":"Comment","target":["https:\/\/www.nova-groupe.fr\/fr\/tarif-exceptionnel-sur-la-pelle-compacte-e26-bobcat-r-series-chez-nova\/#respond"]}]},{"@type":"WebPage","@id":"https:\/\/www.nova-groupe.fr\/fr\/tarif-exceptionnel-sur-la-pelle-compacte-e26-bobcat-r-series-chez-nova\/","url":"https:\/\/www.nova-groupe.fr\/fr\/tarif-exceptionnel-sur-la-pelle-compacte-e26-bobcat-r-series-chez-nova\/","name":"Tarif Exceptionnel sur la pelle compacte E26 Bobcat R Series chez Nova","isPartOf":{"@id":"https:\/\/www.nova-groupe.fr\/fr\/#website"},"primaryImageOfPage":{"@id":"https:\/\/www.nova-groupe.fr\/fr\/tarif-exceptionnel-sur-la-pelle-compacte-e26-bobcat-r-series-chez-nova\/#primaryimage"},"image":{"@id":"https:\/\/www.nova-groupe.fr\/fr\/tarif-exceptionnel-sur-la-pelle-compacte-e26-bobcat-r-series-chez-nova\/#primaryimage"},"thumbnailUrl":"https:\/\/www.nova-groupe.fr\/wp-content\/uploads\/2018\/10\/vignette-flyer-bobcat-R-series-E26-PELLE-COMPACTE-OFFRE-SPECIALE-PROMOTION-NOVA-1.jpg","datePublished":"2018-10-30T16:31:44+00:00","dateModified":"2019-09-25T15:39:44+00:00","author":{"@id":"https:\/\/www.nova-groupe.fr\/fr\/#\/schema\/person\/914fc2542c7631658cdf6631980b00e6"},"description":"Mini Pelle E26 nouveaut\u00e9 2018 Bobcat \u00e0 prix cass\u00e9 chez NOVA ! Mod\u00e8le pelle compacte E26 canopy avec attache rapide 3 godets. V\u00e9rin de fl\u00e8che prot\u00e9g\u00e9 avec montage \u00e0 l'int\u00e9rieur ! Un exclusivit\u00e9 \u00e0 ne pas manquer !","breadcrumb":{"@id":"https:\/\/www.nova-groupe.fr\/fr\/tarif-exceptionnel-sur-la-pelle-compacte-e26-bobcat-r-series-chez-nova\/#breadcrumb"},"inLanguage":"fr-FR","potentialAction":[{"@type":"ReadAction","target":["https:\/\/www.nova-groupe.fr\/fr\/tarif-exceptionnel-sur-la-pelle-compacte-e26-bobcat-r-series-chez-nova\/"]}]},{"@type":"ImageObject","inLanguage":"fr-FR","@id":"https:\/\/www.nova-groupe.fr\/fr\/tarif-exceptionnel-sur-la-pelle-compacte-e26-bobcat-r-series-chez-nova\/#primaryimage","url":"https:\/\/www.nova-groupe.fr\/wp-content\/uploads\/2018\/10\/vignette-flyer-bobcat-R-series-E26-PELLE-COMPACTE-OFFRE-SPECIALE-PROMOTION-NOVA-1.jpg","contentUrl":"https:\/\/www.nova-groupe.fr\/wp-content\/uploads\/2018\/10\/vignette-flyer-bobcat-R-series-E26-PELLE-COMPACTE-OFFRE-SPECIALE-PROMOTION-NOVA-1.jpg","width":870,"height":425,"caption":"offre sp\u00e9ciale prix mini pelle neuve bobcat R series E26 PELLE COMPACTE OFFRE SPECIALE PROMOTION NOVA"},{"@type":"BreadcrumbList","@id":"https:\/\/www.nova-groupe.fr\/fr\/tarif-exceptionnel-sur-la-pelle-compacte-e26-bobcat-r-series-chez-nova\/#breadcrumb","itemListElement":[{"@type":"ListItem","position":1,"name":"Accueil","item":"https:\/\/www.nova-groupe.fr\/fr\/"},{"@type":"ListItem","position":2,"name":"Tarif Exceptionnel sur la pelle compacte E26 Bobcat R-Series chez Nova"}]},{"@type":"WebSite","@id":"https:\/\/www.nova-groupe.fr\/fr\/#website","url":"https:\/\/www.nova-groupe.fr\/fr\/","name":"Nova-Groupe","description":"Vente et location de mat\u00e9riel agricole, BTP, espaces verts et environnement","potentialAction":[{"@type":"SearchAction","target":{"@type":"EntryPoint","urlTemplate":"https:\/\/www.nova-groupe.fr\/fr\/?s={search_term_string}"},"query-input":{"@type":"PropertyValueSpecification","valueRequired":true,"valueName":"search_term_string"}}],"inLanguage":"fr-FR"},{"@type":"Person","@id":"https:\/\/www.nova-groupe.fr\/fr\/#\/schema\/person\/914fc2542c7631658cdf6631980b00e6","name":"Camille Zammit","image":{"@type":"ImageObject","inLanguage":"fr-FR","@id":"https:\/\/secure.gravatar.com\/avatar\/0aa14d93c1a779e5d4dc40013b1fad108020ae901341f326debe748d1ec71daf?s=96&d=mm&r=g","url":"https:\/\/secure.gravatar.com\/avatar\/0aa14d93c1a779e5d4dc40013b1fad108020ae901341f326debe748d1ec71daf?s=96&d=mm&r=g","contentUrl":"https:\/\/secure.gravatar.com\/avatar\/0aa14d93c1a779e5d4dc40013b1fad108020ae901341f326debe748d1ec71daf?s=96&d=mm&r=g","caption":"Camille Zammit"}}]}},"_links":{"self":[{"href":"https:\/\/www.nova-groupe.fr\/fr\/wp-json\/wp\/v2\/posts\/11358","targetHints":{"allow":["GET"]}}],"collection":[{"href":"https:\/\/www.nova-groupe.fr\/fr\/wp-json\/wp\/v2\/posts"}],"about":[{"href":"https:\/\/www.nova-groupe.fr\/fr\/wp-json\/wp\/v2\/types\/post"}],"author":[{"embeddable":true,"href":"https:\/\/www.nova-groupe.fr\/fr\/wp-json\/wp\/v2\/users\/3"}],"replies":[{"embeddable":true,"href":"https:\/\/www.nova-groupe.fr\/fr\/wp-json\/wp\/v2\/comments?post=11358"}],"version-history":[{"count":0,"href":"https:\/\/www.nova-groupe.fr\/fr\/wp-json\/wp\/v2\/posts\/11358\/revisions"}],"wp:featuredmedia":[{"embeddable":true,"href":"https:\/\/www.nova-groupe.fr\/fr\/wp-json\/wp\/v2\/media\/11395"}],"wp:attachment":[{"href":"https:\/\/www.nova-groupe.fr\/fr\/wp-json\/wp\/v2\/media?parent=11358"}],"wp:term":[{"taxonomy":"category","embeddable":true,"href":"https:\/\/www.nova-groupe.fr\/fr\/wp-json\/wp\/v2\/categories?post=11358"},{"taxonomy":"post_tag","embeddable":true,"href":"https:\/\/www.nova-groupe.fr\/fr\/wp-json\/wp\/v2\/tags?post=11358"}],"curies":[{"name":"wp","href":"https:\/\/api.w.org\/{rel}","templated":true}]}}