{"id":11693,"date":"2018-12-03T15:15:13","date_gmt":"2018-12-03T14:15:13","guid":{"rendered":"https:\/\/www.nova-groupe.fr\/?p=11693"},"modified":"2019-09-25T17:31:57","modified_gmt":"2019-09-25T15:31:57","slug":"fermeture-fetes-de-fin-dannee","status":"publish","type":"post","link":"https:\/\/www.nova-groupe.fr\/fr\/fermeture-fetes-de-fin-dannee\/","title":{"rendered":"Fermeture fetes de fin d&rsquo;ann\u00e9e"},"content":{"rendered":"<h1>Fermeture exceptionnelle de votre agence pendant les p\u00e9riodes de f\u00eates de fin d&rsquo;ann\u00e9e.<\/h1>\n<p>&nbsp;<\/p>\n<p><img decoding=\"async\" class=\"alignnone size-large wp-image-11694\" src=\"https:\/\/www.nova-groupe.fr\/wp-content\/uploads\/2018\/12\/fermeture-exceptionnelle-fetes-fin-ann\u00e9e-2018-nova-1024x724.jpg\" alt=\"fermeture exceptionnelle fetes fin ann\u00e9e 2018 nova\" width=\"1024\" height=\"724\" srcset=\"https:\/\/www.nova-groupe.fr\/wp-content\/uploads\/2018\/12\/fermeture-exceptionnelle-fetes-fin-ann\u00e9e-2018-nova-1024x724.jpg 1024w, https:\/\/www.nova-groupe.fr\/wp-content\/uploads\/2018\/12\/fermeture-exceptionnelle-fetes-fin-ann\u00e9e-2018-nova-300x212.jpg 300w, https:\/\/www.nova-groupe.fr\/wp-content\/uploads\/2018\/12\/fermeture-exceptionnelle-fetes-fin-ann\u00e9e-2018-nova-768x543.jpg 768w, https:\/\/www.nova-groupe.fr\/wp-content\/uploads\/2018\/12\/fermeture-exceptionnelle-fetes-fin-ann\u00e9e-2018-nova.jpg 1754w\" sizes=\"(max-width: 1024px) 100vw, 1024px\" \/><\/p>\n<p>Les f\u00eates de fin d&rsquo;ann\u00e9es approchent !<br \/>\nDurant cette p\u00e9riode, vos agences NOVA seront exceptionnellement ferm\u00e9es les jours suivants:<\/p>\n<p>\u2219 Lundi 24 D\u00e9cembre<br \/>\n\u2219 Mardi 25 D\u00e9cembre<span class=\"text_exposed_show\"><br \/>\n\u2219 Samedi 29 D\u00e9cembre<br \/>\n\u2219 Lundi 31 D\u00e9cembre<br \/>\n\u2219 Mardi 01 Janvier<br \/>\n\u2219 Samedi 05 Janvier<br \/>\n\u2219 Samedi 12 Janvier<\/span><\/p>\n<div class=\"text_exposed_show\">\n<p>En vous remerciant par avance de votre compr\u00e9hension.<\/p>\n<p>Toutes nos \u00e9quipes vous souhaitent d\u2019agr\u00e9ables f\u00eates de fin d\u2019ann\u00e9e. <span class=\"_5mfr\"><span class=\"_6qdm\">????<\/span><\/span><span class=\"_5mfr\"><span class=\"_6qdm\">????<\/span><\/span><\/p>\n<hr \/>\n<div id=\"pg-9082-1\" class=\"panel-grid panel-has-style\" data-style=\"{&quot;padding&quot;:&quot;3% 0% 2% 0%&quot;,&quot;background&quot;:&quot;#f3f2eb&quot;,&quot;background_display&quot;:&quot;tile&quot;,&quot;lsow_dark_bg&quot;:&quot;&quot;,&quot;row_stretch&quot;:&quot;full&quot;}\">\n<div class=\"siteorigin-panels-stretch panel-row-style panel-row-style-for-9082-1\" data-stretch-type=\"full\">\n<div id=\"pgc-9082-1-0\" class=\"panel-grid-cell\" data-weight=\"1\">\n<div id=\"panel-9082-1-0-0\" class=\"so-panel widget widget_sow-post-carousel panel-first-child panel-last-child\" data-index=\"3\" data-style=\"{&quot;background_display&quot;:&quot;tile&quot;}\">\n<\/div>\n<\/div>\n<\/div>\n<\/div>\n<div id=\"pg-9082-2\" class=\"panel-grid panel-has-style\" data-style=\"{&quot;background_display&quot;:&quot;tile&quot;,&quot;lsow_dark_bg&quot;:&quot;&quot;,&quot;row_stretch&quot;:&quot;full-stretched&quot;,&quot;cell_alignment&quot;:&quot;flex-start&quot;}\">\n<div class=\"siteorigin-panels-stretch panel-row-style panel-row-style-for-9082-2\" data-stretch-type=\"full-stretched\">\n<div id=\"pgc-9082-2-0\" class=\"panel-grid-cell\" data-weight=\"1\">\n<div id=\"panel-9082-2-0-0\" class=\"so-panel widget widget_sow-image panel-first-child panel-last-child\" data-index=\"4\" data-style=\"{&quot;background_display&quot;:&quot;tile&quot;}\"><\/div>\n<\/div>\n<\/div>\n<\/div>\n<\/div>\n","protected":false},"excerpt":{"rendered":"<p>Fermeture exceptionnelle de votre agence pendant les p\u00e9riodes de f\u00eates de fin d&rsquo;ann\u00e9e. &nbsp; Les f\u00eates de fin d&rsquo;ann\u00e9es approchent ! Durant cette p\u00e9riode, vos agences NOVA seront exceptionnellement ferm\u00e9es les jours suivants: \u2219 Lundi 24 D\u00e9cembre \u2219 Mardi 25 D\u00e9cembre \u2219 Samedi 29 D\u00e9cembre \u2219 Lundi 31 D\u00e9cembre \u2219 Mardi 01 Janvier \u2219 Samedi [&hellip;]<\/p>\n","protected":false},"author":3,"featured_media":11694,"comment_status":"open","ping_status":"closed","sticky":false,"template":"","format":"image","meta":{"_acf_changed":false,"_et_pb_use_builder":"","_et_pb_old_content":"","_et_gb_content_width":"","om_disable_all_campaigns":false,"_monsterinsights_skip_tracking":false,"_monsterinsights_sitenote_active":false,"_monsterinsights_sitenote_note":"","_monsterinsights_sitenote_category":0,"_uf_show_specific_survey":0,"_uf_disable_surveys":false,"footnotes":""},"categories":[1],"tags":[1596,1594,1598,934],"class_list":["post-11693","post","type-post","status-publish","format-image","has-post-thumbnail","hentry","category-non-classifiee","tag-conges","tag-fermeture","tag-jour-an","tag-noel","post_format-post-format-image"],"acf":[],"yoast_head":"<!-- This site is optimized with the Yoast SEO plugin v27.2 - https:\/\/yoast.com\/product\/yoast-seo-wordpress\/ -->\n<title>fermeture agences fetes fin ann\u00e9e<\/title>\n<meta name=\"description\" content=\"Vos agences NOVA seront exceptionnellement ferm\u00e9es les jours suivants: \u00b7 Lundi 24 D\u00e9cembre \u00b7 Mardi 25 D\u00e9cembre \u00b7 Samedi 29 D\u00e9cembre \u00b7 Lundi 31 D\u00e9cembre \u00b7 Mardi 01 Janvier \u00b7 Samedi 05 Janvier \u00b7 Samedi 12 Janvier En vous remerciant par avance de votre compr\u00e9hension. Toutes nos \u00e9quipes vous souhaitent d\u2019agr\u00e9ables f\u00eates de fin d\u2019ann\u00e9e.\" \/>\n<meta name=\"robots\" content=\"index, follow, max-snippet:-1, max-image-preview:large, max-video-preview:-1\" \/>\n<link rel=\"canonical\" href=\"https:\/\/www.nova-groupe.fr\/fr\/fermeture-fetes-de-fin-dannee\/\" \/>\n<meta property=\"og:locale\" content=\"fr_FR\" \/>\n<meta property=\"og:type\" content=\"article\" \/>\n<meta property=\"og:title\" content=\"fermeture agences fetes fin ann\u00e9e\" \/>\n<meta property=\"og:description\" content=\"Vos agences NOVA seront exceptionnellement ferm\u00e9es les jours suivants: \u00b7 Lundi 24 D\u00e9cembre \u00b7 Mardi 25 D\u00e9cembre \u00b7 Samedi 29 D\u00e9cembre \u00b7 Lundi 31 D\u00e9cembre \u00b7 Mardi 01 Janvier \u00b7 Samedi 05 Janvier \u00b7 Samedi 12 Janvier En vous remerciant par avance de votre compr\u00e9hension. Toutes nos \u00e9quipes vous souhaitent d\u2019agr\u00e9ables f\u00eates de fin d\u2019ann\u00e9e.\" \/>\n<meta property=\"og:url\" content=\"https:\/\/www.nova-groupe.fr\/fr\/fermeture-fetes-de-fin-dannee\/\" \/>\n<meta property=\"og:site_name\" content=\"Nova-Groupe\" \/>\n<meta property=\"article:publisher\" content=\"https:\/\/www.facebook.com\/Nova-Groupe-170173286757302\/\" \/>\n<meta property=\"article:published_time\" content=\"2018-12-03T14:15:13+00:00\" \/>\n<meta property=\"article:modified_time\" content=\"2019-09-25T15:31:57+00:00\" \/>\n<meta property=\"og:image\" content=\"https:\/\/www.nova-groupe.fr\/wp-content\/uploads\/2018\/12\/fermeture-exceptionnelle-fetes-fin-ann\u00e9e-2018-nova.jpg\" \/>\n\t<meta property=\"og:image:width\" content=\"1754\" \/>\n\t<meta property=\"og:image:height\" content=\"1240\" \/>\n\t<meta property=\"og:image:type\" content=\"image\/jpeg\" \/>\n<meta name=\"author\" content=\"Camille Zammit\" \/>\n<meta name=\"twitter:card\" content=\"summary_large_image\" \/>\n<meta name=\"twitter:label1\" content=\"\u00c9crit par\" \/>\n\t<meta name=\"twitter:data1\" content=\"Camille Zammit\" \/>\n<script type=\"application\/ld+json\" class=\"yoast-schema-graph\">{\"@context\":\"https:\/\/schema.org\",\"@graph\":[{\"@type\":\"Article\",\"@id\":\"https:\/\/www.nova-groupe.fr\/fr\/fermeture-fetes-de-fin-dannee\/#article\",\"isPartOf\":{\"@id\":\"https:\/\/www.nova-groupe.fr\/fr\/fermeture-fetes-de-fin-dannee\/\"},\"author\":{\"name\":\"Camille Zammit\",\"@id\":\"https:\/\/www.nova-groupe.fr\/fr\/#\/schema\/person\/914fc2542c7631658cdf6631980b00e6\"},\"headline\":\"Fermeture fetes de fin d&rsquo;ann\u00e9e\",\"datePublished\":\"2018-12-03T14:15:13+00:00\",\"dateModified\":\"2019-09-25T15:31:57+00:00\",\"mainEntityOfPage\":{\"@id\":\"https:\/\/www.nova-groupe.fr\/fr\/fermeture-fetes-de-fin-dannee\/\"},\"wordCount\":90,\"commentCount\":0,\"image\":{\"@id\":\"https:\/\/www.nova-groupe.fr\/fr\/fermeture-fetes-de-fin-dannee\/#primaryimage\"},\"thumbnailUrl\":\"https:\/\/www.nova-groupe.fr\/wp-content\/uploads\/2018\/12\/fermeture-exceptionnelle-fetes-fin-ann\u00e9e-2018-nova.jpg\",\"keywords\":[\"conges\",\"fermeture\",\"jour an\",\"noel\"],\"articleSection\":[\"Non classifi\u00e9(e)\"],\"inLanguage\":\"fr-FR\",\"potentialAction\":[{\"@type\":\"CommentAction\",\"name\":\"Comment\",\"target\":[\"https:\/\/www.nova-groupe.fr\/fr\/fermeture-fetes-de-fin-dannee\/#respond\"]}]},{\"@type\":\"WebPage\",\"@id\":\"https:\/\/www.nova-groupe.fr\/fr\/fermeture-fetes-de-fin-dannee\/\",\"url\":\"https:\/\/www.nova-groupe.fr\/fr\/fermeture-fetes-de-fin-dannee\/\",\"name\":\"fermeture agences fetes fin ann\u00e9e\",\"isPartOf\":{\"@id\":\"https:\/\/www.nova-groupe.fr\/fr\/#website\"},\"primaryImageOfPage\":{\"@id\":\"https:\/\/www.nova-groupe.fr\/fr\/fermeture-fetes-de-fin-dannee\/#primaryimage\"},\"image\":{\"@id\":\"https:\/\/www.nova-groupe.fr\/fr\/fermeture-fetes-de-fin-dannee\/#primaryimage\"},\"thumbnailUrl\":\"https:\/\/www.nova-groupe.fr\/wp-content\/uploads\/2018\/12\/fermeture-exceptionnelle-fetes-fin-ann\u00e9e-2018-nova.jpg\",\"datePublished\":\"2018-12-03T14:15:13+00:00\",\"dateModified\":\"2019-09-25T15:31:57+00:00\",\"author\":{\"@id\":\"https:\/\/www.nova-groupe.fr\/fr\/#\/schema\/person\/914fc2542c7631658cdf6631980b00e6\"},\"description\":\"Vos agences NOVA seront exceptionnellement ferm\u00e9es les jours suivants: \u00b7 Lundi 24 D\u00e9cembre \u00b7 Mardi 25 D\u00e9cembre \u00b7 Samedi 29 D\u00e9cembre \u00b7 Lundi 31 D\u00e9cembre \u00b7 Mardi 01 Janvier \u00b7 Samedi 05 Janvier \u00b7 Samedi 12 Janvier En vous remerciant par avance de votre compr\u00e9hension. Toutes nos \u00e9quipes vous souhaitent d\u2019agr\u00e9ables f\u00eates de fin d\u2019ann\u00e9e.\",\"breadcrumb\":{\"@id\":\"https:\/\/www.nova-groupe.fr\/fr\/fermeture-fetes-de-fin-dannee\/#breadcrumb\"},\"inLanguage\":\"fr-FR\",\"potentialAction\":[{\"@type\":\"ReadAction\",\"target\":[\"https:\/\/www.nova-groupe.fr\/fr\/fermeture-fetes-de-fin-dannee\/\"]}]},{\"@type\":\"ImageObject\",\"inLanguage\":\"fr-FR\",\"@id\":\"https:\/\/www.nova-groupe.fr\/fr\/fermeture-fetes-de-fin-dannee\/#primaryimage\",\"url\":\"https:\/\/www.nova-groupe.fr\/wp-content\/uploads\/2018\/12\/fermeture-exceptionnelle-fetes-fin-ann\u00e9e-2018-nova.jpg\",\"contentUrl\":\"https:\/\/www.nova-groupe.fr\/wp-content\/uploads\/2018\/12\/fermeture-exceptionnelle-fetes-fin-ann\u00e9e-2018-nova.jpg\",\"width\":1754,\"height\":1240,\"caption\":\"fermeture exceptionnelle fetes fin ann\u00e9e 2018 nova\"},{\"@type\":\"BreadcrumbList\",\"@id\":\"https:\/\/www.nova-groupe.fr\/fr\/fermeture-fetes-de-fin-dannee\/#breadcrumb\",\"itemListElement\":[{\"@type\":\"ListItem\",\"position\":1,\"name\":\"Accueil\",\"item\":\"https:\/\/www.nova-groupe.fr\/fr\/\"},{\"@type\":\"ListItem\",\"position\":2,\"name\":\"Fermeture fetes de fin d&rsquo;ann\u00e9e\"}]},{\"@type\":\"WebSite\",\"@id\":\"https:\/\/www.nova-groupe.fr\/fr\/#website\",\"url\":\"https:\/\/www.nova-groupe.fr\/fr\/\",\"name\":\"Nova-Groupe\",\"description\":\"Vente et location de mat\u00e9riel agricole, BTP, espaces verts et environnement\",\"potentialAction\":[{\"@type\":\"SearchAction\",\"target\":{\"@type\":\"EntryPoint\",\"urlTemplate\":\"https:\/\/www.nova-groupe.fr\/fr\/?s={search_term_string}\"},\"query-input\":{\"@type\":\"PropertyValueSpecification\",\"valueRequired\":true,\"valueName\":\"search_term_string\"}}],\"inLanguage\":\"fr-FR\"},{\"@type\":\"Person\",\"@id\":\"https:\/\/www.nova-groupe.fr\/fr\/#\/schema\/person\/914fc2542c7631658cdf6631980b00e6\",\"name\":\"Camille Zammit\",\"image\":{\"@type\":\"ImageObject\",\"inLanguage\":\"fr-FR\",\"@id\":\"https:\/\/secure.gravatar.com\/avatar\/0aa14d93c1a779e5d4dc40013b1fad108020ae901341f326debe748d1ec71daf?s=96&d=mm&r=g\",\"url\":\"https:\/\/secure.gravatar.com\/avatar\/0aa14d93c1a779e5d4dc40013b1fad108020ae901341f326debe748d1ec71daf?s=96&d=mm&r=g\",\"contentUrl\":\"https:\/\/secure.gravatar.com\/avatar\/0aa14d93c1a779e5d4dc40013b1fad108020ae901341f326debe748d1ec71daf?s=96&d=mm&r=g\",\"caption\":\"Camille Zammit\"}}]}<\/script>\n<!-- \/ Yoast SEO plugin. -->","yoast_head_json":{"title":"fermeture agences fetes fin ann\u00e9e","description":"Vos agences NOVA seront exceptionnellement ferm\u00e9es les jours suivants: \u00b7 Lundi 24 D\u00e9cembre \u00b7 Mardi 25 D\u00e9cembre \u00b7 Samedi 29 D\u00e9cembre \u00b7 Lundi 31 D\u00e9cembre \u00b7 Mardi 01 Janvier \u00b7 Samedi 05 Janvier \u00b7 Samedi 12 Janvier En vous remerciant par avance de votre compr\u00e9hension. Toutes nos \u00e9quipes vous souhaitent d\u2019agr\u00e9ables f\u00eates de fin d\u2019ann\u00e9e.","robots":{"index":"index","follow":"follow","max-snippet":"max-snippet:-1","max-image-preview":"max-image-preview:large","max-video-preview":"max-video-preview:-1"},"canonical":"https:\/\/www.nova-groupe.fr\/fr\/fermeture-fetes-de-fin-dannee\/","og_locale":"fr_FR","og_type":"article","og_title":"fermeture agences fetes fin ann\u00e9e","og_description":"Vos agences NOVA seront exceptionnellement ferm\u00e9es les jours suivants: \u00b7 Lundi 24 D\u00e9cembre \u00b7 Mardi 25 D\u00e9cembre \u00b7 Samedi 29 D\u00e9cembre \u00b7 Lundi 31 D\u00e9cembre \u00b7 Mardi 01 Janvier \u00b7 Samedi 05 Janvier \u00b7 Samedi 12 Janvier En vous remerciant par avance de votre compr\u00e9hension. Toutes nos \u00e9quipes vous souhaitent d\u2019agr\u00e9ables f\u00eates de fin d\u2019ann\u00e9e.","og_url":"https:\/\/www.nova-groupe.fr\/fr\/fermeture-fetes-de-fin-dannee\/","og_site_name":"Nova-Groupe","article_publisher":"https:\/\/www.facebook.com\/Nova-Groupe-170173286757302\/","article_published_time":"2018-12-03T14:15:13+00:00","article_modified_time":"2019-09-25T15:31:57+00:00","og_image":[{"width":1754,"height":1240,"url":"https:\/\/www.nova-groupe.fr\/wp-content\/uploads\/2018\/12\/fermeture-exceptionnelle-fetes-fin-ann\u00e9e-2018-nova.jpg","type":"image\/jpeg"}],"author":"Camille Zammit","twitter_card":"summary_large_image","twitter_misc":{"\u00c9crit par":"Camille Zammit"},"schema":{"@context":"https:\/\/schema.org","@graph":[{"@type":"Article","@id":"https:\/\/www.nova-groupe.fr\/fr\/fermeture-fetes-de-fin-dannee\/#article","isPartOf":{"@id":"https:\/\/www.nova-groupe.fr\/fr\/fermeture-fetes-de-fin-dannee\/"},"author":{"name":"Camille Zammit","@id":"https:\/\/www.nova-groupe.fr\/fr\/#\/schema\/person\/914fc2542c7631658cdf6631980b00e6"},"headline":"Fermeture fetes de fin d&rsquo;ann\u00e9e","datePublished":"2018-12-03T14:15:13+00:00","dateModified":"2019-09-25T15:31:57+00:00","mainEntityOfPage":{"@id":"https:\/\/www.nova-groupe.fr\/fr\/fermeture-fetes-de-fin-dannee\/"},"wordCount":90,"commentCount":0,"image":{"@id":"https:\/\/www.nova-groupe.fr\/fr\/fermeture-fetes-de-fin-dannee\/#primaryimage"},"thumbnailUrl":"https:\/\/www.nova-groupe.fr\/wp-content\/uploads\/2018\/12\/fermeture-exceptionnelle-fetes-fin-ann\u00e9e-2018-nova.jpg","keywords":["conges","fermeture","jour an","noel"],"articleSection":["Non classifi\u00e9(e)"],"inLanguage":"fr-FR","potentialAction":[{"@type":"CommentAction","name":"Comment","target":["https:\/\/www.nova-groupe.fr\/fr\/fermeture-fetes-de-fin-dannee\/#respond"]}]},{"@type":"WebPage","@id":"https:\/\/www.nova-groupe.fr\/fr\/fermeture-fetes-de-fin-dannee\/","url":"https:\/\/www.nova-groupe.fr\/fr\/fermeture-fetes-de-fin-dannee\/","name":"fermeture agences fetes fin ann\u00e9e","isPartOf":{"@id":"https:\/\/www.nova-groupe.fr\/fr\/#website"},"primaryImageOfPage":{"@id":"https:\/\/www.nova-groupe.fr\/fr\/fermeture-fetes-de-fin-dannee\/#primaryimage"},"image":{"@id":"https:\/\/www.nova-groupe.fr\/fr\/fermeture-fetes-de-fin-dannee\/#primaryimage"},"thumbnailUrl":"https:\/\/www.nova-groupe.fr\/wp-content\/uploads\/2018\/12\/fermeture-exceptionnelle-fetes-fin-ann\u00e9e-2018-nova.jpg","datePublished":"2018-12-03T14:15:13+00:00","dateModified":"2019-09-25T15:31:57+00:00","author":{"@id":"https:\/\/www.nova-groupe.fr\/fr\/#\/schema\/person\/914fc2542c7631658cdf6631980b00e6"},"description":"Vos agences NOVA seront exceptionnellement ferm\u00e9es les jours suivants: \u00b7 Lundi 24 D\u00e9cembre \u00b7 Mardi 25 D\u00e9cembre \u00b7 Samedi 29 D\u00e9cembre \u00b7 Lundi 31 D\u00e9cembre \u00b7 Mardi 01 Janvier \u00b7 Samedi 05 Janvier \u00b7 Samedi 12 Janvier En vous remerciant par avance de votre compr\u00e9hension. Toutes nos \u00e9quipes vous souhaitent d\u2019agr\u00e9ables f\u00eates de fin d\u2019ann\u00e9e.","breadcrumb":{"@id":"https:\/\/www.nova-groupe.fr\/fr\/fermeture-fetes-de-fin-dannee\/#breadcrumb"},"inLanguage":"fr-FR","potentialAction":[{"@type":"ReadAction","target":["https:\/\/www.nova-groupe.fr\/fr\/fermeture-fetes-de-fin-dannee\/"]}]},{"@type":"ImageObject","inLanguage":"fr-FR","@id":"https:\/\/www.nova-groupe.fr\/fr\/fermeture-fetes-de-fin-dannee\/#primaryimage","url":"https:\/\/www.nova-groupe.fr\/wp-content\/uploads\/2018\/12\/fermeture-exceptionnelle-fetes-fin-ann\u00e9e-2018-nova.jpg","contentUrl":"https:\/\/www.nova-groupe.fr\/wp-content\/uploads\/2018\/12\/fermeture-exceptionnelle-fetes-fin-ann\u00e9e-2018-nova.jpg","width":1754,"height":1240,"caption":"fermeture exceptionnelle fetes fin ann\u00e9e 2018 nova"},{"@type":"BreadcrumbList","@id":"https:\/\/www.nova-groupe.fr\/fr\/fermeture-fetes-de-fin-dannee\/#breadcrumb","itemListElement":[{"@type":"ListItem","position":1,"name":"Accueil","item":"https:\/\/www.nova-groupe.fr\/fr\/"},{"@type":"ListItem","position":2,"name":"Fermeture fetes de fin d&rsquo;ann\u00e9e"}]},{"@type":"WebSite","@id":"https:\/\/www.nova-groupe.fr\/fr\/#website","url":"https:\/\/www.nova-groupe.fr\/fr\/","name":"Nova-Groupe","description":"Vente et location de mat\u00e9riel agricole, BTP, espaces verts et environnement","potentialAction":[{"@type":"SearchAction","target":{"@type":"EntryPoint","urlTemplate":"https:\/\/www.nova-groupe.fr\/fr\/?s={search_term_string}"},"query-input":{"@type":"PropertyValueSpecification","valueRequired":true,"valueName":"search_term_string"}}],"inLanguage":"fr-FR"},{"@type":"Person","@id":"https:\/\/www.nova-groupe.fr\/fr\/#\/schema\/person\/914fc2542c7631658cdf6631980b00e6","name":"Camille Zammit","image":{"@type":"ImageObject","inLanguage":"fr-FR","@id":"https:\/\/secure.gravatar.com\/avatar\/0aa14d93c1a779e5d4dc40013b1fad108020ae901341f326debe748d1ec71daf?s=96&d=mm&r=g","url":"https:\/\/secure.gravatar.com\/avatar\/0aa14d93c1a779e5d4dc40013b1fad108020ae901341f326debe748d1ec71daf?s=96&d=mm&r=g","contentUrl":"https:\/\/secure.gravatar.com\/avatar\/0aa14d93c1a779e5d4dc40013b1fad108020ae901341f326debe748d1ec71daf?s=96&d=mm&r=g","caption":"Camille Zammit"}}]}},"_links":{"self":[{"href":"https:\/\/www.nova-groupe.fr\/fr\/wp-json\/wp\/v2\/posts\/11693","targetHints":{"allow":["GET"]}}],"collection":[{"href":"https:\/\/www.nova-groupe.fr\/fr\/wp-json\/wp\/v2\/posts"}],"about":[{"href":"https:\/\/www.nova-groupe.fr\/fr\/wp-json\/wp\/v2\/types\/post"}],"author":[{"embeddable":true,"href":"https:\/\/www.nova-groupe.fr\/fr\/wp-json\/wp\/v2\/users\/3"}],"replies":[{"embeddable":true,"href":"https:\/\/www.nova-groupe.fr\/fr\/wp-json\/wp\/v2\/comments?post=11693"}],"version-history":[{"count":0,"href":"https:\/\/www.nova-groupe.fr\/fr\/wp-json\/wp\/v2\/posts\/11693\/revisions"}],"wp:featuredmedia":[{"embeddable":true,"href":"https:\/\/www.nova-groupe.fr\/fr\/wp-json\/wp\/v2\/media\/11694"}],"wp:attachment":[{"href":"https:\/\/www.nova-groupe.fr\/fr\/wp-json\/wp\/v2\/media?parent=11693"}],"wp:term":[{"taxonomy":"category","embeddable":true,"href":"https:\/\/www.nova-groupe.fr\/fr\/wp-json\/wp\/v2\/categories?post=11693"},{"taxonomy":"post_tag","embeddable":true,"href":"https:\/\/www.nova-groupe.fr\/fr\/wp-json\/wp\/v2\/tags?post=11693"}],"curies":[{"name":"wp","href":"https:\/\/api.w.org\/{rel}","templated":true}]}}