{"id":12147,"date":"2019-03-01T08:03:47","date_gmt":"2019-03-01T07:03:47","guid":{"rendered":"https:\/\/www.nova-groupe.fr\/?p=12147"},"modified":"2019-09-25T17:23:33","modified_gmt":"2019-09-25T15:23:33","slug":"offres-pellenc-2019-pack-zero-phyto-tondeuse-rasion-tva-offerte-taille-haies-helion-lamier-offert","status":"publish","type":"post","link":"https:\/\/www.nova-groupe.fr\/fr\/offres-pellenc-2019-pack-zero-phyto-tondeuse-rasion-tva-offerte-taille-haies-helion-lamier-offert\/","title":{"rendered":"Offres PELLENC jusqu&rsquo;au 30 Juin 2019"},"content":{"rendered":"<div id=\"pl-12147\" class=\"panel-layout\">\n<div id=\"pg-12147-0\" class=\"panel-grid panel-no-style\">\n<div id=\"pgc-12147-0-0\" class=\"panel-grid-cell\" data-weight=\"1\">\n<div id=\"panel-12147-0-0-0\" class=\"so-panel widget widget_sow-editor panel-first-child panel-last-child\" data-index=\"0\" data-style=\"{&quot;background_display&quot;:&quot;tile&quot;}\">\n<div class=\"so-widget-sow-editor so-widget-sow-editor-base\">\n<h1 class=\"widget-title\">Offres PELLENC : tondeuse, taille haies, pack ZERO phyto ! Valables jusqu&rsquo;au 30 Juin 2019<\/h1>\n<div class=\"siteorigin-widget-tinymce textwidget\">\n<div id=\"1\" class=\"onepager-details\">\n<div class=\"col_50 floating\">\n<h2>Tondeuse RASION 100% \u00e9lectrique !<\/h2>\n<h3><strong>Valeur de la tva OFFERTE ! Soit 20% du montant HT, pour l&rsquo;achat d&rsquo;une tondeuse de la gamme Rasion.<br \/>\n<\/strong><\/h3>\n<p><a href=\"https:\/\/pellenc.com\/gct\/actualites\/offre-tondeuse-rasion-valeur-de-la-tva-offerte\/\" target=\"_blank\" rel=\"noopener noreferrer\">&gt; plus d&rsquo;informations<\/a><\/p>\n<h3><a href=\"https:\/\/www.nova-groupe.fr\/wp-content\/uploads\/2019\/02\/pellenc-rasion-banner-1185x370_FRE.jpg\"><img decoding=\"async\" class=\"alignnone wp-image-12150 size-large\" src=\"https:\/\/www.nova-groupe.fr\/wp-content\/uploads\/2019\/02\/pellenc-rasion-banner-1185x370_FRE-1024x320.jpg\" alt=\"pellenc-rasion-tva offerte chez nova\" width=\"1024\" height=\"320\" srcset=\"https:\/\/www.nova-groupe.fr\/wp-content\/uploads\/2019\/02\/pellenc-rasion-banner-1185x370_FRE-1024x320.jpg 1024w, https:\/\/www.nova-groupe.fr\/wp-content\/uploads\/2019\/02\/pellenc-rasion-banner-1185x370_FRE-300x94.jpg 300w, https:\/\/www.nova-groupe.fr\/wp-content\/uploads\/2019\/02\/pellenc-rasion-banner-1185x370_FRE-768x240.jpg 768w, https:\/\/www.nova-groupe.fr\/wp-content\/uploads\/2019\/02\/pellenc-rasion-banner-1185x370_FRE.jpg 1185w\" sizes=\"(max-width: 1024px) 100vw, 1024px\" \/><\/a><\/h3>\n<p><a href=\"https:\/\/www.nova-groupe.fr\/wp-content\/uploads\/2018\/04\/PELLENC-RASION2018_Page_2.jpg\"><img decoding=\"async\" class=\"alignnone wp-image-9391 size-medium\" src=\"https:\/\/www.nova-groupe.fr\/wp-content\/uploads\/2018\/04\/PELLENC-RASION2018_Page_2-286x300.jpg\" alt=\"tondeuse rasion pellenc descriptif\" width=\"286\" height=\"300\" srcset=\"https:\/\/www.nova-groupe.fr\/wp-content\/uploads\/2018\/04\/PELLENC-RASION2018_Page_2-286x300.jpg 286w, https:\/\/www.nova-groupe.fr\/wp-content\/uploads\/2018\/04\/PELLENC-RASION2018_Page_2-768x806.jpg 768w, https:\/\/www.nova-groupe.fr\/wp-content\/uploads\/2018\/04\/PELLENC-RASION2018_Page_2-975x1024.jpg 975w\" sizes=\"(max-width: 286px) 100vw, 286px\" \/><\/a>\u00a0 <a href=\"https:\/\/www.nova-groupe.fr\/wp-content\/uploads\/2018\/04\/Pellenc-Tondeuse-Rasion-Smart-IL-FRE.jpg\"><img decoding=\"async\" class=\"alignnone wp-image-9392 size-medium\" src=\"https:\/\/www.nova-groupe.fr\/wp-content\/uploads\/2018\/04\/Pellenc-Tondeuse-Rasion-Smart-IL-FRE-300x188.jpg\" alt=\"tondeuse rasion pellenc fiche tecnique\" width=\"300\" height=\"188\" srcset=\"https:\/\/www.nova-groupe.fr\/wp-content\/uploads\/2018\/04\/Pellenc-Tondeuse-Rasion-Smart-IL-FRE-300x188.jpg 300w, https:\/\/www.nova-groupe.fr\/wp-content\/uploads\/2018\/04\/Pellenc-Tondeuse-Rasion-Smart-IL-FRE-768x481.jpg 768w, https:\/\/www.nova-groupe.fr\/wp-content\/uploads\/2018\/04\/Pellenc-Tondeuse-Rasion-Smart-IL-FRE-1024x641.jpg 1024w, https:\/\/www.nova-groupe.fr\/wp-content\/uploads\/2018\/04\/Pellenc-Tondeuse-Rasion-Smart-IL-FRE.jpg 1150w\" sizes=\"(max-width: 300px) 100vw, 300px\" \/><\/a><\/p>\n<\/div>\n<div class=\"col_50 floating\">\n<p>Associez <strong>productivit\u00e9<\/strong> et <strong>autonomie<\/strong> avec cette gamme de tondeuses con\u00e7ues pour am\u00e9liorer vos conditions de travail. <strong>Ultra-maniable, l\u00e9g\u00e8re et compacte, et d\u2019une puissance professionnelle<\/strong>, la gamme de <a href=\"https:\/\/pellenc.com\/gct\/produits\/tondeuse-rasion\/\" target=\"_blank\" rel=\"noopener noreferrer\"><strong>tondeuses RASION<\/strong><\/a> se transporte facilement et offre une qualit\u00e9 de tonte irr\u00e9prochable.<\/p>\n<\/div>\n<\/div>\n<div class=\"flex_cell no_margin av_two_third avia-builder-el-3 el_before_av_cell_one_third avia-builder-el-first \">\n<div class=\"flex_cell_inner\">\n<div class=\"flex_column av_one_half flex_column_div first avia-builder-el-7 el_after_av_hr el_before_av_one_half \">\n<section class=\"av_textblock_section\">\n<div class=\"avia_textblock \">\n<h3>Productivit\u00e9:<\/h3>\n<ul>\n<li>Rendement de coupe sup\u00e9rieur de 30% \u00e0 une\u00a0 tondeuse classique.<\/li>\n<li>Tonte parfaite gr\u00e2ce aux <strong>doubles couteaux synchronis\u00e9s<\/strong>.<\/li>\n<li>Lames universelles (ramassage + <strong>mulching<\/strong>) de s\u00e9rie.<\/li>\n<li><strong>Compactage<\/strong> du bac optimis\u00e9 gr\u00e2ce \u00e0 une tonte plus fine : 70L soit plus de 10 kg d\u2019herbe.<\/li>\n<li>D\u00e9bourrage automatique (Brevet PELLENC).<\/li>\n<li>Tonte r\u00e9guli\u00e8re <strong>sans traces de roues au sol<\/strong>.<\/li>\n<li>Gain de temps avec une adaptation de la vitesse de rotation des couteaux en fonction de la <strong>densit\u00e9 de l\u2019herbe (D\u00e9tecteur Infra-rouge<\/strong> ICC*).<\/li>\n<li>Plus de surface couverte gr\u00e2ce \u00e0 une <strong>grande largeur de coupe<\/strong>.<\/li>\n<li>Travail par tous les temps : <strong>\u00e9tanch\u00e9it\u00e9 IP54.<\/strong><\/li>\n<\/ul>\n<p><em>*Intellingent Cutting Control Brevet PELLENC<\/em><\/p>\n<\/div>\n<\/section>\n<section class=\"av_textblock_section\">\n<div class=\"avia_textblock \">\n<h3>Autonome:<\/h3>\n<div class=\"content_liste\">\n<div class=\"ligne_list\">\n<ul>\n<li>Jusqu\u2019\u00e0 <strong>5 heures de tonte<\/strong> soit <strong>5000 m2<\/strong> avec la batterie 1500.<\/li>\n<\/ul>\n<\/div>\n<\/div>\n<\/div>\n<\/section>\n<\/div>\n<div class=\"flex_column av_one_half flex_column_div avia-builder-el-10 el_after_av_one_half avia-builder-el-last \">\n<section class=\"av_textblock_section\">\n<div class=\"avia_textblock \">\n<h3>Ergonomique:<\/h3>\n<ul>\n<li><strong>Ultra-maniables<\/strong> gr\u00e2ce \u00e0 la fonction roues libres avant Zero Turn et leurs poids plume.<\/li>\n<li><strong>L\u00e9g\u00e8res<\/strong> : moins de 30 kg.<\/li>\n<li>Guidon et poign\u00e9e r\u00e9glables adapt\u00e9s \u00e0 toutes les morphologies.<\/li>\n<li>Compactes<\/li>\n<li><strong>Nettoyage s\u00e9curis\u00e9.<\/strong><\/li>\n<li>Position de transport et de stockage.<\/li>\n<\/ul>\n<\/div>\n<\/section>\n<section class=\"av_textblock_section\">\n<div class=\"avia_textblock \">\n<h3>Durable:<\/h3>\n<ul>\n<li>Pas de gestion, ni de consommation d\u2019essence, ce qui \u00e9vite les encrassements et r\u00e9duit l\u2019entretien.<\/li>\n<li><strong>Consommation sobre<\/strong> en \u00e9nergie gr\u00e2ce au moteur \u00e0 rendement \u00e9lev\u00e9 de 93\u202f%.<\/li>\n<li><strong>Nuisance sonore r\u00e9duite et absence de nuisance olfactive<\/strong> autorisant un travail en zone sensible et \u00e0 toutes heures de la journ\u00e9e.<\/li>\n<\/ul>\n<p>&nbsp;<\/p>\n<\/div>\n<\/section>\n<\/div>\n<\/div>\n<\/div>\n<hr \/>\n<h2>Le taille-haie <span class=\"highlightNode\">Helion<\/span> 2 PELLENC<\/h2>\n<h3>Du 1er mars au 30 juin 2019, <strong>un lamier 63 cm offert<\/strong> pour l&rsquo;achat d&rsquo;un taille-haies Helion 2 avec un lamier 63 ou 75 cm et d&rsquo;une batterie ULiB 700 \/ 1200 ou 1500.<\/h3>\n<p>Il poss\u00e8de tous les atouts pour vous s\u00e9duire : <strong>puissant, l\u00e9ger et rentable,<\/strong> il s&rsquo;adapte tout aussi bien aux hommes qu&rsquo;aux femmes<strong> pour un travail ultra pr\u00e9cis.<\/strong><\/p>\n<p><a href=\"https:\/\/pellenc.com\/gct\/actualites\/un-lamier-63-cm-offert\/\" target=\"_blank\" rel=\"noopener noreferrer\">&gt; plus d&rsquo;informations<\/a><\/p>\n<div class=\"hr hr-invisible avia-builder-el-6 el_after_av_one_full el_before_av_one_half \"><a href=\"https:\/\/www.nova-groupe.fr\/wp-content\/uploads\/2019\/02\/pellenc-helion2-65cm-banner-1185x370_FRE.jpg\"><img decoding=\"async\" class=\"alignnone wp-image-12151 size-large\" src=\"https:\/\/www.nova-groupe.fr\/wp-content\/uploads\/2019\/02\/pellenc-helion2-65cm-banner-1185x370_FRE-1024x320.jpg\" alt=\"pellenc-helion2-lamier offert chez nova paca\" width=\"1024\" height=\"320\" srcset=\"https:\/\/www.nova-groupe.fr\/wp-content\/uploads\/2019\/02\/pellenc-helion2-65cm-banner-1185x370_FRE-1024x320.jpg 1024w, https:\/\/www.nova-groupe.fr\/wp-content\/uploads\/2019\/02\/pellenc-helion2-65cm-banner-1185x370_FRE-300x94.jpg 300w, https:\/\/www.nova-groupe.fr\/wp-content\/uploads\/2019\/02\/pellenc-helion2-65cm-banner-1185x370_FRE-768x240.jpg 768w, https:\/\/www.nova-groupe.fr\/wp-content\/uploads\/2019\/02\/pellenc-helion2-65cm-banner-1185x370_FRE.jpg 1185w\" sizes=\"(max-width: 1024px) 100vw, 1024px\" \/><\/a><\/div>\n<div><\/div>\n<div><\/div>\n<div class=\"hr hr-invisible avia-builder-el-6 el_after_av_one_full el_before_av_one_half \"><a href=\"https:\/\/www.nova-groupe.fr\/wp-content\/uploads\/2018\/04\/helion-2.jpg\"><img decoding=\"async\" class=\"alignnone wp-image-9402 size-medium\" src=\"https:\/\/www.nova-groupe.fr\/wp-content\/uploads\/2018\/04\/helion-2-300x200.jpg\" alt=\"taille haie pellenc paca chez nova \" width=\"300\" height=\"200\" srcset=\"https:\/\/www.nova-groupe.fr\/wp-content\/uploads\/2018\/04\/helion-2-300x200.jpg 300w, https:\/\/www.nova-groupe.fr\/wp-content\/uploads\/2018\/04\/helion-2-768x512.jpg 768w, https:\/\/www.nova-groupe.fr\/wp-content\/uploads\/2018\/04\/helion-2-1024x683.jpg 1024w, https:\/\/www.nova-groupe.fr\/wp-content\/uploads\/2018\/04\/helion-2-272x182.jpg 272w, https:\/\/www.nova-groupe.fr\/wp-content\/uploads\/2018\/04\/helion-2.jpg 1800w\" sizes=\"(max-width: 300px) 100vw, 300px\" \/><\/a>\u00a0<a href=\"https:\/\/www.nova-groupe.fr\/wp-content\/uploads\/2018\/04\/Pellenc-Taille-Haie-helion-2-IL-FRE.jpg\">\u00a0 <img decoding=\"async\" class=\"alignnone wp-image-9406 size-medium\" src=\"https:\/\/www.nova-groupe.fr\/wp-content\/uploads\/2018\/04\/Pellenc-Taille-Haie-helion-2-IL-FRE-300x188.jpg\" alt=\"fiche technique tailel haie pellenc helion\" width=\"300\" height=\"188\" srcset=\"https:\/\/www.nova-groupe.fr\/wp-content\/uploads\/2018\/04\/Pellenc-Taille-Haie-helion-2-IL-FRE-300x188.jpg 300w, https:\/\/www.nova-groupe.fr\/wp-content\/uploads\/2018\/04\/Pellenc-Taille-Haie-helion-2-IL-FRE-768x481.jpg 768w, https:\/\/www.nova-groupe.fr\/wp-content\/uploads\/2018\/04\/Pellenc-Taille-Haie-helion-2-IL-FRE-1024x641.jpg 1024w, https:\/\/www.nova-groupe.fr\/wp-content\/uploads\/2018\/04\/Pellenc-Taille-Haie-helion-2-IL-FRE.jpg 1150w\" sizes=\"(max-width: 300px) 100vw, 300px\" \/><\/a><\/div>\n<div><\/div>\n<div><\/div>\n<div><\/div>\n<div><iframe src=\"https:\/\/www.youtube.com\/embed\/7JbzUsSXVFU\" width=\"560\" height=\"315\" frameborder=\"0\" allowfullscreen=\"allowfullscreen\"><\/iframe><\/div>\n<div class=\"flex_column av_one_half flex_column_div first avia-builder-el-7 el_after_av_hr el_before_av_one_half \">\n<section class=\"av_textblock_section\">\n<div class=\"avia_textblock \">\n<h3>Productivit\u00e9:<\/h3>\n<ul>\n<li>Le syst\u00e8me d\u2019anti-blocage des lames permet de travailler sans interruption.<\/li>\n<li>Facilite le travail de l\u2019utilisateur sur la dur\u00e9e avec un meilleur compromis vibrations\/capacit\u00e9 de coupe.<\/li>\n<li>Efficace avec une puissance de coupe dimensionn\u00e9e pour le rabattage et la finition (Helion Compact 2).<\/li>\n<li>Syst\u00e8me Quick Switch qui assure le changement des 4 types de lamiers en moins d\u2019une minute.<\/li>\n<li>Autonomie d\u2019une journ\u00e9e de travail avec l\u2019ULiB 700.<\/li>\n<\/ul>\n<\/div>\n<\/section>\n<section class=\"av_textblock_section\">\n<div class=\"avia_textblock \">\n<h3>R\u00e9sistant:<\/h3>\n<ul>\n<li>Syst\u00e8me d\u2019anti-blocage des lames.<\/li>\n<li>Niveau d\u2019\u00e9tanch\u00e9it\u00e9 IP54 assurant une r\u00e9sistance et une s\u00fbret\u00e9 d\u2019utilisation par tous les temps.<\/li>\n<li>But\u00e9e anti-rebond en acier inoxydable.<\/li>\n<\/ul>\n<\/div>\n<\/section>\n<\/div>\n<div class=\"flex_column av_one_half flex_column_div avia-builder-el-10 el_after_av_one_half avia-builder-el-last \">\n<section class=\"av_textblock_section\">\n<div class=\"avia_textblock \">\n<h3>Ergonomique:<\/h3>\n<ul>\n<li>Fast Connector : Connexion et d\u00e9connexion rapide de l\u2019outil (H\u00e9lion Compact 2).<\/li>\n<li>Poign\u00e9e Soft Touch pivotante permettant une bonne maniabilit\u00e9.<\/li>\n<li>G\u00e2chette escamotable qui renforce la s\u00e9curit\u00e9.<\/li>\n<\/ul>\n<\/div>\n<\/section>\n<section class=\"av_textblock_section\">\n<div class=\"avia_textblock \">\n<h3>L\u00e9ger:<\/h3>\n<ul>\n<li>L\u00e9ger, le taille-haies <a href=\"https:\/\/pellenc.com\/gct\/produits\/taille-haies-helion\/\" target=\"_blank\" rel=\"noopener noreferrer\">Helion<\/a> p\u00e8se seulement 3,5 kg avec un lamier 63 cm.<\/li>\n<\/ul>\n<\/div>\n<\/section>\n<\/div>\n<hr \/>\n<h2>PACK ZERO PHYTO PELLENC<\/h2>\n<h3>\u00c9conomisez 383,48\u20ac HT sur le pack Z\u00e9ro Phyto<\/h3>\n<h4>Du 1er mars au 30 juin 2019, \u00e9conomisez 383,48 \u20ac HT sur le pack Z\u00e9ro Phyto pour l&rsquo;achat d&rsquo;une d\u00e9broussailleuse Excelion 2000, d&rsquo;une bineuse-sarcleuse Cultivion avec lame et d&rsquo;une batterie ULiB 1200 ou 1500 avec harnais confort. <a href=\"https:\/\/pellenc.com\/gct\/produits\/debroussailleuse-city-cut\/\" target=\"_blank\" rel=\"noopener noreferrer\">T\u00eate de coupe City Cut<\/a> (OFFERT) + T\u00eate semi-automatique \u00e0 fil Tap Cut (OFFERT) + Lame en V de 16 cm pour le travail des sols dures (OFFERT) + Gants (OFFERT ) + Sachet de graines de fleurs (OFFERT)<\/h4>\n<p><a href=\"https:\/\/pellenc.com\/gct\/actualites\/economisez-38348e-ht-sur-le-pack-zero-phyto\/\" target=\"_blank\" rel=\"noopener noreferrer\">&gt; plus d&rsquo;informations<\/a><\/p>\n<p><a href=\"https:\/\/www.nova-groupe.fr\/wp-content\/uploads\/2019\/02\/pellenc-0phyto-banner-1185x370_FRE.jpg\"><img decoding=\"async\" class=\"alignnone wp-image-12152 size-large\" src=\"https:\/\/www.nova-groupe.fr\/wp-content\/uploads\/2019\/02\/pellenc-0phyto-banner-1185x370_FRE-1024x320.jpg\" alt=\"pellenc-0phyto-offre speciale chez nova paca\" width=\"1024\" height=\"320\" srcset=\"https:\/\/www.nova-groupe.fr\/wp-content\/uploads\/2019\/02\/pellenc-0phyto-banner-1185x370_FRE-1024x320.jpg 1024w, https:\/\/www.nova-groupe.fr\/wp-content\/uploads\/2019\/02\/pellenc-0phyto-banner-1185x370_FRE-300x94.jpg 300w, https:\/\/www.nova-groupe.fr\/wp-content\/uploads\/2019\/02\/pellenc-0phyto-banner-1185x370_FRE-768x240.jpg 768w, https:\/\/www.nova-groupe.fr\/wp-content\/uploads\/2019\/02\/pellenc-0phyto-banner-1185x370_FRE.jpg 1185w\" sizes=\"(max-width: 1024px) 100vw, 1024px\" \/><\/a><\/p>\n<div class=\"row\">\n<div class=\"col-md-12\">\n<div class=\"border\">\n<div class=\"post-excerpt entry-content\">\n<div class=\"wpb_text_column wpb_content_element Offre promotionnelle tondeuse robot\">\n<div class=\"wpb_wrapper\">\n<hr \/>\n<\/div>\n<\/div>\n<\/div>\n<\/div>\n<\/div>\n<\/div>\n<p><strong><span style=\"color: #ff6600;\">Rendez-vous dans votre concession NOVA <\/span><\/strong>pour b\u00e9n\u00e9ficier de ces offres <a href=\"https:\/\/pellenc.com\/gct\/actualites\/\" target=\"_blank\" rel=\"noopener noreferrer\">PELLENC<\/a> \u00e0 proximit\u00e9 de <strong>Marseille, Aix-En-Provence, Avignon, N\u00eemes, Orange, Manosque, Sisteron<\/strong> au travers de <a href=\"https:\/\/www.nova-groupe.fr\/fr\/accueil\/john-deere\/\" target=\"_blank\" rel=\"noopener noreferrer\">nos agences r\u00e9gionales<\/a> de <strong>Saint-Cannat, Arles, Cavaillon, Pierrelatte, Oraison, Saint Laurent Des Arbres, Gap, Carpentras, Saint Hilaire De Brethmas, Le Muy, Cogolin et Villeneuve Les Avignon.<\/strong><\/p>\n<hr \/>\n<div id=\"pg-9082-1\" class=\"panel-grid panel-has-style\" data-style=\"{&quot;padding&quot;:&quot;3% 0% 2% 0%&quot;,&quot;background&quot;:&quot;#f3f2eb&quot;,&quot;background_display&quot;:&quot;tile&quot;,&quot;lsow_dark_bg&quot;:&quot;&quot;,&quot;row_stretch&quot;:&quot;full&quot;}\">\n<div class=\"siteorigin-panels-stretch panel-row-style panel-row-style-for-9082-1\" data-stretch-type=\"full\">\n<div id=\"pgc-9082-1-0\" class=\"panel-grid-cell\" data-weight=\"1\">\n<div id=\"panel-9082-1-0-0\" class=\"so-panel widget widget_sow-post-carousel panel-first-child panel-last-child\" data-index=\"3\" data-style=\"{&quot;background_display&quot;:&quot;tile&quot;}\">\n<\/div>\n<\/div>\n<\/div>\n<\/div>\n<div id=\"pg-9082-2\" class=\"panel-grid panel-has-style\" data-style=\"{&quot;background_display&quot;:&quot;tile&quot;,&quot;lsow_dark_bg&quot;:&quot;&quot;,&quot;row_stretch&quot;:&quot;full-stretched&quot;,&quot;cell_alignment&quot;:&quot;flex-start&quot;}\">\n<div class=\"siteorigin-panels-stretch panel-row-style panel-row-style-for-9082-2\" data-stretch-type=\"full-stretched\">\n<div id=\"pgc-9082-2-0\" class=\"panel-grid-cell\" data-weight=\"1\">\n<div id=\"panel-9082-2-0-0\" class=\"so-panel widget widget_sow-image panel-first-child panel-last-child\" data-index=\"4\" data-style=\"{&quot;background_display&quot;:&quot;tile&quot;}\"><\/div>\n<\/div>\n<\/div>\n<\/div>\n<\/div>\n<\/div>\n<\/div>\n<\/div>\n<\/div>\n<\/div>\n","protected":false},"excerpt":{"rendered":"<p>Offres PELLENC : tondeuse, taille haies, pack ZERO phyto ! Valables jusqu&rsquo;au 30 Juin 2019 Tondeuse RASION 100% \u00e9lectrique ! Valeur de la tva OFFERTE ! Soit 20% du montant HT, pour l&rsquo;achat d&rsquo;une tondeuse de la gamme Rasion. &gt; plus d&rsquo;informations \u00a0 Associez productivit\u00e9 et autonomie avec cette gamme de tondeuses con\u00e7ues pour am\u00e9liorer [&hellip;]<\/p>\n","protected":false},"author":3,"featured_media":12151,"comment_status":"open","ping_status":"closed","sticky":false,"template":"","format":"image","meta":{"_acf_changed":false,"_et_pb_use_builder":"","_et_pb_old_content":"","_et_gb_content_width":"","om_disable_all_campaigns":false,"_monsterinsights_skip_tracking":false,"_monsterinsights_sitenote_active":false,"_monsterinsights_sitenote_note":"","_monsterinsights_sitenote_category":0,"_uf_show_specific_survey":0,"_uf_disable_surveys":false,"footnotes":""},"categories":[1,1366],"tags":[1192,1224,1226,1222,1230,1134,1130],"class_list":["post-12147","post","type-post","status-publish","format-image","has-post-thumbnail","hentry","category-non-classifiee","category-promotions","tag-batterie","tag-ecologique","tag-economique","tag-pellenc","tag-phyto","tag-taille-haie","tag-tondeuse","post_format-post-format-image"],"acf":[],"yoast_head":"<!-- This site is optimized with the Yoast SEO plugin v27.2 - https:\/\/yoast.com\/product\/yoast-seo-wordpress\/ -->\n<title>Offres PELLENC jusqu&#039;au 30 Juin 2019 taille haies tondeuse<\/title>\n<meta name=\"description\" content=\"Offres PELLENC jusqu&#039;au 30 Juin 2019: Offre tondeuse Rasion: valeur de la TVA offerte \/ Pack ZERO PHYTO sans pesticide:Economisez 383,48\u20ac HT sur le pack Z\u00e9ro Phyto \/ un lamier 63 cm offert pour l&#039;achat d&#039;un taille-haies Helion 2 dans vos agences nova \u00e0 proximit\u00e9 de Marseille, Gap, Avignon, Mallemort, Arles, Pierrelatte\" \/>\n<meta name=\"robots\" content=\"index, follow, max-snippet:-1, max-image-preview:large, max-video-preview:-1\" \/>\n<link rel=\"canonical\" href=\"https:\/\/www.nova-groupe.fr\/fr\/offres-pellenc-2019-pack-zero-phyto-tondeuse-rasion-tva-offerte-taille-haies-helion-lamier-offert\/\" \/>\n<meta property=\"og:locale\" content=\"fr_FR\" \/>\n<meta property=\"og:type\" content=\"article\" \/>\n<meta property=\"og:title\" content=\"Offres PELLENC jusqu&#039;au 30 Juin 2019 taille haies tondeuse\" \/>\n<meta property=\"og:description\" content=\"Offres PELLENC jusqu&#039;au 30 Juin 2019: Offre tondeuse Rasion: valeur de la TVA offerte \/ Pack ZERO PHYTO sans pesticide:Economisez 383,48\u20ac HT sur le pack Z\u00e9ro Phyto \/ un lamier 63 cm offert pour l&#039;achat d&#039;un taille-haies Helion 2 dans vos agences nova \u00e0 proximit\u00e9 de Marseille, Gap, Avignon, Mallemort, Arles, Pierrelatte\" \/>\n<meta property=\"og:url\" content=\"https:\/\/www.nova-groupe.fr\/fr\/offres-pellenc-2019-pack-zero-phyto-tondeuse-rasion-tva-offerte-taille-haies-helion-lamier-offert\/\" \/>\n<meta property=\"og:site_name\" content=\"Nova-Groupe\" \/>\n<meta property=\"article:publisher\" content=\"https:\/\/www.facebook.com\/Nova-Groupe-170173286757302\/\" \/>\n<meta property=\"article:published_time\" content=\"2019-03-01T07:03:47+00:00\" \/>\n<meta property=\"article:modified_time\" content=\"2019-09-25T15:23:33+00:00\" \/>\n<meta property=\"og:image\" content=\"https:\/\/www.nova-groupe.fr\/wp-content\/uploads\/2019\/02\/pellenc-helion2-65cm-banner-1185x370_FRE.jpg\" \/>\n\t<meta property=\"og:image:width\" content=\"1185\" \/>\n\t<meta property=\"og:image:height\" content=\"370\" \/>\n\t<meta property=\"og:image:type\" content=\"image\/jpeg\" \/>\n<meta name=\"author\" content=\"Camille Zammit\" \/>\n<meta name=\"twitter:card\" content=\"summary_large_image\" \/>\n<meta name=\"twitter:label1\" content=\"\u00c9crit par\" \/>\n\t<meta name=\"twitter:data1\" content=\"Camille Zammit\" \/>\n\t<meta name=\"twitter:label2\" content=\"Dur\u00e9e de lecture estim\u00e9e\" \/>\n\t<meta name=\"twitter:data2\" content=\"3 minutes\" \/>\n<script type=\"application\/ld+json\" class=\"yoast-schema-graph\">{\"@context\":\"https:\/\/schema.org\",\"@graph\":[{\"@type\":\"Article\",\"@id\":\"https:\/\/www.nova-groupe.fr\/fr\/offres-pellenc-2019-pack-zero-phyto-tondeuse-rasion-tva-offerte-taille-haies-helion-lamier-offert\/#article\",\"isPartOf\":{\"@id\":\"https:\/\/www.nova-groupe.fr\/fr\/offres-pellenc-2019-pack-zero-phyto-tondeuse-rasion-tva-offerte-taille-haies-helion-lamier-offert\/\"},\"author\":{\"name\":\"Camille Zammit\",\"@id\":\"https:\/\/www.nova-groupe.fr\/fr\/#\/schema\/person\/914fc2542c7631658cdf6631980b00e6\"},\"headline\":\"Offres PELLENC jusqu&rsquo;au 30 Juin 2019\",\"datePublished\":\"2019-03-01T07:03:47+00:00\",\"dateModified\":\"2019-09-25T15:23:33+00:00\",\"mainEntityOfPage\":{\"@id\":\"https:\/\/www.nova-groupe.fr\/fr\/offres-pellenc-2019-pack-zero-phyto-tondeuse-rasion-tva-offerte-taille-haies-helion-lamier-offert\/\"},\"wordCount\":659,\"commentCount\":0,\"image\":{\"@id\":\"https:\/\/www.nova-groupe.fr\/fr\/offres-pellenc-2019-pack-zero-phyto-tondeuse-rasion-tva-offerte-taille-haies-helion-lamier-offert\/#primaryimage\"},\"thumbnailUrl\":\"https:\/\/www.nova-groupe.fr\/wp-content\/uploads\/2019\/02\/pellenc-helion2-65cm-banner-1185x370_FRE.jpg\",\"keywords\":[\"batterie\",\"ecologique\",\"economique\",\"pellenc\",\"phyto\",\"taille haie\",\"tondeuse\"],\"articleSection\":[\"Non classifi\u00e9(e)\",\"PROMOTIONS\"],\"inLanguage\":\"fr-FR\",\"potentialAction\":[{\"@type\":\"CommentAction\",\"name\":\"Comment\",\"target\":[\"https:\/\/www.nova-groupe.fr\/fr\/offres-pellenc-2019-pack-zero-phyto-tondeuse-rasion-tva-offerte-taille-haies-helion-lamier-offert\/#respond\"]}]},{\"@type\":\"WebPage\",\"@id\":\"https:\/\/www.nova-groupe.fr\/fr\/offres-pellenc-2019-pack-zero-phyto-tondeuse-rasion-tva-offerte-taille-haies-helion-lamier-offert\/\",\"url\":\"https:\/\/www.nova-groupe.fr\/fr\/offres-pellenc-2019-pack-zero-phyto-tondeuse-rasion-tva-offerte-taille-haies-helion-lamier-offert\/\",\"name\":\"Offres PELLENC jusqu'au 30 Juin 2019 taille haies tondeuse\",\"isPartOf\":{\"@id\":\"https:\/\/www.nova-groupe.fr\/fr\/#website\"},\"primaryImageOfPage\":{\"@id\":\"https:\/\/www.nova-groupe.fr\/fr\/offres-pellenc-2019-pack-zero-phyto-tondeuse-rasion-tva-offerte-taille-haies-helion-lamier-offert\/#primaryimage\"},\"image\":{\"@id\":\"https:\/\/www.nova-groupe.fr\/fr\/offres-pellenc-2019-pack-zero-phyto-tondeuse-rasion-tva-offerte-taille-haies-helion-lamier-offert\/#primaryimage\"},\"thumbnailUrl\":\"https:\/\/www.nova-groupe.fr\/wp-content\/uploads\/2019\/02\/pellenc-helion2-65cm-banner-1185x370_FRE.jpg\",\"datePublished\":\"2019-03-01T07:03:47+00:00\",\"dateModified\":\"2019-09-25T15:23:33+00:00\",\"author\":{\"@id\":\"https:\/\/www.nova-groupe.fr\/fr\/#\/schema\/person\/914fc2542c7631658cdf6631980b00e6\"},\"description\":\"Offres PELLENC jusqu'au 30 Juin 2019: Offre tondeuse Rasion: valeur de la TVA offerte \/ Pack ZERO PHYTO sans pesticide:Economisez 383,48\u20ac HT sur le pack Z\u00e9ro Phyto \/ un lamier 63 cm offert pour l'achat d'un taille-haies Helion 2 dans vos agences nova \u00e0 proximit\u00e9 de Marseille, Gap, Avignon, Mallemort, Arles, Pierrelatte\",\"breadcrumb\":{\"@id\":\"https:\/\/www.nova-groupe.fr\/fr\/offres-pellenc-2019-pack-zero-phyto-tondeuse-rasion-tva-offerte-taille-haies-helion-lamier-offert\/#breadcrumb\"},\"inLanguage\":\"fr-FR\",\"potentialAction\":[{\"@type\":\"ReadAction\",\"target\":[\"https:\/\/www.nova-groupe.fr\/fr\/offres-pellenc-2019-pack-zero-phyto-tondeuse-rasion-tva-offerte-taille-haies-helion-lamier-offert\/\"]}]},{\"@type\":\"ImageObject\",\"inLanguage\":\"fr-FR\",\"@id\":\"https:\/\/www.nova-groupe.fr\/fr\/offres-pellenc-2019-pack-zero-phyto-tondeuse-rasion-tva-offerte-taille-haies-helion-lamier-offert\/#primaryimage\",\"url\":\"https:\/\/www.nova-groupe.fr\/wp-content\/uploads\/2019\/02\/pellenc-helion2-65cm-banner-1185x370_FRE.jpg\",\"contentUrl\":\"https:\/\/www.nova-groupe.fr\/wp-content\/uploads\/2019\/02\/pellenc-helion2-65cm-banner-1185x370_FRE.jpg\",\"width\":1185,\"height\":370,\"caption\":\"pellenc-helion2-lamier offert chez nova paca\"},{\"@type\":\"BreadcrumbList\",\"@id\":\"https:\/\/www.nova-groupe.fr\/fr\/offres-pellenc-2019-pack-zero-phyto-tondeuse-rasion-tva-offerte-taille-haies-helion-lamier-offert\/#breadcrumb\",\"itemListElement\":[{\"@type\":\"ListItem\",\"position\":1,\"name\":\"Accueil\",\"item\":\"https:\/\/www.nova-groupe.fr\/fr\/\"},{\"@type\":\"ListItem\",\"position\":2,\"name\":\"Offres PELLENC jusqu&rsquo;au 30 Juin 2019\"}]},{\"@type\":\"WebSite\",\"@id\":\"https:\/\/www.nova-groupe.fr\/fr\/#website\",\"url\":\"https:\/\/www.nova-groupe.fr\/fr\/\",\"name\":\"Nova-Groupe\",\"description\":\"Vente et location de mat\u00e9riel agricole, BTP, espaces verts et environnement\",\"potentialAction\":[{\"@type\":\"SearchAction\",\"target\":{\"@type\":\"EntryPoint\",\"urlTemplate\":\"https:\/\/www.nova-groupe.fr\/fr\/?s={search_term_string}\"},\"query-input\":{\"@type\":\"PropertyValueSpecification\",\"valueRequired\":true,\"valueName\":\"search_term_string\"}}],\"inLanguage\":\"fr-FR\"},{\"@type\":\"Person\",\"@id\":\"https:\/\/www.nova-groupe.fr\/fr\/#\/schema\/person\/914fc2542c7631658cdf6631980b00e6\",\"name\":\"Camille Zammit\",\"image\":{\"@type\":\"ImageObject\",\"inLanguage\":\"fr-FR\",\"@id\":\"https:\/\/secure.gravatar.com\/avatar\/0aa14d93c1a779e5d4dc40013b1fad108020ae901341f326debe748d1ec71daf?s=96&d=mm&r=g\",\"url\":\"https:\/\/secure.gravatar.com\/avatar\/0aa14d93c1a779e5d4dc40013b1fad108020ae901341f326debe748d1ec71daf?s=96&d=mm&r=g\",\"contentUrl\":\"https:\/\/secure.gravatar.com\/avatar\/0aa14d93c1a779e5d4dc40013b1fad108020ae901341f326debe748d1ec71daf?s=96&d=mm&r=g\",\"caption\":\"Camille Zammit\"}}]}<\/script>\n<!-- \/ Yoast SEO plugin. -->","yoast_head_json":{"title":"Offres PELLENC jusqu'au 30 Juin 2019 taille haies tondeuse","description":"Offres PELLENC jusqu'au 30 Juin 2019: Offre tondeuse Rasion: valeur de la TVA offerte \/ Pack ZERO PHYTO sans pesticide:Economisez 383,48\u20ac HT sur le pack Z\u00e9ro Phyto \/ un lamier 63 cm offert pour l'achat d'un taille-haies Helion 2 dans vos agences nova \u00e0 proximit\u00e9 de Marseille, Gap, Avignon, Mallemort, Arles, Pierrelatte","robots":{"index":"index","follow":"follow","max-snippet":"max-snippet:-1","max-image-preview":"max-image-preview:large","max-video-preview":"max-video-preview:-1"},"canonical":"https:\/\/www.nova-groupe.fr\/fr\/offres-pellenc-2019-pack-zero-phyto-tondeuse-rasion-tva-offerte-taille-haies-helion-lamier-offert\/","og_locale":"fr_FR","og_type":"article","og_title":"Offres PELLENC jusqu'au 30 Juin 2019 taille haies tondeuse","og_description":"Offres PELLENC jusqu'au 30 Juin 2019: Offre tondeuse Rasion: valeur de la TVA offerte \/ Pack ZERO PHYTO sans pesticide:Economisez 383,48\u20ac HT sur le pack Z\u00e9ro Phyto \/ un lamier 63 cm offert pour l'achat d'un taille-haies Helion 2 dans vos agences nova \u00e0 proximit\u00e9 de Marseille, Gap, Avignon, Mallemort, Arles, Pierrelatte","og_url":"https:\/\/www.nova-groupe.fr\/fr\/offres-pellenc-2019-pack-zero-phyto-tondeuse-rasion-tva-offerte-taille-haies-helion-lamier-offert\/","og_site_name":"Nova-Groupe","article_publisher":"https:\/\/www.facebook.com\/Nova-Groupe-170173286757302\/","article_published_time":"2019-03-01T07:03:47+00:00","article_modified_time":"2019-09-25T15:23:33+00:00","og_image":[{"width":1185,"height":370,"url":"https:\/\/www.nova-groupe.fr\/wp-content\/uploads\/2019\/02\/pellenc-helion2-65cm-banner-1185x370_FRE.jpg","type":"image\/jpeg"}],"author":"Camille Zammit","twitter_card":"summary_large_image","twitter_misc":{"\u00c9crit par":"Camille Zammit","Dur\u00e9e de lecture estim\u00e9e":"3 minutes"},"schema":{"@context":"https:\/\/schema.org","@graph":[{"@type":"Article","@id":"https:\/\/www.nova-groupe.fr\/fr\/offres-pellenc-2019-pack-zero-phyto-tondeuse-rasion-tva-offerte-taille-haies-helion-lamier-offert\/#article","isPartOf":{"@id":"https:\/\/www.nova-groupe.fr\/fr\/offres-pellenc-2019-pack-zero-phyto-tondeuse-rasion-tva-offerte-taille-haies-helion-lamier-offert\/"},"author":{"name":"Camille Zammit","@id":"https:\/\/www.nova-groupe.fr\/fr\/#\/schema\/person\/914fc2542c7631658cdf6631980b00e6"},"headline":"Offres PELLENC jusqu&rsquo;au 30 Juin 2019","datePublished":"2019-03-01T07:03:47+00:00","dateModified":"2019-09-25T15:23:33+00:00","mainEntityOfPage":{"@id":"https:\/\/www.nova-groupe.fr\/fr\/offres-pellenc-2019-pack-zero-phyto-tondeuse-rasion-tva-offerte-taille-haies-helion-lamier-offert\/"},"wordCount":659,"commentCount":0,"image":{"@id":"https:\/\/www.nova-groupe.fr\/fr\/offres-pellenc-2019-pack-zero-phyto-tondeuse-rasion-tva-offerte-taille-haies-helion-lamier-offert\/#primaryimage"},"thumbnailUrl":"https:\/\/www.nova-groupe.fr\/wp-content\/uploads\/2019\/02\/pellenc-helion2-65cm-banner-1185x370_FRE.jpg","keywords":["batterie","ecologique","economique","pellenc","phyto","taille haie","tondeuse"],"articleSection":["Non classifi\u00e9(e)","PROMOTIONS"],"inLanguage":"fr-FR","potentialAction":[{"@type":"CommentAction","name":"Comment","target":["https:\/\/www.nova-groupe.fr\/fr\/offres-pellenc-2019-pack-zero-phyto-tondeuse-rasion-tva-offerte-taille-haies-helion-lamier-offert\/#respond"]}]},{"@type":"WebPage","@id":"https:\/\/www.nova-groupe.fr\/fr\/offres-pellenc-2019-pack-zero-phyto-tondeuse-rasion-tva-offerte-taille-haies-helion-lamier-offert\/","url":"https:\/\/www.nova-groupe.fr\/fr\/offres-pellenc-2019-pack-zero-phyto-tondeuse-rasion-tva-offerte-taille-haies-helion-lamier-offert\/","name":"Offres PELLENC jusqu'au 30 Juin 2019 taille haies tondeuse","isPartOf":{"@id":"https:\/\/www.nova-groupe.fr\/fr\/#website"},"primaryImageOfPage":{"@id":"https:\/\/www.nova-groupe.fr\/fr\/offres-pellenc-2019-pack-zero-phyto-tondeuse-rasion-tva-offerte-taille-haies-helion-lamier-offert\/#primaryimage"},"image":{"@id":"https:\/\/www.nova-groupe.fr\/fr\/offres-pellenc-2019-pack-zero-phyto-tondeuse-rasion-tva-offerte-taille-haies-helion-lamier-offert\/#primaryimage"},"thumbnailUrl":"https:\/\/www.nova-groupe.fr\/wp-content\/uploads\/2019\/02\/pellenc-helion2-65cm-banner-1185x370_FRE.jpg","datePublished":"2019-03-01T07:03:47+00:00","dateModified":"2019-09-25T15:23:33+00:00","author":{"@id":"https:\/\/www.nova-groupe.fr\/fr\/#\/schema\/person\/914fc2542c7631658cdf6631980b00e6"},"description":"Offres PELLENC jusqu'au 30 Juin 2019: Offre tondeuse Rasion: valeur de la TVA offerte \/ Pack ZERO PHYTO sans pesticide:Economisez 383,48\u20ac HT sur le pack Z\u00e9ro Phyto \/ un lamier 63 cm offert pour l'achat d'un taille-haies Helion 2 dans vos agences nova \u00e0 proximit\u00e9 de Marseille, Gap, Avignon, Mallemort, Arles, Pierrelatte","breadcrumb":{"@id":"https:\/\/www.nova-groupe.fr\/fr\/offres-pellenc-2019-pack-zero-phyto-tondeuse-rasion-tva-offerte-taille-haies-helion-lamier-offert\/#breadcrumb"},"inLanguage":"fr-FR","potentialAction":[{"@type":"ReadAction","target":["https:\/\/www.nova-groupe.fr\/fr\/offres-pellenc-2019-pack-zero-phyto-tondeuse-rasion-tva-offerte-taille-haies-helion-lamier-offert\/"]}]},{"@type":"ImageObject","inLanguage":"fr-FR","@id":"https:\/\/www.nova-groupe.fr\/fr\/offres-pellenc-2019-pack-zero-phyto-tondeuse-rasion-tva-offerte-taille-haies-helion-lamier-offert\/#primaryimage","url":"https:\/\/www.nova-groupe.fr\/wp-content\/uploads\/2019\/02\/pellenc-helion2-65cm-banner-1185x370_FRE.jpg","contentUrl":"https:\/\/www.nova-groupe.fr\/wp-content\/uploads\/2019\/02\/pellenc-helion2-65cm-banner-1185x370_FRE.jpg","width":1185,"height":370,"caption":"pellenc-helion2-lamier offert chez nova paca"},{"@type":"BreadcrumbList","@id":"https:\/\/www.nova-groupe.fr\/fr\/offres-pellenc-2019-pack-zero-phyto-tondeuse-rasion-tva-offerte-taille-haies-helion-lamier-offert\/#breadcrumb","itemListElement":[{"@type":"ListItem","position":1,"name":"Accueil","item":"https:\/\/www.nova-groupe.fr\/fr\/"},{"@type":"ListItem","position":2,"name":"Offres PELLENC jusqu&rsquo;au 30 Juin 2019"}]},{"@type":"WebSite","@id":"https:\/\/www.nova-groupe.fr\/fr\/#website","url":"https:\/\/www.nova-groupe.fr\/fr\/","name":"Nova-Groupe","description":"Vente et location de mat\u00e9riel agricole, BTP, espaces verts et environnement","potentialAction":[{"@type":"SearchAction","target":{"@type":"EntryPoint","urlTemplate":"https:\/\/www.nova-groupe.fr\/fr\/?s={search_term_string}"},"query-input":{"@type":"PropertyValueSpecification","valueRequired":true,"valueName":"search_term_string"}}],"inLanguage":"fr-FR"},{"@type":"Person","@id":"https:\/\/www.nova-groupe.fr\/fr\/#\/schema\/person\/914fc2542c7631658cdf6631980b00e6","name":"Camille Zammit","image":{"@type":"ImageObject","inLanguage":"fr-FR","@id":"https:\/\/secure.gravatar.com\/avatar\/0aa14d93c1a779e5d4dc40013b1fad108020ae901341f326debe748d1ec71daf?s=96&d=mm&r=g","url":"https:\/\/secure.gravatar.com\/avatar\/0aa14d93c1a779e5d4dc40013b1fad108020ae901341f326debe748d1ec71daf?s=96&d=mm&r=g","contentUrl":"https:\/\/secure.gravatar.com\/avatar\/0aa14d93c1a779e5d4dc40013b1fad108020ae901341f326debe748d1ec71daf?s=96&d=mm&r=g","caption":"Camille Zammit"}}]}},"_links":{"self":[{"href":"https:\/\/www.nova-groupe.fr\/fr\/wp-json\/wp\/v2\/posts\/12147","targetHints":{"allow":["GET"]}}],"collection":[{"href":"https:\/\/www.nova-groupe.fr\/fr\/wp-json\/wp\/v2\/posts"}],"about":[{"href":"https:\/\/www.nova-groupe.fr\/fr\/wp-json\/wp\/v2\/types\/post"}],"author":[{"embeddable":true,"href":"https:\/\/www.nova-groupe.fr\/fr\/wp-json\/wp\/v2\/users\/3"}],"replies":[{"embeddable":true,"href":"https:\/\/www.nova-groupe.fr\/fr\/wp-json\/wp\/v2\/comments?post=12147"}],"version-history":[{"count":0,"href":"https:\/\/www.nova-groupe.fr\/fr\/wp-json\/wp\/v2\/posts\/12147\/revisions"}],"wp:featuredmedia":[{"embeddable":true,"href":"https:\/\/www.nova-groupe.fr\/fr\/wp-json\/wp\/v2\/media\/12151"}],"wp:attachment":[{"href":"https:\/\/www.nova-groupe.fr\/fr\/wp-json\/wp\/v2\/media?parent=12147"}],"wp:term":[{"taxonomy":"category","embeddable":true,"href":"https:\/\/www.nova-groupe.fr\/fr\/wp-json\/wp\/v2\/categories?post=12147"},{"taxonomy":"post_tag","embeddable":true,"href":"https:\/\/www.nova-groupe.fr\/fr\/wp-json\/wp\/v2\/tags?post=12147"}],"curies":[{"name":"wp","href":"https:\/\/api.w.org\/{rel}","templated":true}]}}