{"id":12737,"date":"2019-04-11T10:54:11","date_gmt":"2019-04-11T08:54:11","guid":{"rendered":"https:\/\/www.nova-groupe.fr\/?p=12737"},"modified":"2019-09-25T17:21:00","modified_gmt":"2019-09-25T15:21:00","slug":"nova-a-la-foire-de-brignoles","status":"publish","type":"post","link":"https:\/\/www.nova-groupe.fr\/fr\/nova-a-la-foire-de-brignoles\/","title":{"rendered":"NOVA \u00e0 la 90\u00e8me \u00c9dition de la Foire de Brignoles du 13 au 22 Avril"},"content":{"rendered":"<h1>NOVA participera \u00e0 la 90\u00e8me \u00c9dition de la Foire de Brignoles<\/h1>\n<p>Du 13 au 22 Avril, retrouvez-nous \u00e0 la Foire de BRIGNOLES.<br \/>\nVenez d\u00e9couvrir nos gammes de mat\u00e9riels d&rsquo;entretien des espaces verts, mat\u00e9riels agricoles et btp \u00e0 cot\u00e9 de la grande roue. <span class=\"_5mfr\"><span class=\"_6qdm\">????<\/span><\/span><\/p>\n<p><span class=\"_5mfr\"><span class=\"_6qdm\">????<\/span><\/span> Stand 104-106. De 10 h \u00e0 19 h.<\/p>\n<p>Plus d&rsquo;informations sur : <a href=\"https:\/\/l.facebook.com\/l.php?u=https%3A%2F%2Ffoiredebrignoles.fr%2F%3Ffbclid%3DIwAR1w0kzH8tmF_vXUm9VHY__3FtxSq75FOpLwp6Nt2WLy3Nf5WzeK-_5tvx4&amp;h=AT0DYop8zJ24ycwlh34L7ZEw30w6li_fwntPL2QC0EG2GgiTmnYDfOONPFUu0LWZxZz8dP5cwaDWNieOEahRprFlzvLmqyVdfLv5XGU8VYpgk4PaJN1U6PSbCsPWAyaZ6JGZLmA9VjAdVBB2cxjGHxPE3D99UvvbJTwkDjJ7WRKVKfDO03z1_o5JU4yFzrqwlZOQ7-jVdKucIPplCG-T3y8i3mA7HGz9arlu6T920egmb8_-varuQrN478fYazXLMuN2jKK9JeG1sAfvSEVQVldbTNHH7x51fFUlOJpfdsqs6OYPKtDFB0ZbsE4jAKZSWKQEBh7RTnikv9ujJ955ek5wKJi1hH1nwZWhOIsxW6msW5pb1rpAx6r-GleMS5vp8yqsWIejHqlOzLB7Bs09iJDK2edQQUtMYsOXb2k7x5aH2vsQYEropBZ7Vi6yPJ_NlGjSTk5VocvWtDx4JmID1SxBodWgnv0Mr0vPXc4PYZG5QOkKgYfb04-Ed73LUjPRZGB890p0wHIh-3IQ29TlzX_0q0zWfRksvEbkUJixPCsKNP3Vl2DqmKBtc9ed9JBbR8jmhWMqIElAOW4-2mwUwMD7MbguXMugIZqMQOGpxBgK5K3cE7UMXBIwEi4tmWCH\" target=\"_blank\" rel=\"noopener nofollow noreferrer\" data-ft=\"{&quot;tn&quot;:&quot;-U&quot;}\" data-lynx-mode=\"async\">https:\/\/foiredebrignoles.fr<\/a><\/p>\n<p><img decoding=\"async\" class=\"alignnone size-large wp-image-12739\" src=\"https:\/\/www.nova-groupe.fr\/wp-content\/uploads\/2019\/04\/foire-de-brignoles-avril-20192-1-1024x724.jpg\" alt=\"\" width=\"1024\" height=\"724\" \/><\/p>\n<p>Plan d&rsquo;acc\u00e8s:<\/p>\n<div class=\"place-desc-large\">\n<div class=\"place-name\">Foire Exposition<\/div>\n<div class=\"address\">Place Gros G\u00e9rau, 83170 Brignoles<\/div>\n<\/div>\n<p><iframe style=\"border: 0;\" src=\"https:\/\/www.google.com\/maps\/embed?pb=!1m14!1m8!1m3!1d46375.08815910259!2d6.073996!3d43.40957!3m2!1i1024!2i768!4f13.1!3m3!1m2!1s0x0%3A0x2e830b1695901770!2sFoire+Exposition!5e0!3m2!1sfr!2sfr!4v1554972120731!5m2!1sfr!2sfr\" width=\"600\" height=\"450\" frameborder=\"0\" allowfullscreen=\"allowfullscreen\"><\/iframe><\/p>\n<hr \/>\n<div id=\"pg-9082-1\" class=\"panel-grid panel-has-style\" data-style=\"{&quot;padding&quot;:&quot;3% 0% 2% 0%&quot;,&quot;background&quot;:&quot;#f3f2eb&quot;,&quot;background_display&quot;:&quot;tile&quot;,&quot;lsow_dark_bg&quot;:&quot;&quot;,&quot;row_stretch&quot;:&quot;full&quot;}\">\n<div class=\"siteorigin-panels-stretch panel-row-style panel-row-style-for-9082-1\" data-stretch-type=\"full\">\n<div id=\"pgc-9082-1-0\" class=\"panel-grid-cell\" data-weight=\"1\">\n<div id=\"panel-9082-1-0-0\" class=\"so-panel widget widget_sow-post-carousel panel-first-child panel-last-child\" data-index=\"3\" data-style=\"{&quot;background_display&quot;:&quot;tile&quot;}\">\n<\/div>\n<\/div>\n<\/div>\n<\/div>\n<div id=\"pg-9082-2\" class=\"panel-grid panel-has-style\" data-style=\"{&quot;background_display&quot;:&quot;tile&quot;,&quot;lsow_dark_bg&quot;:&quot;&quot;,&quot;row_stretch&quot;:&quot;full-stretched&quot;,&quot;cell_alignment&quot;:&quot;flex-start&quot;}\">\n<div class=\"siteorigin-panels-stretch panel-row-style panel-row-style-for-9082-2\" data-stretch-type=\"full-stretched\">\n<div id=\"pgc-9082-2-0\" class=\"panel-grid-cell\" data-weight=\"1\">\n<div id=\"panel-9082-2-0-0\" class=\"so-panel widget widget_sow-image panel-first-child panel-last-child\" data-index=\"4\" data-style=\"{&quot;background_display&quot;:&quot;tile&quot;}\"><\/div>\n<\/div>\n<\/div>\n<\/div>\n","protected":false},"excerpt":{"rendered":"<p>NOVA participera \u00e0 la 90\u00e8me \u00c9dition de la Foire de Brignoles Du 13 au 22 Avril, retrouvez-nous \u00e0 la Foire de BRIGNOLES. Venez d\u00e9couvrir nos gammes de mat\u00e9riels d&rsquo;entretien des espaces verts, mat\u00e9riels agricoles et btp \u00e0 cot\u00e9 de la grande roue. ???? ???? Stand 104-106. De 10 h \u00e0 19 h. Plus d&rsquo;informations sur [&hellip;]<\/p>\n","protected":false},"author":3,"featured_media":12742,"comment_status":"open","ping_status":"closed","sticky":false,"template":"","format":"image","meta":{"_acf_changed":false,"_et_pb_use_builder":"","_et_pb_old_content":"","_et_gb_content_width":"","om_disable_all_campaigns":false,"_monsterinsights_skip_tracking":false,"_monsterinsights_sitenote_active":false,"_monsterinsights_sitenote_note":"","_monsterinsights_sitenote_category":0,"_uf_show_specific_survey":0,"_uf_disable_surveys":false,"footnotes":""},"categories":[1],"tags":[1796,1430,1802,1542,1190,1806,1798,1804,1800],"class_list":["post-12737","post","type-post","status-publish","format-image","has-post-thumbnail","hentry","category-non-classifiee","tag-brignoles","tag-exposition","tag-famille","tag-foire","tag-paca","tag-particulier","tag-plein-air","tag-pro","tag-sortie","post_format-post-format-image"],"acf":[],"yoast_head":"<!-- This site is optimized with the Yoast SEO plugin v27.2 - https:\/\/yoast.com\/product\/yoast-seo-wordpress\/ -->\n<title>NOVA participera \u00e0 la foire de brignoles du 13 au 22 avril 2019<\/title>\n<meta name=\"description\" content=\"Du 13 au 22 Avril, retrouvez-nous \u00e0 la Foire de BRIGNOLES. Venez d\u00e9couvrir nos gammes de mat\u00e9riels d&#039;entretien des espaces verts, mat\u00e9riels agricoles et btp\" \/>\n<meta name=\"robots\" content=\"index, follow, max-snippet:-1, max-image-preview:large, max-video-preview:-1\" \/>\n<link rel=\"canonical\" href=\"https:\/\/www.nova-groupe.fr\/fr\/nova-a-la-foire-de-brignoles\/\" \/>\n<meta property=\"og:locale\" content=\"fr_FR\" \/>\n<meta property=\"og:type\" content=\"article\" \/>\n<meta property=\"og:title\" content=\"NOVA participera \u00e0 la foire de brignoles du 13 au 22 avril 2019\" \/>\n<meta property=\"og:description\" content=\"Du 13 au 22 Avril, retrouvez-nous \u00e0 la Foire de BRIGNOLES. Venez d\u00e9couvrir nos gammes de mat\u00e9riels d&#039;entretien des espaces verts, mat\u00e9riels agricoles et btp\" \/>\n<meta property=\"og:url\" content=\"https:\/\/www.nova-groupe.fr\/fr\/nova-a-la-foire-de-brignoles\/\" \/>\n<meta property=\"og:site_name\" content=\"Nova-Groupe\" \/>\n<meta property=\"article:publisher\" content=\"https:\/\/www.facebook.com\/Nova-Groupe-170173286757302\/\" \/>\n<meta property=\"article:published_time\" content=\"2019-04-11T08:54:11+00:00\" \/>\n<meta property=\"article:modified_time\" content=\"2019-09-25T15:21:00+00:00\" \/>\n<meta property=\"og:image\" content=\"https:\/\/www.nova-groupe.fr\/wp-content\/uploads\/2019\/04\/affiche-800533-Copier.jpg\" \/>\n\t<meta property=\"og:image:width\" content=\"800\" \/>\n\t<meta property=\"og:image:height\" content=\"533\" \/>\n\t<meta property=\"og:image:type\" content=\"image\/jpeg\" \/>\n<meta name=\"author\" content=\"Camille Zammit\" \/>\n<meta name=\"twitter:card\" content=\"summary_large_image\" \/>\n<meta name=\"twitter:label1\" content=\"\u00c9crit par\" \/>\n\t<meta name=\"twitter:data1\" content=\"Camille Zammit\" \/>\n<script type=\"application\/ld+json\" class=\"yoast-schema-graph\">{\"@context\":\"https:\/\/schema.org\",\"@graph\":[{\"@type\":\"Article\",\"@id\":\"https:\/\/www.nova-groupe.fr\/fr\/nova-a-la-foire-de-brignoles\/#article\",\"isPartOf\":{\"@id\":\"https:\/\/www.nova-groupe.fr\/fr\/nova-a-la-foire-de-brignoles\/\"},\"author\":{\"name\":\"Camille Zammit\",\"@id\":\"https:\/\/www.nova-groupe.fr\/fr\/#\/schema\/person\/914fc2542c7631658cdf6631980b00e6\"},\"headline\":\"NOVA \u00e0 la 90\u00e8me \u00c9dition de la Foire de Brignoles du 13 au 22 Avril\",\"datePublished\":\"2019-04-11T08:54:11+00:00\",\"dateModified\":\"2019-09-25T15:21:00+00:00\",\"mainEntityOfPage\":{\"@id\":\"https:\/\/www.nova-groupe.fr\/fr\/nova-a-la-foire-de-brignoles\/\"},\"wordCount\":76,\"commentCount\":0,\"image\":{\"@id\":\"https:\/\/www.nova-groupe.fr\/fr\/nova-a-la-foire-de-brignoles\/#primaryimage\"},\"thumbnailUrl\":\"https:\/\/www.nova-groupe.fr\/wp-content\/uploads\/2019\/04\/affiche-800533-Copier.jpg\",\"keywords\":[\"brignoles\",\"exposition\",\"famille\",\"foire\",\"paca\",\"particulier\",\"plein air\",\"pro\",\"sortie\"],\"articleSection\":[\"Non classifi\u00e9(e)\"],\"inLanguage\":\"fr-FR\",\"potentialAction\":[{\"@type\":\"CommentAction\",\"name\":\"Comment\",\"target\":[\"https:\/\/www.nova-groupe.fr\/fr\/nova-a-la-foire-de-brignoles\/#respond\"]}]},{\"@type\":\"WebPage\",\"@id\":\"https:\/\/www.nova-groupe.fr\/fr\/nova-a-la-foire-de-brignoles\/\",\"url\":\"https:\/\/www.nova-groupe.fr\/fr\/nova-a-la-foire-de-brignoles\/\",\"name\":\"NOVA participera \u00e0 la foire de brignoles du 13 au 22 avril 2019\",\"isPartOf\":{\"@id\":\"https:\/\/www.nova-groupe.fr\/fr\/#website\"},\"primaryImageOfPage\":{\"@id\":\"https:\/\/www.nova-groupe.fr\/fr\/nova-a-la-foire-de-brignoles\/#primaryimage\"},\"image\":{\"@id\":\"https:\/\/www.nova-groupe.fr\/fr\/nova-a-la-foire-de-brignoles\/#primaryimage\"},\"thumbnailUrl\":\"https:\/\/www.nova-groupe.fr\/wp-content\/uploads\/2019\/04\/affiche-800533-Copier.jpg\",\"datePublished\":\"2019-04-11T08:54:11+00:00\",\"dateModified\":\"2019-09-25T15:21:00+00:00\",\"author\":{\"@id\":\"https:\/\/www.nova-groupe.fr\/fr\/#\/schema\/person\/914fc2542c7631658cdf6631980b00e6\"},\"description\":\"Du 13 au 22 Avril, retrouvez-nous \u00e0 la Foire de BRIGNOLES. Venez d\u00e9couvrir nos gammes de mat\u00e9riels d'entretien des espaces verts, mat\u00e9riels agricoles et btp\",\"breadcrumb\":{\"@id\":\"https:\/\/www.nova-groupe.fr\/fr\/nova-a-la-foire-de-brignoles\/#breadcrumb\"},\"inLanguage\":\"fr-FR\",\"potentialAction\":[{\"@type\":\"ReadAction\",\"target\":[\"https:\/\/www.nova-groupe.fr\/fr\/nova-a-la-foire-de-brignoles\/\"]}]},{\"@type\":\"ImageObject\",\"inLanguage\":\"fr-FR\",\"@id\":\"https:\/\/www.nova-groupe.fr\/fr\/nova-a-la-foire-de-brignoles\/#primaryimage\",\"url\":\"https:\/\/www.nova-groupe.fr\/wp-content\/uploads\/2019\/04\/affiche-800533-Copier.jpg\",\"contentUrl\":\"https:\/\/www.nova-groupe.fr\/wp-content\/uploads\/2019\/04\/affiche-800533-Copier.jpg\",\"width\":800,\"height\":533},{\"@type\":\"BreadcrumbList\",\"@id\":\"https:\/\/www.nova-groupe.fr\/fr\/nova-a-la-foire-de-brignoles\/#breadcrumb\",\"itemListElement\":[{\"@type\":\"ListItem\",\"position\":1,\"name\":\"Accueil\",\"item\":\"https:\/\/www.nova-groupe.fr\/fr\/\"},{\"@type\":\"ListItem\",\"position\":2,\"name\":\"NOVA \u00e0 la 90\u00e8me \u00c9dition de la Foire de Brignoles du 13 au 22 Avril\"}]},{\"@type\":\"WebSite\",\"@id\":\"https:\/\/www.nova-groupe.fr\/fr\/#website\",\"url\":\"https:\/\/www.nova-groupe.fr\/fr\/\",\"name\":\"Nova-Groupe\",\"description\":\"Vente et location de mat\u00e9riel agricole, BTP, espaces verts et environnement\",\"potentialAction\":[{\"@type\":\"SearchAction\",\"target\":{\"@type\":\"EntryPoint\",\"urlTemplate\":\"https:\/\/www.nova-groupe.fr\/fr\/?s={search_term_string}\"},\"query-input\":{\"@type\":\"PropertyValueSpecification\",\"valueRequired\":true,\"valueName\":\"search_term_string\"}}],\"inLanguage\":\"fr-FR\"},{\"@type\":\"Person\",\"@id\":\"https:\/\/www.nova-groupe.fr\/fr\/#\/schema\/person\/914fc2542c7631658cdf6631980b00e6\",\"name\":\"Camille Zammit\",\"image\":{\"@type\":\"ImageObject\",\"inLanguage\":\"fr-FR\",\"@id\":\"https:\/\/secure.gravatar.com\/avatar\/0aa14d93c1a779e5d4dc40013b1fad108020ae901341f326debe748d1ec71daf?s=96&d=mm&r=g\",\"url\":\"https:\/\/secure.gravatar.com\/avatar\/0aa14d93c1a779e5d4dc40013b1fad108020ae901341f326debe748d1ec71daf?s=96&d=mm&r=g\",\"contentUrl\":\"https:\/\/secure.gravatar.com\/avatar\/0aa14d93c1a779e5d4dc40013b1fad108020ae901341f326debe748d1ec71daf?s=96&d=mm&r=g\",\"caption\":\"Camille Zammit\"}}]}<\/script>\n<!-- \/ Yoast SEO plugin. -->","yoast_head_json":{"title":"NOVA participera \u00e0 la foire de brignoles du 13 au 22 avril 2019","description":"Du 13 au 22 Avril, retrouvez-nous \u00e0 la Foire de BRIGNOLES. Venez d\u00e9couvrir nos gammes de mat\u00e9riels d'entretien des espaces verts, mat\u00e9riels agricoles et btp","robots":{"index":"index","follow":"follow","max-snippet":"max-snippet:-1","max-image-preview":"max-image-preview:large","max-video-preview":"max-video-preview:-1"},"canonical":"https:\/\/www.nova-groupe.fr\/fr\/nova-a-la-foire-de-brignoles\/","og_locale":"fr_FR","og_type":"article","og_title":"NOVA participera \u00e0 la foire de brignoles du 13 au 22 avril 2019","og_description":"Du 13 au 22 Avril, retrouvez-nous \u00e0 la Foire de BRIGNOLES. Venez d\u00e9couvrir nos gammes de mat\u00e9riels d'entretien des espaces verts, mat\u00e9riels agricoles et btp","og_url":"https:\/\/www.nova-groupe.fr\/fr\/nova-a-la-foire-de-brignoles\/","og_site_name":"Nova-Groupe","article_publisher":"https:\/\/www.facebook.com\/Nova-Groupe-170173286757302\/","article_published_time":"2019-04-11T08:54:11+00:00","article_modified_time":"2019-09-25T15:21:00+00:00","og_image":[{"width":800,"height":533,"url":"https:\/\/www.nova-groupe.fr\/wp-content\/uploads\/2019\/04\/affiche-800533-Copier.jpg","type":"image\/jpeg"}],"author":"Camille Zammit","twitter_card":"summary_large_image","twitter_misc":{"\u00c9crit par":"Camille Zammit"},"schema":{"@context":"https:\/\/schema.org","@graph":[{"@type":"Article","@id":"https:\/\/www.nova-groupe.fr\/fr\/nova-a-la-foire-de-brignoles\/#article","isPartOf":{"@id":"https:\/\/www.nova-groupe.fr\/fr\/nova-a-la-foire-de-brignoles\/"},"author":{"name":"Camille Zammit","@id":"https:\/\/www.nova-groupe.fr\/fr\/#\/schema\/person\/914fc2542c7631658cdf6631980b00e6"},"headline":"NOVA \u00e0 la 90\u00e8me \u00c9dition de la Foire de Brignoles du 13 au 22 Avril","datePublished":"2019-04-11T08:54:11+00:00","dateModified":"2019-09-25T15:21:00+00:00","mainEntityOfPage":{"@id":"https:\/\/www.nova-groupe.fr\/fr\/nova-a-la-foire-de-brignoles\/"},"wordCount":76,"commentCount":0,"image":{"@id":"https:\/\/www.nova-groupe.fr\/fr\/nova-a-la-foire-de-brignoles\/#primaryimage"},"thumbnailUrl":"https:\/\/www.nova-groupe.fr\/wp-content\/uploads\/2019\/04\/affiche-800533-Copier.jpg","keywords":["brignoles","exposition","famille","foire","paca","particulier","plein air","pro","sortie"],"articleSection":["Non classifi\u00e9(e)"],"inLanguage":"fr-FR","potentialAction":[{"@type":"CommentAction","name":"Comment","target":["https:\/\/www.nova-groupe.fr\/fr\/nova-a-la-foire-de-brignoles\/#respond"]}]},{"@type":"WebPage","@id":"https:\/\/www.nova-groupe.fr\/fr\/nova-a-la-foire-de-brignoles\/","url":"https:\/\/www.nova-groupe.fr\/fr\/nova-a-la-foire-de-brignoles\/","name":"NOVA participera \u00e0 la foire de brignoles du 13 au 22 avril 2019","isPartOf":{"@id":"https:\/\/www.nova-groupe.fr\/fr\/#website"},"primaryImageOfPage":{"@id":"https:\/\/www.nova-groupe.fr\/fr\/nova-a-la-foire-de-brignoles\/#primaryimage"},"image":{"@id":"https:\/\/www.nova-groupe.fr\/fr\/nova-a-la-foire-de-brignoles\/#primaryimage"},"thumbnailUrl":"https:\/\/www.nova-groupe.fr\/wp-content\/uploads\/2019\/04\/affiche-800533-Copier.jpg","datePublished":"2019-04-11T08:54:11+00:00","dateModified":"2019-09-25T15:21:00+00:00","author":{"@id":"https:\/\/www.nova-groupe.fr\/fr\/#\/schema\/person\/914fc2542c7631658cdf6631980b00e6"},"description":"Du 13 au 22 Avril, retrouvez-nous \u00e0 la Foire de BRIGNOLES. Venez d\u00e9couvrir nos gammes de mat\u00e9riels d'entretien des espaces verts, mat\u00e9riels agricoles et btp","breadcrumb":{"@id":"https:\/\/www.nova-groupe.fr\/fr\/nova-a-la-foire-de-brignoles\/#breadcrumb"},"inLanguage":"fr-FR","potentialAction":[{"@type":"ReadAction","target":["https:\/\/www.nova-groupe.fr\/fr\/nova-a-la-foire-de-brignoles\/"]}]},{"@type":"ImageObject","inLanguage":"fr-FR","@id":"https:\/\/www.nova-groupe.fr\/fr\/nova-a-la-foire-de-brignoles\/#primaryimage","url":"https:\/\/www.nova-groupe.fr\/wp-content\/uploads\/2019\/04\/affiche-800533-Copier.jpg","contentUrl":"https:\/\/www.nova-groupe.fr\/wp-content\/uploads\/2019\/04\/affiche-800533-Copier.jpg","width":800,"height":533},{"@type":"BreadcrumbList","@id":"https:\/\/www.nova-groupe.fr\/fr\/nova-a-la-foire-de-brignoles\/#breadcrumb","itemListElement":[{"@type":"ListItem","position":1,"name":"Accueil","item":"https:\/\/www.nova-groupe.fr\/fr\/"},{"@type":"ListItem","position":2,"name":"NOVA \u00e0 la 90\u00e8me \u00c9dition de la Foire de Brignoles du 13 au 22 Avril"}]},{"@type":"WebSite","@id":"https:\/\/www.nova-groupe.fr\/fr\/#website","url":"https:\/\/www.nova-groupe.fr\/fr\/","name":"Nova-Groupe","description":"Vente et location de mat\u00e9riel agricole, BTP, espaces verts et environnement","potentialAction":[{"@type":"SearchAction","target":{"@type":"EntryPoint","urlTemplate":"https:\/\/www.nova-groupe.fr\/fr\/?s={search_term_string}"},"query-input":{"@type":"PropertyValueSpecification","valueRequired":true,"valueName":"search_term_string"}}],"inLanguage":"fr-FR"},{"@type":"Person","@id":"https:\/\/www.nova-groupe.fr\/fr\/#\/schema\/person\/914fc2542c7631658cdf6631980b00e6","name":"Camille Zammit","image":{"@type":"ImageObject","inLanguage":"fr-FR","@id":"https:\/\/secure.gravatar.com\/avatar\/0aa14d93c1a779e5d4dc40013b1fad108020ae901341f326debe748d1ec71daf?s=96&d=mm&r=g","url":"https:\/\/secure.gravatar.com\/avatar\/0aa14d93c1a779e5d4dc40013b1fad108020ae901341f326debe748d1ec71daf?s=96&d=mm&r=g","contentUrl":"https:\/\/secure.gravatar.com\/avatar\/0aa14d93c1a779e5d4dc40013b1fad108020ae901341f326debe748d1ec71daf?s=96&d=mm&r=g","caption":"Camille Zammit"}}]}},"_links":{"self":[{"href":"https:\/\/www.nova-groupe.fr\/fr\/wp-json\/wp\/v2\/posts\/12737","targetHints":{"allow":["GET"]}}],"collection":[{"href":"https:\/\/www.nova-groupe.fr\/fr\/wp-json\/wp\/v2\/posts"}],"about":[{"href":"https:\/\/www.nova-groupe.fr\/fr\/wp-json\/wp\/v2\/types\/post"}],"author":[{"embeddable":true,"href":"https:\/\/www.nova-groupe.fr\/fr\/wp-json\/wp\/v2\/users\/3"}],"replies":[{"embeddable":true,"href":"https:\/\/www.nova-groupe.fr\/fr\/wp-json\/wp\/v2\/comments?post=12737"}],"version-history":[{"count":0,"href":"https:\/\/www.nova-groupe.fr\/fr\/wp-json\/wp\/v2\/posts\/12737\/revisions"}],"wp:featuredmedia":[{"embeddable":true,"href":"https:\/\/www.nova-groupe.fr\/fr\/wp-json\/wp\/v2\/media\/12742"}],"wp:attachment":[{"href":"https:\/\/www.nova-groupe.fr\/fr\/wp-json\/wp\/v2\/media?parent=12737"}],"wp:term":[{"taxonomy":"category","embeddable":true,"href":"https:\/\/www.nova-groupe.fr\/fr\/wp-json\/wp\/v2\/categories?post=12737"},{"taxonomy":"post_tag","embeddable":true,"href":"https:\/\/www.nova-groupe.fr\/fr\/wp-json\/wp\/v2\/tags?post=12737"}],"curies":[{"name":"wp","href":"https:\/\/api.w.org\/{rel}","templated":true}]}}