{"id":12744,"date":"2019-04-29T08:05:15","date_gmt":"2019-04-29T06:05:15","guid":{"rendered":"https:\/\/www.nova-groupe.fr\/?p=12744"},"modified":"2019-09-25T17:19:04","modified_gmt":"2019-09-25T15:19:04","slug":"nova-gap-foire-expo-2019","status":"publish","type":"post","link":"https:\/\/www.nova-groupe.fr\/fr\/nova-gap-foire-expo-2019\/","title":{"rendered":"NOVA \u00e0 la Gap Foire Expo du 4 au 12 Mai"},"content":{"rendered":"<h1>NOVA participera \u00e0 la 37\u00e8me \u00c9dition de la Gap Foire Expo.<\/h1>\n<p>Du 4 au 12 mai, retrouvez-nous \u00e0 la Gap Foire Expo.<br \/>\nVenez d\u00e9couvrir nos gammes de mat\u00e9riels d&rsquo;entretien des espaces verts, mat\u00e9riels agricoles et btp<span class=\"_5mfr\"><span class=\"_6qdm\">sur notre stand E86 situ\u00e9 rive droite de la Luye, \u00e0 cot\u00e9 du boulodrome.<br \/>\n<\/span><\/span><\/p>\n<p><span class=\"_5mfr\"><span class=\"_6qdm\">\u00a0<\/span><\/span><\/p>\n<p>Plus d&rsquo;informations sur : <a href=\"http:\/\/www.gap-foire-expo.com\/\" target=\"_blank\" rel=\"noopener nofollow noreferrer\" data-ft=\"{&quot;tn&quot;:&quot;-U&quot;}\" data-lynx-mode=\"async\">http:\/\/www.gap-foire-expo.com\/<\/a><\/p>\n<p><img decoding=\"async\" class=\"alignnone size-large wp-image-12746\" src=\"https:\/\/www.nova-groupe.fr\/wp-content\/uploads\/2019\/04\/gap-foire-expo-facebook-1-1024x724.jpg\" alt=\"\" width=\"1024\" height=\"724\" \/><\/p>\n<p>Plan d&rsquo;acc\u00e8s:<\/p>\n<div class=\"place-desc-large\">\n<p>Parc de la P\u00e9pini\u00e8re<br \/>\nAvenue Marechal Foch<br \/>\n05000 Gap, France<\/p>\n<\/div>\n<p><iframe style=\"border: 0;\" src=\"https:\/\/www.google.com\/maps\/embed?pb=!1m18!1m12!1m3!1d2842.6741007556857!2d6.0844862155274795!3d44.56277437910065!2m3!1f0!2f0!3f0!3m2!1i1024!2i768!4f13.1!3m3!1m2!1s0x12cb40699cc39061%3A0xb237bedf8235db7!2sParc+de+la+P%C3%A9pini%C3%A8re!5e0!3m2!1sfr!2sfr!4v1554973347347!5m2!1sfr!2sfr\" width=\"600\" height=\"450\" frameborder=\"0\" allowfullscreen=\"allowfullscreen\"><\/iframe><\/p>\n<hr \/>\n<div id=\"pg-9082-1\" class=\"panel-grid panel-has-style\" data-style=\"{&quot;padding&quot;:&quot;3% 0% 2% 0%&quot;,&quot;background&quot;:&quot;#f3f2eb&quot;,&quot;background_display&quot;:&quot;tile&quot;,&quot;lsow_dark_bg&quot;:&quot;&quot;,&quot;row_stretch&quot;:&quot;full&quot;}\">\n<div class=\"siteorigin-panels-stretch panel-row-style panel-row-style-for-9082-1\" data-stretch-type=\"full\">\n<div id=\"pgc-9082-1-0\" class=\"panel-grid-cell\" data-weight=\"1\">\n<div id=\"panel-9082-1-0-0\" class=\"so-panel widget widget_sow-post-carousel panel-first-child panel-last-child\" data-index=\"3\" data-style=\"{&quot;background_display&quot;:&quot;tile&quot;}\">\n<\/div>\n<\/div>\n<\/div>\n<\/div>\n<div id=\"pg-9082-2\" class=\"panel-grid panel-has-style\" data-style=\"{&quot;background_display&quot;:&quot;tile&quot;,&quot;lsow_dark_bg&quot;:&quot;&quot;,&quot;row_stretch&quot;:&quot;full-stretched&quot;,&quot;cell_alignment&quot;:&quot;flex-start&quot;}\">\n<div class=\"siteorigin-panels-stretch panel-row-style panel-row-style-for-9082-2\" data-stretch-type=\"full-stretched\">\n<div id=\"pgc-9082-2-0\" class=\"panel-grid-cell\" data-weight=\"1\">\n<div id=\"panel-9082-2-0-0\" class=\"so-panel widget widget_sow-image panel-first-child panel-last-child\" data-index=\"4\" data-style=\"{&quot;background_display&quot;:&quot;tile&quot;}\"><\/div>\n<\/div>\n<\/div>\n<\/div>\n","protected":false},"excerpt":{"rendered":"<p>NOVA participera \u00e0 la 37\u00e8me \u00c9dition de la Gap Foire Expo. Du 4 au 12 mai, retrouvez-nous \u00e0 la Gap Foire Expo. Venez d\u00e9couvrir nos gammes de mat\u00e9riels d&rsquo;entretien des espaces verts, mat\u00e9riels agricoles et btpsur notre stand E86 situ\u00e9 rive droite de la Luye, \u00e0 cot\u00e9 du boulodrome. \u00a0 Plus d&rsquo;informations sur : http:\/\/www.gap-foire-expo.com\/ [&hellip;]<\/p>\n","protected":false},"author":3,"featured_media":12745,"comment_status":"open","ping_status":"closed","sticky":false,"template":"","format":"image","meta":{"_acf_changed":false,"_et_pb_use_builder":"","_et_pb_old_content":"","_et_gb_content_width":"","om_disable_all_campaigns":false,"_monsterinsights_skip_tracking":false,"_monsterinsights_sitenote_active":false,"_monsterinsights_sitenote_note":"","_monsterinsights_sitenote_category":0,"_uf_show_specific_survey":0,"_uf_disable_surveys":false,"footnotes":""},"categories":[1],"tags":[1430,1802,1542,1080,1806,1798,1804,1800],"class_list":["post-12744","post","type-post","status-publish","format-image","has-post-thumbnail","hentry","category-non-classifiee","tag-exposition","tag-famille","tag-foire","tag-gap","tag-particulier","tag-plein-air","tag-pro","tag-sortie","post_format-post-format-image"],"acf":[],"yoast_head":"<!-- This site is optimized with the Yoast SEO plugin v27.2 - https:\/\/yoast.com\/product\/yoast-seo-wordpress\/ -->\n<title>NOVA sera \u00e0 la Gap Foire Expo du 4 au 12 mai, retrouvez-nous stand E86<\/title>\n<meta name=\"description\" content=\"NOVA sera \u00e0 la Gap Foire Expo du 4 au 12 mai, retrouvez-nous stand E86. D\u00e9couvrez nos gammes de mat\u00e9riels Agricole , btp et Les nouveaut\u00e9s Espaces Verts.\" \/>\n<meta name=\"robots\" content=\"index, follow, max-snippet:-1, max-image-preview:large, max-video-preview:-1\" \/>\n<link rel=\"canonical\" href=\"https:\/\/www.nova-groupe.fr\/fr\/nova-gap-foire-expo-2019\/\" \/>\n<meta property=\"og:locale\" content=\"fr_FR\" \/>\n<meta property=\"og:type\" content=\"article\" \/>\n<meta property=\"og:title\" content=\"NOVA sera \u00e0 la Gap Foire Expo du 4 au 12 mai, retrouvez-nous stand E86\" \/>\n<meta property=\"og:description\" content=\"NOVA sera \u00e0 la Gap Foire Expo du 4 au 12 mai, retrouvez-nous stand E86. D\u00e9couvrez nos gammes de mat\u00e9riels Agricole , btp et Les nouveaut\u00e9s Espaces Verts.\" \/>\n<meta property=\"og:url\" content=\"https:\/\/www.nova-groupe.fr\/fr\/nova-gap-foire-expo-2019\/\" \/>\n<meta property=\"og:site_name\" content=\"Nova-Groupe\" \/>\n<meta property=\"article:publisher\" content=\"https:\/\/www.facebook.com\/Nova-Groupe-170173286757302\/\" \/>\n<meta property=\"article:published_time\" content=\"2019-04-29T06:05:15+00:00\" \/>\n<meta property=\"article:modified_time\" content=\"2019-09-25T15:19:04+00:00\" \/>\n<meta property=\"og:image\" content=\"https:\/\/www.nova-groupe.fr\/wp-content\/uploads\/2019\/04\/logofoireexpo.png\" \/>\n\t<meta property=\"og:image:width\" content=\"1794\" \/>\n\t<meta property=\"og:image:height\" content=\"1332\" \/>\n\t<meta property=\"og:image:type\" content=\"image\/png\" \/>\n<meta name=\"author\" content=\"Camille Zammit\" \/>\n<meta name=\"twitter:card\" content=\"summary_large_image\" \/>\n<meta name=\"twitter:label1\" content=\"\u00c9crit par\" \/>\n\t<meta name=\"twitter:data1\" content=\"Camille Zammit\" \/>\n<script type=\"application\/ld+json\" class=\"yoast-schema-graph\">{\"@context\":\"https:\/\/schema.org\",\"@graph\":[{\"@type\":\"Article\",\"@id\":\"https:\/\/www.nova-groupe.fr\/fr\/nova-gap-foire-expo-2019\/#article\",\"isPartOf\":{\"@id\":\"https:\/\/www.nova-groupe.fr\/fr\/nova-gap-foire-expo-2019\/\"},\"author\":{\"name\":\"Camille Zammit\",\"@id\":\"https:\/\/www.nova-groupe.fr\/fr\/#\/schema\/person\/914fc2542c7631658cdf6631980b00e6\"},\"headline\":\"NOVA \u00e0 la Gap Foire Expo du 4 au 12 Mai\",\"datePublished\":\"2019-04-29T06:05:15+00:00\",\"dateModified\":\"2019-09-25T15:19:04+00:00\",\"mainEntityOfPage\":{\"@id\":\"https:\/\/www.nova-groupe.fr\/fr\/nova-gap-foire-expo-2019\/\"},\"wordCount\":80,\"commentCount\":0,\"image\":{\"@id\":\"https:\/\/www.nova-groupe.fr\/fr\/nova-gap-foire-expo-2019\/#primaryimage\"},\"thumbnailUrl\":\"https:\/\/www.nova-groupe.fr\/wp-content\/uploads\/2019\/04\/logofoireexpo.png\",\"keywords\":[\"exposition\",\"famille\",\"foire\",\"gap\",\"particulier\",\"plein air\",\"pro\",\"sortie\"],\"articleSection\":[\"Non classifi\u00e9(e)\"],\"inLanguage\":\"fr-FR\",\"potentialAction\":[{\"@type\":\"CommentAction\",\"name\":\"Comment\",\"target\":[\"https:\/\/www.nova-groupe.fr\/fr\/nova-gap-foire-expo-2019\/#respond\"]}]},{\"@type\":\"WebPage\",\"@id\":\"https:\/\/www.nova-groupe.fr\/fr\/nova-gap-foire-expo-2019\/\",\"url\":\"https:\/\/www.nova-groupe.fr\/fr\/nova-gap-foire-expo-2019\/\",\"name\":\"NOVA sera \u00e0 la Gap Foire Expo du 4 au 12 mai, retrouvez-nous stand E86\",\"isPartOf\":{\"@id\":\"https:\/\/www.nova-groupe.fr\/fr\/#website\"},\"primaryImageOfPage\":{\"@id\":\"https:\/\/www.nova-groupe.fr\/fr\/nova-gap-foire-expo-2019\/#primaryimage\"},\"image\":{\"@id\":\"https:\/\/www.nova-groupe.fr\/fr\/nova-gap-foire-expo-2019\/#primaryimage\"},\"thumbnailUrl\":\"https:\/\/www.nova-groupe.fr\/wp-content\/uploads\/2019\/04\/logofoireexpo.png\",\"datePublished\":\"2019-04-29T06:05:15+00:00\",\"dateModified\":\"2019-09-25T15:19:04+00:00\",\"author\":{\"@id\":\"https:\/\/www.nova-groupe.fr\/fr\/#\/schema\/person\/914fc2542c7631658cdf6631980b00e6\"},\"description\":\"NOVA sera \u00e0 la Gap Foire Expo du 4 au 12 mai, retrouvez-nous stand E86. D\u00e9couvrez nos gammes de mat\u00e9riels Agricole , btp et Les nouveaut\u00e9s Espaces Verts.\",\"breadcrumb\":{\"@id\":\"https:\/\/www.nova-groupe.fr\/fr\/nova-gap-foire-expo-2019\/#breadcrumb\"},\"inLanguage\":\"fr-FR\",\"potentialAction\":[{\"@type\":\"ReadAction\",\"target\":[\"https:\/\/www.nova-groupe.fr\/fr\/nova-gap-foire-expo-2019\/\"]}]},{\"@type\":\"ImageObject\",\"inLanguage\":\"fr-FR\",\"@id\":\"https:\/\/www.nova-groupe.fr\/fr\/nova-gap-foire-expo-2019\/#primaryimage\",\"url\":\"https:\/\/www.nova-groupe.fr\/wp-content\/uploads\/2019\/04\/logofoireexpo.png\",\"contentUrl\":\"https:\/\/www.nova-groupe.fr\/wp-content\/uploads\/2019\/04\/logofoireexpo.png\",\"width\":1794,\"height\":1332},{\"@type\":\"BreadcrumbList\",\"@id\":\"https:\/\/www.nova-groupe.fr\/fr\/nova-gap-foire-expo-2019\/#breadcrumb\",\"itemListElement\":[{\"@type\":\"ListItem\",\"position\":1,\"name\":\"Accueil\",\"item\":\"https:\/\/www.nova-groupe.fr\/fr\/\"},{\"@type\":\"ListItem\",\"position\":2,\"name\":\"NOVA \u00e0 la Gap Foire Expo du 4 au 12 Mai\"}]},{\"@type\":\"WebSite\",\"@id\":\"https:\/\/www.nova-groupe.fr\/fr\/#website\",\"url\":\"https:\/\/www.nova-groupe.fr\/fr\/\",\"name\":\"Nova-Groupe\",\"description\":\"Vente et location de mat\u00e9riel agricole, BTP, espaces verts et environnement\",\"potentialAction\":[{\"@type\":\"SearchAction\",\"target\":{\"@type\":\"EntryPoint\",\"urlTemplate\":\"https:\/\/www.nova-groupe.fr\/fr\/?s={search_term_string}\"},\"query-input\":{\"@type\":\"PropertyValueSpecification\",\"valueRequired\":true,\"valueName\":\"search_term_string\"}}],\"inLanguage\":\"fr-FR\"},{\"@type\":\"Person\",\"@id\":\"https:\/\/www.nova-groupe.fr\/fr\/#\/schema\/person\/914fc2542c7631658cdf6631980b00e6\",\"name\":\"Camille Zammit\",\"image\":{\"@type\":\"ImageObject\",\"inLanguage\":\"fr-FR\",\"@id\":\"https:\/\/secure.gravatar.com\/avatar\/0aa14d93c1a779e5d4dc40013b1fad108020ae901341f326debe748d1ec71daf?s=96&d=mm&r=g\",\"url\":\"https:\/\/secure.gravatar.com\/avatar\/0aa14d93c1a779e5d4dc40013b1fad108020ae901341f326debe748d1ec71daf?s=96&d=mm&r=g\",\"contentUrl\":\"https:\/\/secure.gravatar.com\/avatar\/0aa14d93c1a779e5d4dc40013b1fad108020ae901341f326debe748d1ec71daf?s=96&d=mm&r=g\",\"caption\":\"Camille Zammit\"}}]}<\/script>\n<!-- \/ Yoast SEO plugin. -->","yoast_head_json":{"title":"NOVA sera \u00e0 la Gap Foire Expo du 4 au 12 mai, retrouvez-nous stand E86","description":"NOVA sera \u00e0 la Gap Foire Expo du 4 au 12 mai, retrouvez-nous stand E86. D\u00e9couvrez nos gammes de mat\u00e9riels Agricole , btp et Les nouveaut\u00e9s Espaces Verts.","robots":{"index":"index","follow":"follow","max-snippet":"max-snippet:-1","max-image-preview":"max-image-preview:large","max-video-preview":"max-video-preview:-1"},"canonical":"https:\/\/www.nova-groupe.fr\/fr\/nova-gap-foire-expo-2019\/","og_locale":"fr_FR","og_type":"article","og_title":"NOVA sera \u00e0 la Gap Foire Expo du 4 au 12 mai, retrouvez-nous stand E86","og_description":"NOVA sera \u00e0 la Gap Foire Expo du 4 au 12 mai, retrouvez-nous stand E86. D\u00e9couvrez nos gammes de mat\u00e9riels Agricole , btp et Les nouveaut\u00e9s Espaces Verts.","og_url":"https:\/\/www.nova-groupe.fr\/fr\/nova-gap-foire-expo-2019\/","og_site_name":"Nova-Groupe","article_publisher":"https:\/\/www.facebook.com\/Nova-Groupe-170173286757302\/","article_published_time":"2019-04-29T06:05:15+00:00","article_modified_time":"2019-09-25T15:19:04+00:00","og_image":[{"width":1794,"height":1332,"url":"https:\/\/www.nova-groupe.fr\/wp-content\/uploads\/2019\/04\/logofoireexpo.png","type":"image\/png"}],"author":"Camille Zammit","twitter_card":"summary_large_image","twitter_misc":{"\u00c9crit par":"Camille Zammit"},"schema":{"@context":"https:\/\/schema.org","@graph":[{"@type":"Article","@id":"https:\/\/www.nova-groupe.fr\/fr\/nova-gap-foire-expo-2019\/#article","isPartOf":{"@id":"https:\/\/www.nova-groupe.fr\/fr\/nova-gap-foire-expo-2019\/"},"author":{"name":"Camille Zammit","@id":"https:\/\/www.nova-groupe.fr\/fr\/#\/schema\/person\/914fc2542c7631658cdf6631980b00e6"},"headline":"NOVA \u00e0 la Gap Foire Expo du 4 au 12 Mai","datePublished":"2019-04-29T06:05:15+00:00","dateModified":"2019-09-25T15:19:04+00:00","mainEntityOfPage":{"@id":"https:\/\/www.nova-groupe.fr\/fr\/nova-gap-foire-expo-2019\/"},"wordCount":80,"commentCount":0,"image":{"@id":"https:\/\/www.nova-groupe.fr\/fr\/nova-gap-foire-expo-2019\/#primaryimage"},"thumbnailUrl":"https:\/\/www.nova-groupe.fr\/wp-content\/uploads\/2019\/04\/logofoireexpo.png","keywords":["exposition","famille","foire","gap","particulier","plein air","pro","sortie"],"articleSection":["Non classifi\u00e9(e)"],"inLanguage":"fr-FR","potentialAction":[{"@type":"CommentAction","name":"Comment","target":["https:\/\/www.nova-groupe.fr\/fr\/nova-gap-foire-expo-2019\/#respond"]}]},{"@type":"WebPage","@id":"https:\/\/www.nova-groupe.fr\/fr\/nova-gap-foire-expo-2019\/","url":"https:\/\/www.nova-groupe.fr\/fr\/nova-gap-foire-expo-2019\/","name":"NOVA sera \u00e0 la Gap Foire Expo du 4 au 12 mai, retrouvez-nous stand E86","isPartOf":{"@id":"https:\/\/www.nova-groupe.fr\/fr\/#website"},"primaryImageOfPage":{"@id":"https:\/\/www.nova-groupe.fr\/fr\/nova-gap-foire-expo-2019\/#primaryimage"},"image":{"@id":"https:\/\/www.nova-groupe.fr\/fr\/nova-gap-foire-expo-2019\/#primaryimage"},"thumbnailUrl":"https:\/\/www.nova-groupe.fr\/wp-content\/uploads\/2019\/04\/logofoireexpo.png","datePublished":"2019-04-29T06:05:15+00:00","dateModified":"2019-09-25T15:19:04+00:00","author":{"@id":"https:\/\/www.nova-groupe.fr\/fr\/#\/schema\/person\/914fc2542c7631658cdf6631980b00e6"},"description":"NOVA sera \u00e0 la Gap Foire Expo du 4 au 12 mai, retrouvez-nous stand E86. D\u00e9couvrez nos gammes de mat\u00e9riels Agricole , btp et Les nouveaut\u00e9s Espaces Verts.","breadcrumb":{"@id":"https:\/\/www.nova-groupe.fr\/fr\/nova-gap-foire-expo-2019\/#breadcrumb"},"inLanguage":"fr-FR","potentialAction":[{"@type":"ReadAction","target":["https:\/\/www.nova-groupe.fr\/fr\/nova-gap-foire-expo-2019\/"]}]},{"@type":"ImageObject","inLanguage":"fr-FR","@id":"https:\/\/www.nova-groupe.fr\/fr\/nova-gap-foire-expo-2019\/#primaryimage","url":"https:\/\/www.nova-groupe.fr\/wp-content\/uploads\/2019\/04\/logofoireexpo.png","contentUrl":"https:\/\/www.nova-groupe.fr\/wp-content\/uploads\/2019\/04\/logofoireexpo.png","width":1794,"height":1332},{"@type":"BreadcrumbList","@id":"https:\/\/www.nova-groupe.fr\/fr\/nova-gap-foire-expo-2019\/#breadcrumb","itemListElement":[{"@type":"ListItem","position":1,"name":"Accueil","item":"https:\/\/www.nova-groupe.fr\/fr\/"},{"@type":"ListItem","position":2,"name":"NOVA \u00e0 la Gap Foire Expo du 4 au 12 Mai"}]},{"@type":"WebSite","@id":"https:\/\/www.nova-groupe.fr\/fr\/#website","url":"https:\/\/www.nova-groupe.fr\/fr\/","name":"Nova-Groupe","description":"Vente et location de mat\u00e9riel agricole, BTP, espaces verts et environnement","potentialAction":[{"@type":"SearchAction","target":{"@type":"EntryPoint","urlTemplate":"https:\/\/www.nova-groupe.fr\/fr\/?s={search_term_string}"},"query-input":{"@type":"PropertyValueSpecification","valueRequired":true,"valueName":"search_term_string"}}],"inLanguage":"fr-FR"},{"@type":"Person","@id":"https:\/\/www.nova-groupe.fr\/fr\/#\/schema\/person\/914fc2542c7631658cdf6631980b00e6","name":"Camille Zammit","image":{"@type":"ImageObject","inLanguage":"fr-FR","@id":"https:\/\/secure.gravatar.com\/avatar\/0aa14d93c1a779e5d4dc40013b1fad108020ae901341f326debe748d1ec71daf?s=96&d=mm&r=g","url":"https:\/\/secure.gravatar.com\/avatar\/0aa14d93c1a779e5d4dc40013b1fad108020ae901341f326debe748d1ec71daf?s=96&d=mm&r=g","contentUrl":"https:\/\/secure.gravatar.com\/avatar\/0aa14d93c1a779e5d4dc40013b1fad108020ae901341f326debe748d1ec71daf?s=96&d=mm&r=g","caption":"Camille Zammit"}}]}},"_links":{"self":[{"href":"https:\/\/www.nova-groupe.fr\/fr\/wp-json\/wp\/v2\/posts\/12744","targetHints":{"allow":["GET"]}}],"collection":[{"href":"https:\/\/www.nova-groupe.fr\/fr\/wp-json\/wp\/v2\/posts"}],"about":[{"href":"https:\/\/www.nova-groupe.fr\/fr\/wp-json\/wp\/v2\/types\/post"}],"author":[{"embeddable":true,"href":"https:\/\/www.nova-groupe.fr\/fr\/wp-json\/wp\/v2\/users\/3"}],"replies":[{"embeddable":true,"href":"https:\/\/www.nova-groupe.fr\/fr\/wp-json\/wp\/v2\/comments?post=12744"}],"version-history":[{"count":0,"href":"https:\/\/www.nova-groupe.fr\/fr\/wp-json\/wp\/v2\/posts\/12744\/revisions"}],"wp:featuredmedia":[{"embeddable":true,"href":"https:\/\/www.nova-groupe.fr\/fr\/wp-json\/wp\/v2\/media\/12745"}],"wp:attachment":[{"href":"https:\/\/www.nova-groupe.fr\/fr\/wp-json\/wp\/v2\/media?parent=12744"}],"wp:term":[{"taxonomy":"category","embeddable":true,"href":"https:\/\/www.nova-groupe.fr\/fr\/wp-json\/wp\/v2\/categories?post=12744"},{"taxonomy":"post_tag","embeddable":true,"href":"https:\/\/www.nova-groupe.fr\/fr\/wp-json\/wp\/v2\/tags?post=12744"}],"curies":[{"name":"wp","href":"https:\/\/api.w.org\/{rel}","templated":true}]}}