{"id":12748,"date":"2019-04-22T08:08:24","date_gmt":"2019-04-22T06:08:24","guid":{"rendered":"https:\/\/www.nova-groupe.fr\/?p=12748"},"modified":"2019-09-25T17:19:33","modified_gmt":"2019-09-25T15:19:33","slug":"salon-elevage-alpin-embrun","status":"publish","type":"post","link":"https:\/\/www.nova-groupe.fr\/fr\/salon-elevage-alpin-embrun\/","title":{"rendered":"Salon de l&rsquo;Elevage Alpin \u00e0 Embrun"},"content":{"rendered":"<h1>NOVA participera \u00e0 la 3\u00e8me \u00c9dition du Salon de l\u2019\u00c9levage Haut Alpin<\/h1>\n<p>Samedi 27 et dimanche 28 avril retrouvez nous \u00e0 Embrun<\/p>\n<p>Un programme tourn\u00e9 autour de l&rsquo;agriculture de montagne.<br \/>\n&#8211; Traditionnels concours ovins, bovins allaitants et bien \u00e9videmment le d\u00e9fil\u00e9 des enfants avec leurs animaux.<br \/>\n&#8211; Concours de fromages Haut Alpins.<br \/>\n&#8211; March\u00e9 de producteurs et exposition de mat\u00e9riel agricole.<br \/>\n&#8211; Buvette et repas sur place.<br \/>\n&#8211; Autres animations \u00e0 d\u00e9couvrir!<\/p>\n<p>Plus d&rsquo;informations sur : <a href=\"http:\/\/www.jeunes-agriculteurs.fr\" target=\"_blank\" rel=\"noopener noreferrer\">http:\/\/www.jeunes-agriculteurs.fr<\/a><\/p>\n<p><img decoding=\"async\" class=\"alignnone size-large wp-image-12749\" src=\"https:\/\/www.nova-groupe.fr\/wp-content\/uploads\/2019\/04\/salon-elevage-alpin-embrun-27-28-avril-2019-1024x538.jpg\" alt=\"\" width=\"1024\" height=\"538\" \/><\/p>\n<p>&nbsp;<\/p>\n<p>Plan d&rsquo;acc\u00e8s:<\/p>\n<div class=\"place-desc-large\">Plan d&rsquo;eau d&rsquo;Embrun 05200 Embrun<\/div>\n<p><iframe style=\"border: 0;\" src=\"https:\/\/www.google.com\/maps\/embed?pb=!1m18!1m12!1m3!1d2843.302298705504!2d6.473684015527082!3d44.5499164791007!2m3!1f0!2f0!3f0!3m2!1i1024!2i768!4f13.1!3m3!1m2!1s0x12cca181044e73cf%3A0x522ee717c3c195d9!2sPlan+d'eau+d'Embrun!5e0!3m2!1sfr!2sfr!4v1554974074961!5m2!1sfr!2sfr\" width=\"600\" height=\"450\" frameborder=\"0\" allowfullscreen=\"allowfullscreen\"><\/iframe><\/p>\n<hr \/>\n<div id=\"pg-9082-1\" class=\"panel-grid panel-has-style\" data-style=\"{&quot;padding&quot;:&quot;3% 0% 2% 0%&quot;,&quot;background&quot;:&quot;#f3f2eb&quot;,&quot;background_display&quot;:&quot;tile&quot;,&quot;lsow_dark_bg&quot;:&quot;&quot;,&quot;row_stretch&quot;:&quot;full&quot;}\">\n<div class=\"siteorigin-panels-stretch panel-row-style panel-row-style-for-9082-1\" data-stretch-type=\"full\">\n<div id=\"pgc-9082-1-0\" class=\"panel-grid-cell\" data-weight=\"1\">\n<div id=\"panel-9082-1-0-0\" class=\"so-panel widget widget_sow-post-carousel panel-first-child panel-last-child\" data-index=\"3\" data-style=\"{&quot;background_display&quot;:&quot;tile&quot;}\">\n<\/div>\n<\/div>\n<\/div>\n<\/div>\n<div id=\"pg-9082-2\" class=\"panel-grid panel-has-style\" data-style=\"{&quot;background_display&quot;:&quot;tile&quot;,&quot;lsow_dark_bg&quot;:&quot;&quot;,&quot;row_stretch&quot;:&quot;full-stretched&quot;,&quot;cell_alignment&quot;:&quot;flex-start&quot;}\">\n<div class=\"siteorigin-panels-stretch panel-row-style panel-row-style-for-9082-2\" data-stretch-type=\"full-stretched\">\n<div id=\"pgc-9082-2-0\" class=\"panel-grid-cell\" data-weight=\"1\">\n<div id=\"panel-9082-2-0-0\" class=\"so-panel widget widget_sow-image panel-first-child panel-last-child\" data-index=\"4\" data-style=\"{&quot;background_display&quot;:&quot;tile&quot;}\"><\/div>\n<\/div>\n<\/div>\n<\/div>\n","protected":false},"excerpt":{"rendered":"<p>NOVA participera \u00e0 la 3\u00e8me \u00c9dition du Salon de l\u2019\u00c9levage Haut Alpin Samedi 27 et dimanche 28 avril retrouvez nous \u00e0 Embrun Un programme tourn\u00e9 autour de l&rsquo;agriculture de montagne. &#8211; Traditionnels concours ovins, bovins allaitants et bien \u00e9videmment le d\u00e9fil\u00e9 des enfants avec leurs animaux. &#8211; Concours de fromages Haut Alpins. &#8211; March\u00e9 de [&hellip;]<\/p>\n","protected":false},"author":3,"featured_media":12751,"comment_status":"open","ping_status":"closed","sticky":false,"template":"","format":"image","meta":{"_acf_changed":false,"_et_pb_use_builder":"","_et_pb_old_content":"","_et_gb_content_width":"","om_disable_all_campaigns":false,"_monsterinsights_skip_tracking":false,"_monsterinsights_sitenote_active":false,"_monsterinsights_sitenote_note":"","_monsterinsights_sitenote_category":0,"_uf_show_specific_survey":0,"_uf_disable_surveys":false,"footnotes":""},"categories":[1],"tags":[1796,1430,1802,1542,1190,1806,1798,1804,1800],"class_list":["post-12748","post","type-post","status-publish","format-image","has-post-thumbnail","hentry","category-non-classifiee","tag-brignoles","tag-exposition","tag-famille","tag-foire","tag-paca","tag-particulier","tag-plein-air","tag-pro","tag-sortie","post_format-post-format-image"],"acf":[],"yoast_head":"<!-- This site is optimized with the Yoast SEO plugin v27.2 - https:\/\/yoast.com\/product\/yoast-seo-wordpress\/ -->\n<title>NOVA participera au salon elevage haut alpin \u00e0 Embrun 27-28 Avril<\/title>\n<meta name=\"description\" content=\"NOVA participera au salon elevage haut alpin \u00e0 Embrun 27-28 Avril\" \/>\n<meta name=\"robots\" content=\"index, follow, max-snippet:-1, max-image-preview:large, max-video-preview:-1\" \/>\n<link rel=\"canonical\" href=\"https:\/\/www.nova-groupe.fr\/fr\/salon-elevage-alpin-embrun\/\" \/>\n<meta property=\"og:locale\" content=\"fr_FR\" \/>\n<meta property=\"og:type\" content=\"article\" \/>\n<meta property=\"og:title\" content=\"NOVA participera au salon elevage haut alpin \u00e0 Embrun 27-28 Avril\" \/>\n<meta property=\"og:description\" content=\"NOVA participera au salon elevage haut alpin \u00e0 Embrun 27-28 Avril\" \/>\n<meta property=\"og:url\" content=\"https:\/\/www.nova-groupe.fr\/fr\/salon-elevage-alpin-embrun\/\" \/>\n<meta property=\"og:site_name\" content=\"Nova-Groupe\" \/>\n<meta property=\"article:publisher\" content=\"https:\/\/www.facebook.com\/Nova-Groupe-170173286757302\/\" \/>\n<meta property=\"article:published_time\" content=\"2019-04-22T06:08:24+00:00\" \/>\n<meta property=\"article:modified_time\" content=\"2019-09-25T15:19:33+00:00\" \/>\n<meta property=\"og:image\" content=\"https:\/\/www.nova-groupe.fr\/wp-content\/uploads\/2019\/04\/800x600_751302-affiche1_salonelevage_embrun-nova.jpg\" \/>\n\t<meta property=\"og:image:width\" content=\"566\" \/>\n\t<meta property=\"og:image:height\" content=\"800\" \/>\n\t<meta property=\"og:image:type\" content=\"image\/jpeg\" \/>\n<meta name=\"author\" content=\"Camille Zammit\" \/>\n<meta name=\"twitter:card\" content=\"summary_large_image\" \/>\n<meta name=\"twitter:label1\" content=\"\u00c9crit par\" \/>\n\t<meta name=\"twitter:data1\" content=\"Camille Zammit\" \/>\n<script type=\"application\/ld+json\" class=\"yoast-schema-graph\">{\"@context\":\"https:\/\/schema.org\",\"@graph\":[{\"@type\":\"Article\",\"@id\":\"https:\/\/www.nova-groupe.fr\/fr\/salon-elevage-alpin-embrun\/#article\",\"isPartOf\":{\"@id\":\"https:\/\/www.nova-groupe.fr\/fr\/salon-elevage-alpin-embrun\/\"},\"author\":{\"name\":\"Camille Zammit\",\"@id\":\"https:\/\/www.nova-groupe.fr\/fr\/#\/schema\/person\/914fc2542c7631658cdf6631980b00e6\"},\"headline\":\"Salon de l&rsquo;Elevage Alpin \u00e0 Embrun\",\"datePublished\":\"2019-04-22T06:08:24+00:00\",\"dateModified\":\"2019-09-25T15:19:33+00:00\",\"mainEntityOfPage\":{\"@id\":\"https:\/\/www.nova-groupe.fr\/fr\/salon-elevage-alpin-embrun\/\"},\"wordCount\":97,\"commentCount\":0,\"image\":{\"@id\":\"https:\/\/www.nova-groupe.fr\/fr\/salon-elevage-alpin-embrun\/#primaryimage\"},\"thumbnailUrl\":\"https:\/\/www.nova-groupe.fr\/wp-content\/uploads\/2019\/04\/800x600_751302-affiche1_salonelevage_embrun-nova.jpg\",\"keywords\":[\"brignoles\",\"exposition\",\"famille\",\"foire\",\"paca\",\"particulier\",\"plein air\",\"pro\",\"sortie\"],\"articleSection\":[\"Non classifi\u00e9(e)\"],\"inLanguage\":\"fr-FR\",\"potentialAction\":[{\"@type\":\"CommentAction\",\"name\":\"Comment\",\"target\":[\"https:\/\/www.nova-groupe.fr\/fr\/salon-elevage-alpin-embrun\/#respond\"]}]},{\"@type\":\"WebPage\",\"@id\":\"https:\/\/www.nova-groupe.fr\/fr\/salon-elevage-alpin-embrun\/\",\"url\":\"https:\/\/www.nova-groupe.fr\/fr\/salon-elevage-alpin-embrun\/\",\"name\":\"NOVA participera au salon elevage haut alpin \u00e0 Embrun 27-28 Avril\",\"isPartOf\":{\"@id\":\"https:\/\/www.nova-groupe.fr\/fr\/#website\"},\"primaryImageOfPage\":{\"@id\":\"https:\/\/www.nova-groupe.fr\/fr\/salon-elevage-alpin-embrun\/#primaryimage\"},\"image\":{\"@id\":\"https:\/\/www.nova-groupe.fr\/fr\/salon-elevage-alpin-embrun\/#primaryimage\"},\"thumbnailUrl\":\"https:\/\/www.nova-groupe.fr\/wp-content\/uploads\/2019\/04\/800x600_751302-affiche1_salonelevage_embrun-nova.jpg\",\"datePublished\":\"2019-04-22T06:08:24+00:00\",\"dateModified\":\"2019-09-25T15:19:33+00:00\",\"author\":{\"@id\":\"https:\/\/www.nova-groupe.fr\/fr\/#\/schema\/person\/914fc2542c7631658cdf6631980b00e6\"},\"description\":\"NOVA participera au salon elevage haut alpin \u00e0 Embrun 27-28 Avril\",\"breadcrumb\":{\"@id\":\"https:\/\/www.nova-groupe.fr\/fr\/salon-elevage-alpin-embrun\/#breadcrumb\"},\"inLanguage\":\"fr-FR\",\"potentialAction\":[{\"@type\":\"ReadAction\",\"target\":[\"https:\/\/www.nova-groupe.fr\/fr\/salon-elevage-alpin-embrun\/\"]}]},{\"@type\":\"ImageObject\",\"inLanguage\":\"fr-FR\",\"@id\":\"https:\/\/www.nova-groupe.fr\/fr\/salon-elevage-alpin-embrun\/#primaryimage\",\"url\":\"https:\/\/www.nova-groupe.fr\/wp-content\/uploads\/2019\/04\/800x600_751302-affiche1_salonelevage_embrun-nova.jpg\",\"contentUrl\":\"https:\/\/www.nova-groupe.fr\/wp-content\/uploads\/2019\/04\/800x600_751302-affiche1_salonelevage_embrun-nova.jpg\",\"width\":566,\"height\":800},{\"@type\":\"BreadcrumbList\",\"@id\":\"https:\/\/www.nova-groupe.fr\/fr\/salon-elevage-alpin-embrun\/#breadcrumb\",\"itemListElement\":[{\"@type\":\"ListItem\",\"position\":1,\"name\":\"Accueil\",\"item\":\"https:\/\/www.nova-groupe.fr\/fr\/\"},{\"@type\":\"ListItem\",\"position\":2,\"name\":\"Salon de l&rsquo;Elevage Alpin \u00e0 Embrun\"}]},{\"@type\":\"WebSite\",\"@id\":\"https:\/\/www.nova-groupe.fr\/fr\/#website\",\"url\":\"https:\/\/www.nova-groupe.fr\/fr\/\",\"name\":\"Nova-Groupe\",\"description\":\"Vente et location de mat\u00e9riel agricole, BTP, espaces verts et environnement\",\"potentialAction\":[{\"@type\":\"SearchAction\",\"target\":{\"@type\":\"EntryPoint\",\"urlTemplate\":\"https:\/\/www.nova-groupe.fr\/fr\/?s={search_term_string}\"},\"query-input\":{\"@type\":\"PropertyValueSpecification\",\"valueRequired\":true,\"valueName\":\"search_term_string\"}}],\"inLanguage\":\"fr-FR\"},{\"@type\":\"Person\",\"@id\":\"https:\/\/www.nova-groupe.fr\/fr\/#\/schema\/person\/914fc2542c7631658cdf6631980b00e6\",\"name\":\"Camille Zammit\",\"image\":{\"@type\":\"ImageObject\",\"inLanguage\":\"fr-FR\",\"@id\":\"https:\/\/secure.gravatar.com\/avatar\/0aa14d93c1a779e5d4dc40013b1fad108020ae901341f326debe748d1ec71daf?s=96&d=mm&r=g\",\"url\":\"https:\/\/secure.gravatar.com\/avatar\/0aa14d93c1a779e5d4dc40013b1fad108020ae901341f326debe748d1ec71daf?s=96&d=mm&r=g\",\"contentUrl\":\"https:\/\/secure.gravatar.com\/avatar\/0aa14d93c1a779e5d4dc40013b1fad108020ae901341f326debe748d1ec71daf?s=96&d=mm&r=g\",\"caption\":\"Camille Zammit\"}}]}<\/script>\n<!-- \/ Yoast SEO plugin. -->","yoast_head_json":{"title":"NOVA participera au salon elevage haut alpin \u00e0 Embrun 27-28 Avril","description":"NOVA participera au salon elevage haut alpin \u00e0 Embrun 27-28 Avril","robots":{"index":"index","follow":"follow","max-snippet":"max-snippet:-1","max-image-preview":"max-image-preview:large","max-video-preview":"max-video-preview:-1"},"canonical":"https:\/\/www.nova-groupe.fr\/fr\/salon-elevage-alpin-embrun\/","og_locale":"fr_FR","og_type":"article","og_title":"NOVA participera au salon elevage haut alpin \u00e0 Embrun 27-28 Avril","og_description":"NOVA participera au salon elevage haut alpin \u00e0 Embrun 27-28 Avril","og_url":"https:\/\/www.nova-groupe.fr\/fr\/salon-elevage-alpin-embrun\/","og_site_name":"Nova-Groupe","article_publisher":"https:\/\/www.facebook.com\/Nova-Groupe-170173286757302\/","article_published_time":"2019-04-22T06:08:24+00:00","article_modified_time":"2019-09-25T15:19:33+00:00","og_image":[{"width":566,"height":800,"url":"https:\/\/www.nova-groupe.fr\/wp-content\/uploads\/2019\/04\/800x600_751302-affiche1_salonelevage_embrun-nova.jpg","type":"image\/jpeg"}],"author":"Camille Zammit","twitter_card":"summary_large_image","twitter_misc":{"\u00c9crit par":"Camille Zammit"},"schema":{"@context":"https:\/\/schema.org","@graph":[{"@type":"Article","@id":"https:\/\/www.nova-groupe.fr\/fr\/salon-elevage-alpin-embrun\/#article","isPartOf":{"@id":"https:\/\/www.nova-groupe.fr\/fr\/salon-elevage-alpin-embrun\/"},"author":{"name":"Camille Zammit","@id":"https:\/\/www.nova-groupe.fr\/fr\/#\/schema\/person\/914fc2542c7631658cdf6631980b00e6"},"headline":"Salon de l&rsquo;Elevage Alpin \u00e0 Embrun","datePublished":"2019-04-22T06:08:24+00:00","dateModified":"2019-09-25T15:19:33+00:00","mainEntityOfPage":{"@id":"https:\/\/www.nova-groupe.fr\/fr\/salon-elevage-alpin-embrun\/"},"wordCount":97,"commentCount":0,"image":{"@id":"https:\/\/www.nova-groupe.fr\/fr\/salon-elevage-alpin-embrun\/#primaryimage"},"thumbnailUrl":"https:\/\/www.nova-groupe.fr\/wp-content\/uploads\/2019\/04\/800x600_751302-affiche1_salonelevage_embrun-nova.jpg","keywords":["brignoles","exposition","famille","foire","paca","particulier","plein air","pro","sortie"],"articleSection":["Non classifi\u00e9(e)"],"inLanguage":"fr-FR","potentialAction":[{"@type":"CommentAction","name":"Comment","target":["https:\/\/www.nova-groupe.fr\/fr\/salon-elevage-alpin-embrun\/#respond"]}]},{"@type":"WebPage","@id":"https:\/\/www.nova-groupe.fr\/fr\/salon-elevage-alpin-embrun\/","url":"https:\/\/www.nova-groupe.fr\/fr\/salon-elevage-alpin-embrun\/","name":"NOVA participera au salon elevage haut alpin \u00e0 Embrun 27-28 Avril","isPartOf":{"@id":"https:\/\/www.nova-groupe.fr\/fr\/#website"},"primaryImageOfPage":{"@id":"https:\/\/www.nova-groupe.fr\/fr\/salon-elevage-alpin-embrun\/#primaryimage"},"image":{"@id":"https:\/\/www.nova-groupe.fr\/fr\/salon-elevage-alpin-embrun\/#primaryimage"},"thumbnailUrl":"https:\/\/www.nova-groupe.fr\/wp-content\/uploads\/2019\/04\/800x600_751302-affiche1_salonelevage_embrun-nova.jpg","datePublished":"2019-04-22T06:08:24+00:00","dateModified":"2019-09-25T15:19:33+00:00","author":{"@id":"https:\/\/www.nova-groupe.fr\/fr\/#\/schema\/person\/914fc2542c7631658cdf6631980b00e6"},"description":"NOVA participera au salon elevage haut alpin \u00e0 Embrun 27-28 Avril","breadcrumb":{"@id":"https:\/\/www.nova-groupe.fr\/fr\/salon-elevage-alpin-embrun\/#breadcrumb"},"inLanguage":"fr-FR","potentialAction":[{"@type":"ReadAction","target":["https:\/\/www.nova-groupe.fr\/fr\/salon-elevage-alpin-embrun\/"]}]},{"@type":"ImageObject","inLanguage":"fr-FR","@id":"https:\/\/www.nova-groupe.fr\/fr\/salon-elevage-alpin-embrun\/#primaryimage","url":"https:\/\/www.nova-groupe.fr\/wp-content\/uploads\/2019\/04\/800x600_751302-affiche1_salonelevage_embrun-nova.jpg","contentUrl":"https:\/\/www.nova-groupe.fr\/wp-content\/uploads\/2019\/04\/800x600_751302-affiche1_salonelevage_embrun-nova.jpg","width":566,"height":800},{"@type":"BreadcrumbList","@id":"https:\/\/www.nova-groupe.fr\/fr\/salon-elevage-alpin-embrun\/#breadcrumb","itemListElement":[{"@type":"ListItem","position":1,"name":"Accueil","item":"https:\/\/www.nova-groupe.fr\/fr\/"},{"@type":"ListItem","position":2,"name":"Salon de l&rsquo;Elevage Alpin \u00e0 Embrun"}]},{"@type":"WebSite","@id":"https:\/\/www.nova-groupe.fr\/fr\/#website","url":"https:\/\/www.nova-groupe.fr\/fr\/","name":"Nova-Groupe","description":"Vente et location de mat\u00e9riel agricole, BTP, espaces verts et environnement","potentialAction":[{"@type":"SearchAction","target":{"@type":"EntryPoint","urlTemplate":"https:\/\/www.nova-groupe.fr\/fr\/?s={search_term_string}"},"query-input":{"@type":"PropertyValueSpecification","valueRequired":true,"valueName":"search_term_string"}}],"inLanguage":"fr-FR"},{"@type":"Person","@id":"https:\/\/www.nova-groupe.fr\/fr\/#\/schema\/person\/914fc2542c7631658cdf6631980b00e6","name":"Camille Zammit","image":{"@type":"ImageObject","inLanguage":"fr-FR","@id":"https:\/\/secure.gravatar.com\/avatar\/0aa14d93c1a779e5d4dc40013b1fad108020ae901341f326debe748d1ec71daf?s=96&d=mm&r=g","url":"https:\/\/secure.gravatar.com\/avatar\/0aa14d93c1a779e5d4dc40013b1fad108020ae901341f326debe748d1ec71daf?s=96&d=mm&r=g","contentUrl":"https:\/\/secure.gravatar.com\/avatar\/0aa14d93c1a779e5d4dc40013b1fad108020ae901341f326debe748d1ec71daf?s=96&d=mm&r=g","caption":"Camille Zammit"}}]}},"_links":{"self":[{"href":"https:\/\/www.nova-groupe.fr\/fr\/wp-json\/wp\/v2\/posts\/12748","targetHints":{"allow":["GET"]}}],"collection":[{"href":"https:\/\/www.nova-groupe.fr\/fr\/wp-json\/wp\/v2\/posts"}],"about":[{"href":"https:\/\/www.nova-groupe.fr\/fr\/wp-json\/wp\/v2\/types\/post"}],"author":[{"embeddable":true,"href":"https:\/\/www.nova-groupe.fr\/fr\/wp-json\/wp\/v2\/users\/3"}],"replies":[{"embeddable":true,"href":"https:\/\/www.nova-groupe.fr\/fr\/wp-json\/wp\/v2\/comments?post=12748"}],"version-history":[{"count":0,"href":"https:\/\/www.nova-groupe.fr\/fr\/wp-json\/wp\/v2\/posts\/12748\/revisions"}],"wp:featuredmedia":[{"embeddable":true,"href":"https:\/\/www.nova-groupe.fr\/fr\/wp-json\/wp\/v2\/media\/12751"}],"wp:attachment":[{"href":"https:\/\/www.nova-groupe.fr\/fr\/wp-json\/wp\/v2\/media?parent=12748"}],"wp:term":[{"taxonomy":"category","embeddable":true,"href":"https:\/\/www.nova-groupe.fr\/fr\/wp-json\/wp\/v2\/categories?post=12748"},{"taxonomy":"post_tag","embeddable":true,"href":"https:\/\/www.nova-groupe.fr\/fr\/wp-json\/wp\/v2\/tags?post=12748"}],"curies":[{"name":"wp","href":"https:\/\/api.w.org\/{rel}","templated":true}]}}