{"id":17216,"date":"2019-10-31T09:39:04","date_gmt":"2019-10-31T08:39:04","guid":{"rendered":"https:\/\/www.nova-groupe.fr\/?p=17216"},"modified":"2020-12-08T14:49:50","modified_gmt":"2020-12-08T13:49:50","slug":"offre-automne-stihl-50-pourcent-de-remise-sur-la-2eme-chaine-de-tronconneuse","status":"publish","type":"post","link":"https:\/\/www.nova-groupe.fr\/fr\/offre-automne-stihl-50-pourcent-de-remise-sur-la-2eme-chaine-de-tronconneuse\/","title":{"rendered":"Offres d&rsquo;automne STIHL chez NOVA !  -50% sur la 2\u00e8me chaine de tron\u00e7onneuse !"},"content":{"rendered":"<div id=\"pl-16758\" class=\"panel-layout\">\n<div id=\"pg-16758-0\" class=\"panel-grid panel-no-style\">\n<div id=\"pgc-16758-0-0\" class=\"panel-grid-cell\" data-weight=\"1\">\n<div id=\"panel-16758-0-0-0\" class=\"so-panel widget widget_sow-editor panel-first-child panel-last-child\" data-index=\"0\">\n<div class=\"so-widget-sow-editor so-widget-sow-editor-base\">\n<div class=\"siteorigin-widget-tinymce textwidget\">\n<h1><a id=\"chaine\"><\/a>&#8211; 50% de remise sur la 2\u00e8me chaine !<\/h1>\n<p><a href=\"https:\/\/www.nova-groupe.fr\/wp-content\/uploads\/2019\/10\/offre-automne-stihl-50-pourcent-de-remise-sur-la-2eme-chaine-de-tronconneuse.jpg\"><img decoding=\"async\" class=\"alignnone wp-image-17218 size-large\" src=\"https:\/\/www.nova-groupe.fr\/wp-content\/uploads\/2019\/10\/offre-automne-stihl-50-pourcent-de-remise-sur-la-2eme-chaine-de-tronconneuse-1024x724.jpg\" alt=\"offre-automne-stihl-50-pourcent-de-remise-sur-la-2eme-chaine-de-tronconneuse\" width=\"1024\" height=\"724\" srcset=\"https:\/\/www.nova-groupe.fr\/wp-content\/uploads\/2019\/10\/offre-automne-stihl-50-pourcent-de-remise-sur-la-2eme-chaine-de-tronconneuse-1024x724.jpg 1024w, https:\/\/www.nova-groupe.fr\/wp-content\/uploads\/2019\/10\/offre-automne-stihl-50-pourcent-de-remise-sur-la-2eme-chaine-de-tronconneuse-300x212.jpg 300w, https:\/\/www.nova-groupe.fr\/wp-content\/uploads\/2019\/10\/offre-automne-stihl-50-pourcent-de-remise-sur-la-2eme-chaine-de-tronconneuse-768x543.jpg 768w, https:\/\/www.nova-groupe.fr\/wp-content\/uploads\/2019\/10\/offre-automne-stihl-50-pourcent-de-remise-sur-la-2eme-chaine-de-tronconneuse.jpg 1600w\" sizes=\"(max-width: 1024px) 100vw, 1024px\" \/><\/a><\/p>\n<p>&nbsp;<\/p>\n<p>Du 2 au 30 novembre 2019, profitez d&rsquo;une <strong>remise de -50%<\/strong> sur la 2\u00e8me chaine de tron\u00e7onneuse achet\u00e9e.<\/p>\n<p><a href=\"https:\/\/nova.stihl-revendeur.fr\/fr-fr\/stihl\/fr-fr-4663\/tronconneuses\/#\/tags\/chaines\" target=\"_blank\" rel=\"noopener noreferrer\">Les chaines de tron\u00e7onneuses STIHL<\/a> sont dignes d&rsquo;un v\u00e9ritable travail d&rsquo;horlogerie. <a href=\"https:\/\/www.stihl.fr\/chaines-stihl.aspx\" target=\"_blank\" rel=\"noopener noreferrer\">Elles sont d\u00e9velopp\u00e9es et fabriqu\u00e9es en Suisse<\/a>.<\/p>\n<hr \/>\n<p>Feuilletez notre catalogue en ligne AUTOMNE 2019<\/p>\n<div><span style=\"color: #ff9900;\">D\u00e9couvrez vite toutes nos offres dans notre <a style=\"color: #ff9900;\" href=\"https:\/\/www.calameo.com\/books\/005545164dcf6a3ffb436\" target=\"_blank\" rel=\"noopener noreferrer\">Catalogue NOVA STIHL OFFRES AUTOMNE HIVER 2019<\/a><\/span><br \/>\n<iframe style=\"margin: 0 auto;\" src=\"\/\/v.calameo.com\/?bkcode=005545164dcf6a3ffb436&amp;mode=mini\" width=\"800\" height=\"600\" frameborder=\"0\" scrolling=\"no\" allowfullscreen=\"allowfullscreen\"><span style=\"display: inline-block; width: 0px; overflow: hidden; line-height: 0;\" data-mce-type=\"bookmark\" class=\"mce_SELRES_start\">\ufeff<\/span><\/iframe><\/p>\n<div><\/div>\n<\/div>\n<div class=\"_5pbx userContent _3576\" data-ft=\"{&quot;tn&quot;:&quot;K&quot;}\">\n<p>Rendez-vous vite dans votre <strong>magasin NOVA le plus proche<\/strong> pour profiter de cette offre: <a href=\"http:\/\/www.nova-groupe.fr\/fr\/nos-agences\" target=\"_blank\" rel=\"nofollow noopener noreferrer\" data-ft=\"{&quot;tn&quot;:&quot;-U&quot;}\" data-lynx-mode=\"async\" data-lynx-uri=\"https:\/\/l.facebook.com\/l.php?u=http%3A%2F%2Fwww.nova-groupe.fr%2Ffr%2Fnos-agences&amp;h=ATN8hrijmtAwtfHXzXicM93ZtZNp49Has4VX1h1h1LOzg4YCntxJBXRQXzxbSJAyF7xa5aJTl43IHfoEhoHaTiq4EImBp6hwcC-ZyqN3O2Ns7TTkrbTpitRm4PQ0aYOSLsQf4cp4dnvEzA5wydaiqA\">www.nova-groupe.fr\/fr\/nos-agences<\/a><\/p>\n<p>Retrouvez toutes nos <strong>promotions mat\u00e9riels espaces verts d&rsquo;automne<\/strong> en cours sur notre <strong>site de r\u00e9servation de commande STIHL<\/strong>: <a href=\"https:\/\/nova.stihl-revendeur.fr\/fr-fr\/promotions\" target=\"_blank\" rel=\"noopener noreferrer\">https:\/\/nova.stihl-revendeur.fr\/fr-fr\/promotions<\/a><\/p>\n<\/div>\n<hr \/>\n<h4>Le r\u00e9seau NOVA<\/h4>\n<p>Le groupe\u00a0<strong>NOVA\u00a0<\/strong>vous accompagne dans le choix de mat\u00e9riels d<strong>&lsquo;entretien des espaces verts STIHL<\/strong>\u00a0<strong>sur la r\u00e9gion PACA<\/strong>, et \u00e0 proximit\u00e9 de\u00a0<strong>Marseille, Aix-En-Provence, Avignon, Istres, Martigues, Vitrolles, Marignane, Salon de Provence, Mallemort, Gardanne, Cabri\u00e8s, Allauch, Aubagne, N\u00eemes, Orange, Manosque, Sisteron, S\u00e9nas, Cavaillon, Nice, Monaco, Grasse, Cannes, Fr\u00e9jus, Toulon, Al\u00e8s et Tallard au travers de nos agences r\u00e9gionales de Saint-Cannat, Arles, Cavaillon, Oraison, Saint Laurent Des Arbres, Gap, Carpentras, Saint Hilaire De Brethmas, Cogolin, Le Muy et sur les d\u00e9partements 04 alpes de Hautes Provence, 05 Hautes Alpes, 06 Alpes Maritimes, 13 Bouches du Rh\u00f4ne, 26 Dr\u00f4me, 30 Gard , 83 Var et 84 Vaucluse.<br \/>\n<\/strong><\/p>\n<p><a href=\"https:\/\/www.nova-groupe.fr\/fr\/nos-agences\" target=\"_blank\" rel=\"noopener noreferrer\"><img decoding=\"async\" class=\"alignnone wp-image-11800 size-large\" src=\"https:\/\/www.nova-groupe.fr\/wp-content\/uploads\/2023\/12\/Nos-agences-NOVA-en-PACA-Votre-Distributeur-en-Materiels-Agricole-BTP-Espaces-Verts-manutention-2024.png\" sizes=\"(max-width: 1024px) 100vw, 1024px\" srcset=\"https:\/\/www.nova-groupe.fr\/wp-content\/uploads\/2023\/12\/Nos-agences-NOVA-en-PACA-Votre-Distributeur-en-Materiels-Agricole-BTP-Espaces-Verts-manutention-2024.png 1024w, https:\/\/www.nova-groupe.fr\/wp-content\/uploads\/2023\/12\/Nos-agences-NOVA-en-PACA-Votre-Distributeur-en-Materiels-Agricole-BTP-Espaces-Verts-manutention-2024-150x150.png 300w, https:\/\/www.nova-groupe.fr\/wp-content\/uploads\/2023\/12\/Nos-agences-NOVA-en-PACA-Votre-Distributeur-en-Materiels-Agricole-BTP-Espaces-Verts-manutention-2024-768x440.png 768w, https:\/\/www.nova-groupe.fr\/wp-content\/uploads\/2023\/12\/Nos-agences-NOVA-en-PACA-Votre-Distributeur-en-Materiels-Agricole-BTP-Espaces-Verts-manutention-2024.png 1191w\" alt=\"carte map liste agences nova\" width=\"1024\" height=\"757\" \/><\/a><\/p>\n<div id=\"pg-9082-1\" class=\"panel-grid panel-has-style\" data-style=\"{&quot;padding&quot;:&quot;3% 0% 2% 0%&quot;,&quot;background&quot;:&quot;#f3f2eb&quot;,&quot;background_display&quot;:&quot;tile&quot;,&quot;lsow_dark_bg&quot;:&quot;&quot;,&quot;row_stretch&quot;:&quot;full&quot;}\">\n<div class=\"siteorigin-panels-stretch panel-row-style panel-row-style-for-9082-1\" data-stretch-type=\"full\">\n<div id=\"pgc-9082-1-0\" class=\"panel-grid-cell\" data-weight=\"1\">\n<div id=\"panel-9082-1-0-0\" class=\"so-panel widget widget_sow-post-carousel panel-first-child panel-last-child\" data-index=\"3\" data-style=\"{&quot;background_display&quot;:&quot;tile&quot;}\">\n<hr \/>\n<\/div>\n<\/div>\n<\/div>\n<\/div>\n<div id=\"pg-9082-2\" class=\"panel-grid panel-has-style\" data-style=\"{&quot;background_display&quot;:&quot;tile&quot;,&quot;lsow_dark_bg&quot;:&quot;&quot;,&quot;row_stretch&quot;:&quot;full-stretched&quot;,&quot;cell_alignment&quot;:&quot;flex-start&quot;}\">\n<div class=\"siteorigin-panels-stretch panel-row-style panel-row-style-for-9082-2\" data-stretch-type=\"full-stretched\">\n<div id=\"pgc-9082-2-0\" class=\"panel-grid-cell\" data-weight=\"1\">\n<div id=\"panel-9082-2-0-0\" class=\"so-panel widget widget_sow-image panel-first-child panel-last-child\" data-index=\"4\" data-style=\"{&quot;background_display&quot;:&quot;tile&quot;}\"><\/div>\n<\/div>\n<\/div>\n<\/div>\n<\/div>\n<\/div>\n<\/div>\n<\/div>\n<\/div>\n<\/div>\n","protected":false},"excerpt":{"rendered":"<p>&#8211; 50% de remise sur la 2\u00e8me chaine ! &nbsp; Du 2 au 30 novembre 2019, profitez d&rsquo;une remise de -50% sur la 2\u00e8me chaine de tron\u00e7onneuse achet\u00e9e. Les chaines de tron\u00e7onneuses STIHL sont dignes d&rsquo;un v\u00e9ritable travail d&rsquo;horlogerie. Elles sont d\u00e9velopp\u00e9es et fabriqu\u00e9es en Suisse. Feuilletez notre catalogue en ligne AUTOMNE 2019 D\u00e9couvrez vite [&hellip;]<\/p>\n","protected":false},"author":3,"featured_media":17218,"comment_status":"open","ping_status":"closed","sticky":false,"template":"","format":"image","meta":{"_acf_changed":false,"_et_pb_use_builder":"","_et_pb_old_content":"","_et_gb_content_width":"","om_disable_all_campaigns":false,"_monsterinsights_skip_tracking":false,"_monsterinsights_sitenote_active":false,"_monsterinsights_sitenote_note":"","_monsterinsights_sitenote_category":0,"_uf_show_specific_survey":0,"_uf_disable_surveys":false,"footnotes":""},"categories":[1,1366],"tags":[882,1517,856,1453,884,1457,1337,848,850,854],"class_list":["post-17216","post","type-post","status-publish","format-image","has-post-thumbnail","hentry","category-non-classifiee","category-promotions","tag-affutage","tag-automne","tag-chaine","tag-jardinier","tag-lame","tag-paysagiste","tag-promo","tag-promotion","tag-stihl","tag-tronconneuse","post_format-post-format-image"],"acf":[],"yoast_head":"<!-- This site is optimized with the Yoast SEO plugin v27.2 - https:\/\/yoast.com\/product\/yoast-seo-wordpress\/ -->\n<title>Offres d&#039;automne STIHL chez NOVA ! -50% sur la 2\u00e8me chaine de tron\u00e7onneuse ! - Nova-Groupe<\/title>\n<meta name=\"description\" content=\"-50% de remise sur la 2\u00e8me chaine achet\u00e9e dans vos agences NOVA durant tout le mois de novembre 2019. Nova votre sp\u00e9cialiste mat\u00e9riels STIHL\" \/>\n<meta name=\"robots\" content=\"index, follow, max-snippet:-1, max-image-preview:large, max-video-preview:-1\" \/>\n<link rel=\"canonical\" href=\"https:\/\/www.nova-groupe.fr\/fr\/offre-automne-stihl-50-pourcent-de-remise-sur-la-2eme-chaine-de-tronconneuse\/\" \/>\n<meta property=\"og:locale\" content=\"fr_FR\" \/>\n<meta property=\"og:type\" content=\"article\" \/>\n<meta property=\"og:title\" content=\"Offres d&#039;automne STIHL chez NOVA ! -50% sur la 2\u00e8me chaine de tron\u00e7onneuse ! - Nova-Groupe\" \/>\n<meta property=\"og:description\" content=\"-50% de remise sur la 2\u00e8me chaine achet\u00e9e dans vos agences NOVA durant tout le mois de novembre 2019. Nova votre sp\u00e9cialiste mat\u00e9riels STIHL\" \/>\n<meta property=\"og:url\" content=\"https:\/\/www.nova-groupe.fr\/fr\/offre-automne-stihl-50-pourcent-de-remise-sur-la-2eme-chaine-de-tronconneuse\/\" \/>\n<meta property=\"og:site_name\" content=\"Nova-Groupe\" \/>\n<meta property=\"article:publisher\" content=\"https:\/\/www.facebook.com\/Nova-Groupe-170173286757302\/\" \/>\n<meta property=\"article:published_time\" content=\"2019-10-31T08:39:04+00:00\" \/>\n<meta property=\"article:modified_time\" content=\"2020-12-08T13:49:50+00:00\" \/>\n<meta property=\"og:image\" content=\"https:\/\/www.nova-groupe.fr\/wp-content\/uploads\/2019\/10\/offre-automne-stihl-50-pourcent-de-remise-sur-la-2eme-chaine-de-tronconneuse.jpg\" \/>\n\t<meta property=\"og:image:width\" content=\"1600\" \/>\n\t<meta property=\"og:image:height\" content=\"1131\" \/>\n\t<meta property=\"og:image:type\" content=\"image\/jpeg\" \/>\n<meta name=\"author\" content=\"Camille Zammit\" \/>\n<meta name=\"twitter:card\" content=\"summary_large_image\" \/>\n<meta name=\"twitter:label1\" content=\"\u00c9crit par\" \/>\n\t<meta name=\"twitter:data1\" content=\"Camille Zammit\" \/>\n\t<meta name=\"twitter:label2\" content=\"Dur\u00e9e de lecture estim\u00e9e\" \/>\n\t<meta name=\"twitter:data2\" content=\"1 minute\" \/>\n<script type=\"application\/ld+json\" class=\"yoast-schema-graph\">{\"@context\":\"https:\/\/schema.org\",\"@graph\":[{\"@type\":\"Article\",\"@id\":\"https:\/\/www.nova-groupe.fr\/fr\/offre-automne-stihl-50-pourcent-de-remise-sur-la-2eme-chaine-de-tronconneuse\/#article\",\"isPartOf\":{\"@id\":\"https:\/\/www.nova-groupe.fr\/fr\/offre-automne-stihl-50-pourcent-de-remise-sur-la-2eme-chaine-de-tronconneuse\/\"},\"author\":{\"name\":\"Camille Zammit\",\"@id\":\"https:\/\/www.nova-groupe.fr\/fr\/#\/schema\/person\/914fc2542c7631658cdf6631980b00e6\"},\"headline\":\"Offres d&rsquo;automne STIHL chez NOVA ! -50% sur la 2\u00e8me chaine de tron\u00e7onneuse !\",\"datePublished\":\"2019-10-31T08:39:04+00:00\",\"dateModified\":\"2020-12-08T13:49:50+00:00\",\"mainEntityOfPage\":{\"@id\":\"https:\/\/www.nova-groupe.fr\/fr\/offre-automne-stihl-50-pourcent-de-remise-sur-la-2eme-chaine-de-tronconneuse\/\"},\"wordCount\":243,\"commentCount\":0,\"image\":{\"@id\":\"https:\/\/www.nova-groupe.fr\/fr\/offre-automne-stihl-50-pourcent-de-remise-sur-la-2eme-chaine-de-tronconneuse\/#primaryimage\"},\"thumbnailUrl\":\"https:\/\/www.nova-groupe.fr\/wp-content\/uploads\/2019\/10\/offre-automne-stihl-50-pourcent-de-remise-sur-la-2eme-chaine-de-tronconneuse.jpg\",\"keywords\":[\"affutage\",\"automne\",\"chaine\",\"jardinier\",\"lame\",\"paysagiste\",\"promo\",\"promotion\",\"stihl\",\"tronconneuse\"],\"articleSection\":[\"Non classifi\u00e9(e)\",\"PROMOTIONS\"],\"inLanguage\":\"fr-FR\",\"potentialAction\":[{\"@type\":\"CommentAction\",\"name\":\"Comment\",\"target\":[\"https:\/\/www.nova-groupe.fr\/fr\/offre-automne-stihl-50-pourcent-de-remise-sur-la-2eme-chaine-de-tronconneuse\/#respond\"]}]},{\"@type\":\"WebPage\",\"@id\":\"https:\/\/www.nova-groupe.fr\/fr\/offre-automne-stihl-50-pourcent-de-remise-sur-la-2eme-chaine-de-tronconneuse\/\",\"url\":\"https:\/\/www.nova-groupe.fr\/fr\/offre-automne-stihl-50-pourcent-de-remise-sur-la-2eme-chaine-de-tronconneuse\/\",\"name\":\"Offres d'automne STIHL chez NOVA ! -50% sur la 2\u00e8me chaine de tron\u00e7onneuse ! - Nova-Groupe\",\"isPartOf\":{\"@id\":\"https:\/\/www.nova-groupe.fr\/fr\/#website\"},\"primaryImageOfPage\":{\"@id\":\"https:\/\/www.nova-groupe.fr\/fr\/offre-automne-stihl-50-pourcent-de-remise-sur-la-2eme-chaine-de-tronconneuse\/#primaryimage\"},\"image\":{\"@id\":\"https:\/\/www.nova-groupe.fr\/fr\/offre-automne-stihl-50-pourcent-de-remise-sur-la-2eme-chaine-de-tronconneuse\/#primaryimage\"},\"thumbnailUrl\":\"https:\/\/www.nova-groupe.fr\/wp-content\/uploads\/2019\/10\/offre-automne-stihl-50-pourcent-de-remise-sur-la-2eme-chaine-de-tronconneuse.jpg\",\"datePublished\":\"2019-10-31T08:39:04+00:00\",\"dateModified\":\"2020-12-08T13:49:50+00:00\",\"author\":{\"@id\":\"https:\/\/www.nova-groupe.fr\/fr\/#\/schema\/person\/914fc2542c7631658cdf6631980b00e6\"},\"description\":\"-50% de remise sur la 2\u00e8me chaine achet\u00e9e dans vos agences NOVA durant tout le mois de novembre 2019. Nova votre sp\u00e9cialiste mat\u00e9riels STIHL\",\"breadcrumb\":{\"@id\":\"https:\/\/www.nova-groupe.fr\/fr\/offre-automne-stihl-50-pourcent-de-remise-sur-la-2eme-chaine-de-tronconneuse\/#breadcrumb\"},\"inLanguage\":\"fr-FR\",\"potentialAction\":[{\"@type\":\"ReadAction\",\"target\":[\"https:\/\/www.nova-groupe.fr\/fr\/offre-automne-stihl-50-pourcent-de-remise-sur-la-2eme-chaine-de-tronconneuse\/\"]}]},{\"@type\":\"ImageObject\",\"inLanguage\":\"fr-FR\",\"@id\":\"https:\/\/www.nova-groupe.fr\/fr\/offre-automne-stihl-50-pourcent-de-remise-sur-la-2eme-chaine-de-tronconneuse\/#primaryimage\",\"url\":\"https:\/\/www.nova-groupe.fr\/wp-content\/uploads\/2019\/10\/offre-automne-stihl-50-pourcent-de-remise-sur-la-2eme-chaine-de-tronconneuse.jpg\",\"contentUrl\":\"https:\/\/www.nova-groupe.fr\/wp-content\/uploads\/2019\/10\/offre-automne-stihl-50-pourcent-de-remise-sur-la-2eme-chaine-de-tronconneuse.jpg\",\"width\":1600,\"height\":1131,\"caption\":\"offre-automne-stihl-50-pourcent-de-remise-sur-la-2eme-chaine-de-tronconneuse\"},{\"@type\":\"BreadcrumbList\",\"@id\":\"https:\/\/www.nova-groupe.fr\/fr\/offre-automne-stihl-50-pourcent-de-remise-sur-la-2eme-chaine-de-tronconneuse\/#breadcrumb\",\"itemListElement\":[{\"@type\":\"ListItem\",\"position\":1,\"name\":\"Accueil\",\"item\":\"https:\/\/www.nova-groupe.fr\/fr\/\"},{\"@type\":\"ListItem\",\"position\":2,\"name\":\"Offres d&rsquo;automne STIHL chez NOVA ! -50% sur la 2\u00e8me chaine de tron\u00e7onneuse !\"}]},{\"@type\":\"WebSite\",\"@id\":\"https:\/\/www.nova-groupe.fr\/fr\/#website\",\"url\":\"https:\/\/www.nova-groupe.fr\/fr\/\",\"name\":\"Nova-Groupe\",\"description\":\"Vente et location de mat\u00e9riel agricole, BTP, espaces verts et environnement\",\"potentialAction\":[{\"@type\":\"SearchAction\",\"target\":{\"@type\":\"EntryPoint\",\"urlTemplate\":\"https:\/\/www.nova-groupe.fr\/fr\/?s={search_term_string}\"},\"query-input\":{\"@type\":\"PropertyValueSpecification\",\"valueRequired\":true,\"valueName\":\"search_term_string\"}}],\"inLanguage\":\"fr-FR\"},{\"@type\":\"Person\",\"@id\":\"https:\/\/www.nova-groupe.fr\/fr\/#\/schema\/person\/914fc2542c7631658cdf6631980b00e6\",\"name\":\"Camille Zammit\",\"image\":{\"@type\":\"ImageObject\",\"inLanguage\":\"fr-FR\",\"@id\":\"https:\/\/secure.gravatar.com\/avatar\/0aa14d93c1a779e5d4dc40013b1fad108020ae901341f326debe748d1ec71daf?s=96&d=mm&r=g\",\"url\":\"https:\/\/secure.gravatar.com\/avatar\/0aa14d93c1a779e5d4dc40013b1fad108020ae901341f326debe748d1ec71daf?s=96&d=mm&r=g\",\"contentUrl\":\"https:\/\/secure.gravatar.com\/avatar\/0aa14d93c1a779e5d4dc40013b1fad108020ae901341f326debe748d1ec71daf?s=96&d=mm&r=g\",\"caption\":\"Camille Zammit\"}}]}<\/script>\n<!-- \/ Yoast SEO plugin. -->","yoast_head_json":{"title":"Offres d'automne STIHL chez NOVA ! -50% sur la 2\u00e8me chaine de tron\u00e7onneuse ! - Nova-Groupe","description":"-50% de remise sur la 2\u00e8me chaine achet\u00e9e dans vos agences NOVA durant tout le mois de novembre 2019. Nova votre sp\u00e9cialiste mat\u00e9riels STIHL","robots":{"index":"index","follow":"follow","max-snippet":"max-snippet:-1","max-image-preview":"max-image-preview:large","max-video-preview":"max-video-preview:-1"},"canonical":"https:\/\/www.nova-groupe.fr\/fr\/offre-automne-stihl-50-pourcent-de-remise-sur-la-2eme-chaine-de-tronconneuse\/","og_locale":"fr_FR","og_type":"article","og_title":"Offres d'automne STIHL chez NOVA ! -50% sur la 2\u00e8me chaine de tron\u00e7onneuse ! - Nova-Groupe","og_description":"-50% de remise sur la 2\u00e8me chaine achet\u00e9e dans vos agences NOVA durant tout le mois de novembre 2019. Nova votre sp\u00e9cialiste mat\u00e9riels STIHL","og_url":"https:\/\/www.nova-groupe.fr\/fr\/offre-automne-stihl-50-pourcent-de-remise-sur-la-2eme-chaine-de-tronconneuse\/","og_site_name":"Nova-Groupe","article_publisher":"https:\/\/www.facebook.com\/Nova-Groupe-170173286757302\/","article_published_time":"2019-10-31T08:39:04+00:00","article_modified_time":"2020-12-08T13:49:50+00:00","og_image":[{"width":1600,"height":1131,"url":"https:\/\/www.nova-groupe.fr\/wp-content\/uploads\/2019\/10\/offre-automne-stihl-50-pourcent-de-remise-sur-la-2eme-chaine-de-tronconneuse.jpg","type":"image\/jpeg"}],"author":"Camille Zammit","twitter_card":"summary_large_image","twitter_misc":{"\u00c9crit par":"Camille Zammit","Dur\u00e9e de lecture estim\u00e9e":"1 minute"},"schema":{"@context":"https:\/\/schema.org","@graph":[{"@type":"Article","@id":"https:\/\/www.nova-groupe.fr\/fr\/offre-automne-stihl-50-pourcent-de-remise-sur-la-2eme-chaine-de-tronconneuse\/#article","isPartOf":{"@id":"https:\/\/www.nova-groupe.fr\/fr\/offre-automne-stihl-50-pourcent-de-remise-sur-la-2eme-chaine-de-tronconneuse\/"},"author":{"name":"Camille Zammit","@id":"https:\/\/www.nova-groupe.fr\/fr\/#\/schema\/person\/914fc2542c7631658cdf6631980b00e6"},"headline":"Offres d&rsquo;automne STIHL chez NOVA ! -50% sur la 2\u00e8me chaine de tron\u00e7onneuse !","datePublished":"2019-10-31T08:39:04+00:00","dateModified":"2020-12-08T13:49:50+00:00","mainEntityOfPage":{"@id":"https:\/\/www.nova-groupe.fr\/fr\/offre-automne-stihl-50-pourcent-de-remise-sur-la-2eme-chaine-de-tronconneuse\/"},"wordCount":243,"commentCount":0,"image":{"@id":"https:\/\/www.nova-groupe.fr\/fr\/offre-automne-stihl-50-pourcent-de-remise-sur-la-2eme-chaine-de-tronconneuse\/#primaryimage"},"thumbnailUrl":"https:\/\/www.nova-groupe.fr\/wp-content\/uploads\/2019\/10\/offre-automne-stihl-50-pourcent-de-remise-sur-la-2eme-chaine-de-tronconneuse.jpg","keywords":["affutage","automne","chaine","jardinier","lame","paysagiste","promo","promotion","stihl","tronconneuse"],"articleSection":["Non classifi\u00e9(e)","PROMOTIONS"],"inLanguage":"fr-FR","potentialAction":[{"@type":"CommentAction","name":"Comment","target":["https:\/\/www.nova-groupe.fr\/fr\/offre-automne-stihl-50-pourcent-de-remise-sur-la-2eme-chaine-de-tronconneuse\/#respond"]}]},{"@type":"WebPage","@id":"https:\/\/www.nova-groupe.fr\/fr\/offre-automne-stihl-50-pourcent-de-remise-sur-la-2eme-chaine-de-tronconneuse\/","url":"https:\/\/www.nova-groupe.fr\/fr\/offre-automne-stihl-50-pourcent-de-remise-sur-la-2eme-chaine-de-tronconneuse\/","name":"Offres d'automne STIHL chez NOVA ! -50% sur la 2\u00e8me chaine de tron\u00e7onneuse ! - Nova-Groupe","isPartOf":{"@id":"https:\/\/www.nova-groupe.fr\/fr\/#website"},"primaryImageOfPage":{"@id":"https:\/\/www.nova-groupe.fr\/fr\/offre-automne-stihl-50-pourcent-de-remise-sur-la-2eme-chaine-de-tronconneuse\/#primaryimage"},"image":{"@id":"https:\/\/www.nova-groupe.fr\/fr\/offre-automne-stihl-50-pourcent-de-remise-sur-la-2eme-chaine-de-tronconneuse\/#primaryimage"},"thumbnailUrl":"https:\/\/www.nova-groupe.fr\/wp-content\/uploads\/2019\/10\/offre-automne-stihl-50-pourcent-de-remise-sur-la-2eme-chaine-de-tronconneuse.jpg","datePublished":"2019-10-31T08:39:04+00:00","dateModified":"2020-12-08T13:49:50+00:00","author":{"@id":"https:\/\/www.nova-groupe.fr\/fr\/#\/schema\/person\/914fc2542c7631658cdf6631980b00e6"},"description":"-50% de remise sur la 2\u00e8me chaine achet\u00e9e dans vos agences NOVA durant tout le mois de novembre 2019. Nova votre sp\u00e9cialiste mat\u00e9riels STIHL","breadcrumb":{"@id":"https:\/\/www.nova-groupe.fr\/fr\/offre-automne-stihl-50-pourcent-de-remise-sur-la-2eme-chaine-de-tronconneuse\/#breadcrumb"},"inLanguage":"fr-FR","potentialAction":[{"@type":"ReadAction","target":["https:\/\/www.nova-groupe.fr\/fr\/offre-automne-stihl-50-pourcent-de-remise-sur-la-2eme-chaine-de-tronconneuse\/"]}]},{"@type":"ImageObject","inLanguage":"fr-FR","@id":"https:\/\/www.nova-groupe.fr\/fr\/offre-automne-stihl-50-pourcent-de-remise-sur-la-2eme-chaine-de-tronconneuse\/#primaryimage","url":"https:\/\/www.nova-groupe.fr\/wp-content\/uploads\/2019\/10\/offre-automne-stihl-50-pourcent-de-remise-sur-la-2eme-chaine-de-tronconneuse.jpg","contentUrl":"https:\/\/www.nova-groupe.fr\/wp-content\/uploads\/2019\/10\/offre-automne-stihl-50-pourcent-de-remise-sur-la-2eme-chaine-de-tronconneuse.jpg","width":1600,"height":1131,"caption":"offre-automne-stihl-50-pourcent-de-remise-sur-la-2eme-chaine-de-tronconneuse"},{"@type":"BreadcrumbList","@id":"https:\/\/www.nova-groupe.fr\/fr\/offre-automne-stihl-50-pourcent-de-remise-sur-la-2eme-chaine-de-tronconneuse\/#breadcrumb","itemListElement":[{"@type":"ListItem","position":1,"name":"Accueil","item":"https:\/\/www.nova-groupe.fr\/fr\/"},{"@type":"ListItem","position":2,"name":"Offres d&rsquo;automne STIHL chez NOVA ! -50% sur la 2\u00e8me chaine de tron\u00e7onneuse !"}]},{"@type":"WebSite","@id":"https:\/\/www.nova-groupe.fr\/fr\/#website","url":"https:\/\/www.nova-groupe.fr\/fr\/","name":"Nova-Groupe","description":"Vente et location de mat\u00e9riel agricole, BTP, espaces verts et environnement","potentialAction":[{"@type":"SearchAction","target":{"@type":"EntryPoint","urlTemplate":"https:\/\/www.nova-groupe.fr\/fr\/?s={search_term_string}"},"query-input":{"@type":"PropertyValueSpecification","valueRequired":true,"valueName":"search_term_string"}}],"inLanguage":"fr-FR"},{"@type":"Person","@id":"https:\/\/www.nova-groupe.fr\/fr\/#\/schema\/person\/914fc2542c7631658cdf6631980b00e6","name":"Camille Zammit","image":{"@type":"ImageObject","inLanguage":"fr-FR","@id":"https:\/\/secure.gravatar.com\/avatar\/0aa14d93c1a779e5d4dc40013b1fad108020ae901341f326debe748d1ec71daf?s=96&d=mm&r=g","url":"https:\/\/secure.gravatar.com\/avatar\/0aa14d93c1a779e5d4dc40013b1fad108020ae901341f326debe748d1ec71daf?s=96&d=mm&r=g","contentUrl":"https:\/\/secure.gravatar.com\/avatar\/0aa14d93c1a779e5d4dc40013b1fad108020ae901341f326debe748d1ec71daf?s=96&d=mm&r=g","caption":"Camille Zammit"}}]}},"_links":{"self":[{"href":"https:\/\/www.nova-groupe.fr\/fr\/wp-json\/wp\/v2\/posts\/17216","targetHints":{"allow":["GET"]}}],"collection":[{"href":"https:\/\/www.nova-groupe.fr\/fr\/wp-json\/wp\/v2\/posts"}],"about":[{"href":"https:\/\/www.nova-groupe.fr\/fr\/wp-json\/wp\/v2\/types\/post"}],"author":[{"embeddable":true,"href":"https:\/\/www.nova-groupe.fr\/fr\/wp-json\/wp\/v2\/users\/3"}],"replies":[{"embeddable":true,"href":"https:\/\/www.nova-groupe.fr\/fr\/wp-json\/wp\/v2\/comments?post=17216"}],"version-history":[{"count":0,"href":"https:\/\/www.nova-groupe.fr\/fr\/wp-json\/wp\/v2\/posts\/17216\/revisions"}],"wp:featuredmedia":[{"embeddable":true,"href":"https:\/\/www.nova-groupe.fr\/fr\/wp-json\/wp\/v2\/media\/17218"}],"wp:attachment":[{"href":"https:\/\/www.nova-groupe.fr\/fr\/wp-json\/wp\/v2\/media?parent=17216"}],"wp:term":[{"taxonomy":"category","embeddable":true,"href":"https:\/\/www.nova-groupe.fr\/fr\/wp-json\/wp\/v2\/categories?post=17216"},{"taxonomy":"post_tag","embeddable":true,"href":"https:\/\/www.nova-groupe.fr\/fr\/wp-json\/wp\/v2\/tags?post=17216"}],"curies":[{"name":"wp","href":"https:\/\/api.w.org\/{rel}","templated":true}]}}