{"id":17255,"date":"2019-11-08T14:17:05","date_gmt":"2019-11-08T13:17:05","guid":{"rendered":"https:\/\/www.nova-groupe.fr\/?p=17255"},"modified":"2019-11-12T10:02:26","modified_gmt":"2019-11-12T09:02:26","slug":"smart-connector-stihl","status":"publish","type":"post","link":"https:\/\/www.nova-groupe.fr\/fr\/smart-connector-stihl\/","title":{"rendered":"STIHL Smart Connector votre outil de gestion de parc mat\u00e9riels"},"content":{"rendered":"<div id=\"pl-17255\"  class=\"panel-layout\" >\n<div id=\"pg-17255-0\"  class=\"panel-grid panel-no-style\" >\n<div id=\"pgc-17255-0-0\"  class=\"panel-grid-cell\"  data-weight=\"1\" >\n<div id=\"panel-17255-0-0-0\" class=\"so-panel widget widget_sow-editor panel-first-child panel-last-child\" data-index=\"0\" data-style=\"{&quot;background_image_attachment&quot;:false,&quot;background_display&quot;:&quot;tile&quot;}\" >\n<div class=\"so-widget-sow-editor so-widget-sow-editor-base\">\n<h3 class=\"widget-title\">GERER SON MATERIEL STIHL EN PEU DE TEMPS <\/h3>\n<div class=\"siteorigin-widget-tinymce textwidget\">\n<h1><span style=\"color: #ff9900;\">Smart Connector<\/span> <span style=\"color: #ff9900;\">STIHL<\/span> : votre outil de gestion de mat\u00e9riels.<\/h1>\n<h2>Il fournit via le Bluetooth un suivi des temps de fonctionnement et des maintenances \u00e0 effectuer sur votre mat\u00e9riels. Universel, il peut \u00eatre install\u00e9 sur les produits thermiques, \u00e9lectriques et \u00e0 batterie de marque Stihl ou d&rsquo;autres marques.<\/h2>\n<p>Le <span style=\"color: #ff9900;\">Smart Connector<\/span> offre donc de nouveaux services : pour la gestion de vos appareils d&rsquo;entretien des espaces verts via l&rsquo;application <span style=\"color: #ff9900;\">STIHL<\/span>, ou pour g\u00e9rer plus efficacement votre flotte de mat\u00e9riels si vous \u00eates un professionnel, avec le portail <span style=\"color: #ff9900;\">STIHL <\/span>connect pro. Un accessoire qui deviendra rapidement indispensable pour la gestion de votre mat\u00e9riels.<\/p>\n<p><a href=\"https:\/\/www.nova-groupe.fr\/wp-content\/uploads\/2019\/11\/peut-\u00eatre-install\u00e9-sur-les-produits-thermiques-\u00e9lectriques-et-\u00e0-batterie.jpg\"><img decoding=\"async\" class=\"alignnone wp-image-17265 size-thumbnail\" src=\"https:\/\/www.nova-groupe.fr\/wp-content\/uploads\/2019\/11\/peut-\u00eatre-install\u00e9-sur-les-produits-thermiques-\u00e9lectriques-et-\u00e0-batterie-150x150.jpg\" alt=\"STIHL Smart Connector\" width=\"150\" height=\"150\" srcset=\"https:\/\/www.nova-groupe.fr\/wp-content\/uploads\/2019\/11\/peut-\u00eatre-install\u00e9-sur-les-produits-thermiques-\u00e9lectriques-et-\u00e0-batterie-150x150.jpg 150w, https:\/\/www.nova-groupe.fr\/wp-content\/uploads\/2019\/11\/peut-\u00eatre-install\u00e9-sur-les-produits-thermiques-\u00e9lectriques-et-\u00e0-batterie-300x300.jpg 300w, https:\/\/www.nova-groupe.fr\/wp-content\/uploads\/2019\/11\/peut-\u00eatre-install\u00e9-sur-les-produits-thermiques-\u00e9lectriques-et-\u00e0-batterie.jpg 460w\" sizes=\"(max-width: 150px) 100vw, 150px\" \/><\/a><\/p>\n<p>Il est dot\u00e9 d&rsquo;une <strong>port\u00e9e de 10m<\/strong>. Sa dur\u00e9e de fonctionnement par charge de <strong>batterie est d&rsquo;un an<\/strong>. Le Smart connector se connecte par <strong>Bluetooth sur les smartphones <\/strong>IOS et Android. Il est dot\u00e9 d&rsquo;une pile bouton (3V CR2.032). Discret, avec son faible encombrement de 53mm de long, 42mm de large et 14mm de hauteur.<\/p>\n<p><a href=\"https:\/\/www.nova-groupe.fr\/wp-content\/uploads\/2019\/11\/1e8b98b2e94e496fb757ad9b6b046af4.jpg\"><img decoding=\"async\" class=\"alignnone wp-image-17258 size-thumbnail\" src=\"https:\/\/www.nova-groupe.fr\/wp-content\/uploads\/2019\/11\/1e8b98b2e94e496fb757ad9b6b046af4-150x150.jpg\" alt=\"STIHL Smart Connector\" width=\"150\" height=\"150\" srcset=\"https:\/\/www.nova-groupe.fr\/wp-content\/uploads\/2019\/11\/1e8b98b2e94e496fb757ad9b6b046af4-150x150.jpg 150w, https:\/\/www.nova-groupe.fr\/wp-content\/uploads\/2019\/11\/1e8b98b2e94e496fb757ad9b6b046af4-300x300.jpg 300w, https:\/\/www.nova-groupe.fr\/wp-content\/uploads\/2019\/11\/1e8b98b2e94e496fb757ad9b6b046af4.jpg 460w\" sizes=\"(max-width: 150px) 100vw, 150px\" \/><\/a> <a href=\"https:\/\/www.nova-groupe.fr\/wp-content\/uploads\/2019\/11\/1f09d69b48434c52b6eb3bdd3fea4863.jpg\"><img decoding=\"async\" class=\"alignnone wp-image-17259 size-thumbnail\" src=\"https:\/\/www.nova-groupe.fr\/wp-content\/uploads\/2019\/11\/1f09d69b48434c52b6eb3bdd3fea4863-150x150.jpg\" alt=\"STIHL Smart Connector\" width=\"150\" height=\"150\" srcset=\"https:\/\/www.nova-groupe.fr\/wp-content\/uploads\/2019\/11\/1f09d69b48434c52b6eb3bdd3fea4863-150x150.jpg 150w, https:\/\/www.nova-groupe.fr\/wp-content\/uploads\/2019\/11\/1f09d69b48434c52b6eb3bdd3fea4863-300x300.jpg 300w, https:\/\/www.nova-groupe.fr\/wp-content\/uploads\/2019\/11\/1f09d69b48434c52b6eb3bdd3fea4863.jpg 460w\" sizes=\"(max-width: 150px) 100vw, 150px\" \/><\/a><\/p>\n<p>Le Smart Connector vous permet de gagner du temps et d&rsquo;\u00eatre plus efficace en vous offrant une lecture directe de l&rsquo;\u00e9tat de votre mat\u00e9riel ou de votre flotte <span style=\"color: #ff9900;\">STIHL <\/span>et donc, de pouvoir anticiper tout entretien ou changement de mat\u00e9riel.<\/p>\n<p><a href=\"https:\/\/www.nova-groupe.fr\/wp-content\/uploads\/2019\/11\/3cbc23e904854c8bbe9a874d4da7301b.jpg\"><img decoding=\"async\" class=\"alignnone wp-image-17256 size-thumbnail\" src=\"https:\/\/www.nova-groupe.fr\/wp-content\/uploads\/2019\/11\/3cbc23e904854c8bbe9a874d4da7301b-150x150.jpg\" alt=\"STIHL Smart Connector\" width=\"150\" height=\"150\" srcset=\"https:\/\/www.nova-groupe.fr\/wp-content\/uploads\/2019\/11\/3cbc23e904854c8bbe9a874d4da7301b-150x150.jpg 150w, https:\/\/www.nova-groupe.fr\/wp-content\/uploads\/2019\/11\/3cbc23e904854c8bbe9a874d4da7301b-300x300.jpg 300w, https:\/\/www.nova-groupe.fr\/wp-content\/uploads\/2019\/11\/3cbc23e904854c8bbe9a874d4da7301b.jpg 460w\" sizes=\"(max-width: 150px) 100vw, 150px\" \/><\/a><\/p>\n<p>Le Smart Connector et le <a href=\"https:\/\/www.stihl.fr\/stihl-connected-lp.aspx\" target=\"_blank\" rel=\"noopener noreferrer\">portail connect pro<\/a> permettent de visualiser les donn\u00e9es de vos machines et d&rsquo;am\u00e9liorer vos processus de travail quotidiens. Pour une planification optimale, des temps de maintenance r\u00e9duits et une \u00e9quipe encore plus efficace.<\/p>\n<p><iframe src=\"https:\/\/www.youtube.com\/embed\/oVrRAyukGOk\" width=\"560\" height=\"315\" frameborder=\"0\" allowfullscreen=\"allowfullscreen\"><\/iframe><\/p>\n<p>&nbsp;<\/p>\n<div class=\"_5pbx userContent _3576\" data-ft=\"{&quot;tn&quot;:&quot;K&quot;}\">\n<section id=\"featurette\" class=\"featurette\">\n<article>\n<div class=\"left\">\n<div class=\"top\">\n<div class=\"content\">\n<h3>Les trois principaux \u00e9l\u00e9ments du syst\u00e8me.<\/h3>\n<\/div>\n<\/div>\n<\/div>\n<div class=\"right\">\n<div class=\"content\">\n<div class=\"teaser\">\n<p><strong><img decoding=\"async\" class=\"alignnone wp-image-17281 size-full\" src=\"https:\/\/www.nova-groupe.fr\/wp-content\/uploads\/2019\/11\/Screenshot_2019-11-08-.png\" alt=\"Stihl Smart connector\" width=\"125\" height=\"132\" \/>STIHL Smart Connector<\/strong><\/p>\n<ul>\n<li>Le Smart Connector est tr\u00e8s facile \u00e0 installer. Il transmet via bluetooth \u00e0 un smartphone ou une tablette les principales donn\u00e9es relatives aux machines.<\/li>\n<\/ul>\n<p>&nbsp;<\/p>\n<\/div>\n<div class=\"teaser\">\n<p><img decoding=\"async\" class=\"alignnone wp-image-17278 size-full\" src=\"https:\/\/www.nova-groupe.fr\/wp-content\/uploads\/2019\/11\/featurette-stihl-connected-systembausteine-02_rdax_102x102.png\" alt=\"Stihl Smart connector\" width=\"102\" height=\"102\" \/> <strong>Application STIHL<\/strong><\/p>\n<ul>\n<li>Vous pouvez ensuite consulter tr\u00e8s facilement les donn\u00e9es via l\u2019appli STIHL, mais aussi mieux planifier et documenter les travaux \u00e0 effectuer.<\/li>\n<\/ul>\n<p>&nbsp;<\/p>\n<\/div>\n<div class=\"teaser\">\n<p><img decoding=\"async\" class=\"alignnone size-full wp-image-17279\" src=\"https:\/\/www.nova-groupe.fr\/wp-content\/uploads\/2019\/11\/featurette-stihl-connected-systembausteine-03_rdax_102x102.png\" alt=\"Stihl Smart connector\" width=\"102\" height=\"102\" \/> <strong>Portail STIHL connect pro<\/strong><\/p>\n<ul>\n<li>Le <a href=\"https:\/\/www.stihl.fr\/stihl-connected-lp.aspx\">portail connect pro<\/a> vous donne un aper\u00e7u des endroits o\u00f9 se trouvent vos machines lors de leurs derni\u00e8res connexions via bluetooth, et permet une lecture directe de la fr\u00e9quence des travaux de maintenance afin de planifier les travaux \u00e0 effectuer pour une gestion plus efficace de votre flotte.<\/li>\n<\/ul>\n<p><a href=\"https:\/\/www.nova-groupe.fr\/wp-content\/uploads\/2019\/11\/special-promo-teaser-stihl-connected-transparenz_rdax_70.jpg\"><img decoding=\"async\" class=\"alignnone wp-image-17280 size-thumbnail\" src=\"https:\/\/www.nova-groupe.fr\/wp-content\/uploads\/2019\/11\/special-promo-teaser-stihl-connected-transparenz_rdax_70-150x150.jpg\" alt=\"STIHL Smart connector a retrouver chez Nova Groupe en R\u00e9gion PACA\" width=\"150\" height=\"150\" srcset=\"https:\/\/www.nova-groupe.fr\/wp-content\/uploads\/2019\/11\/special-promo-teaser-stihl-connected-transparenz_rdax_70-150x150.jpg 150w, https:\/\/www.nova-groupe.fr\/wp-content\/uploads\/2019\/11\/special-promo-teaser-stihl-connected-transparenz_rdax_70-300x300.jpg 300w\" sizes=\"(max-width: 150px) 100vw, 150px\" \/><\/a><\/p>\n<p>&nbsp;<\/p>\n<\/div>\n<\/div>\n<\/div>\n<\/article>\n<\/section>\n<p>Rendez-vous vite dans votre <strong>magasin NOVA le plus proche<\/strong> pour le d\u00e9couvrir: <a href=\"http:\/\/www.nova-groupe.fr\/fr\/nos-agences\" target=\"_blank\" rel=\"nofollow noopener noreferrer\" data-ft=\"{&quot;tn&quot;:&quot;-U&quot;}\" data-lynx-mode=\"async\" data-lynx-uri=\"https:\/\/l.facebook.com\/l.php?u=http%3A%2F%2Fwww.nova-groupe.fr%2Ffr%2Fnos-agences&amp;h=ATN8hrijmtAwtfHXzXicM93ZtZNp49Has4VX1h1h1LOzg4YCntxJBXRQXzxbSJAyF7xa5aJTl43IHfoEhoHaTiq4EImBp6hwcC-ZyqN3O2Ns7TTkrbTpitRm4PQ0aYOSLsQf4cp4dnvEzA5wydaiqA\">www.nova-groupe.fr\/fr\/nos-agences<\/a><\/p>\n<p>Retrouvez toutes nos <strong>promotions mat\u00e9riels espaces verts d&rsquo;automne-hiver<\/strong> en cours sur notre <strong>site de r\u00e9servation de commande STIHL<\/strong>: <a href=\"https:\/\/nova.stihl-revendeur.fr\/fr-fr\/promotions\" target=\"_blank\" rel=\"noopener noreferrer\">https:\/\/nova.stihl-revendeur.fr\/fr-fr\/promotions<\/a><\/p>\n<p>&nbsp;<\/p>\n<\/div>\n<hr \/>\n<h4>Le r\u00e9seau NOVA<\/h4>\n<p>Le groupe\u00a0<strong>NOVA\u00a0<\/strong>vous accompagne dans le choix de mat\u00e9riels d<strong>&lsquo;entretien des espaces verts STIHL<\/strong>\u00a0<strong>sur la r\u00e9gion PACA<\/strong>, et \u00e0 proximit\u00e9 de\u00a0<strong>Marseille, Aix-En-Provence, Avignon, Istres, Martigues, Vitrolles, Marignane, Salon de Provence, Mallemort, Gardanne, Cabri\u00e8s, Allauch, Aubagne, N\u00eemes, Orange, Manosque, Sisteron, S\u00e9nas, Cavaillon, Nice, Monaco, Grasse, Cannes, Fr\u00e9jus, Toulon, Al\u00e8s et Tallard au travers de nos agences r\u00e9gionales de Saint-Cannat, Arles, Cavaillon, Oraison, Saint Laurent Des Arbres, Gap, Carpentras, Saint Hilaire De Brethmas, Cogolin, Le Muy et sur les d\u00e9partements 04 alpes de Hautes Provence, 05 Hautes Alpes, 06 Alpes Maritimes, 13 Bouches du Rh\u00f4ne, 26 Dr\u00f4me, 30 Gard , 83 Var et 84 Vaucluse.<br \/>\n<\/strong><\/p>\n<p><a href=\"https:\/\/www.nova-groupe.fr\/fr\/nos-agences\" target=\"_blank\" rel=\"noopener noreferrer\"><img decoding=\"async\" class=\"alignnone wp-image-11800 size-large\" src=\"https:\/\/www.nova-groupe.fr\/wp-content\/uploads\/2023\/12\/Nos-agences-NOVA-en-PACA-Votre-Distributeur-en-Materiels-Agricole-BTP-Espaces-Verts-manutention-2024.png\" sizes=\"(max-width: 1024px) 100vw, 1024px\" srcset=\"https:\/\/www.nova-groupe.fr\/wp-content\/uploads\/2023\/12\/Nos-agences-NOVA-en-PACA-Votre-Distributeur-en-Materiels-Agricole-BTP-Espaces-Verts-manutention-2024.png 1024w, https:\/\/www.nova-groupe.fr\/wp-content\/uploads\/2023\/12\/Nos-agences-NOVA-en-PACA-Votre-Distributeur-en-Materiels-Agricole-BTP-Espaces-Verts-manutention-2024-150x150.png 300w, https:\/\/www.nova-groupe.fr\/wp-content\/uploads\/2023\/12\/Nos-agences-NOVA-en-PACA-Votre-Distributeur-en-Materiels-Agricole-BTP-Espaces-Verts-manutention-2024-768x440.png 768w, https:\/\/www.nova-groupe.fr\/wp-content\/uploads\/2023\/12\/Nos-agences-NOVA-en-PACA-Votre-Distributeur-en-Materiels-Agricole-BTP-Espaces-Verts-manutention-2024.png 1191w\" alt=\"carte map liste agences nova\" width=\"1024\" height=\"757\" \/><\/a><\/p>\n<div id=\"pg-9082-1\" class=\"panel-grid panel-has-style\" data-style=\"{&quot;padding&quot;:&quot;3% 0% 2% 0%&quot;,&quot;background&quot;:&quot;#f3f2eb&quot;,&quot;background_display&quot;:&quot;tile&quot;,&quot;lsow_dark_bg&quot;:&quot;&quot;,&quot;row_stretch&quot;:&quot;full&quot;}\">\n<div class=\"siteorigin-panels-stretch panel-row-style panel-row-style-for-9082-1\" data-stretch-type=\"full\">\n<div id=\"pgc-9082-1-0\" class=\"panel-grid-cell\" data-weight=\"1\">\n<div id=\"panel-9082-1-0-0\" class=\"so-panel widget widget_sow-post-carousel panel-first-child panel-last-child\" data-index=\"3\" data-style=\"{&quot;background_display&quot;:&quot;tile&quot;}\">\n<hr \/>\n<p>[siteorigin_widget class=\u00a0\u00bbSiteOrigin_Widget_PostCarousel_Widget\u00a0\u00bb]<input type=\"hidden\" value=\"{&quot;instance&quot;:{&quot;title&quot;:&quot;Nos derniers articles&quot;,&quot;default_thumbnail&quot;:0,&quot;default_thumbnail_fallback&quot;:&quot;&quot;,&quot;image_size&quot;:&quot;sow-carousel-default&quot;,&quot;posts&quot;:&quot;post_type=post&amp;date_type=specific&amp;date_query={\\&quot;after\\&quot;:\\&quot;\\&quot;,\\&quot;before\\&quot;:\\&quot;\\&quot;}&amp;date_query_relative={\\&quot;from\\&quot;:[],\\&quot;to\\&quot;:[]}&amp;orderby=date&amp;order=DESC&quot;,&quot;_sow_form_id&quot;:&quot;569557c5a283f&quot;,&quot;_sow_form_timestamp&quot;:&quot;1522829514317&quot;},&quot;args&quot;:{&quot;before_widget&quot;:&quot;&lt;\/p&gt; &lt;div id=\\&quot;panel-9082-1-0-0\\&quot; class=\\&quot;so-panel widget widget_sow-post-carousel panel-first-child panel-last-child\\&quot; data-index=\\&quot;3\\&quot; data-style=\\&quot;{&amp;quot;background_display&amp;quot;:&amp;quot;tile&amp;quot;}\\&quot; &gt;&lt;p&gt;&quot;,&quot;after_widget&quot;:&quot;&lt;\\\/div&gt;&quot;,&quot;before_title&quot;:&quot;&lt;\/p&gt; &lt;h3 class=\\&quot;widget-title\\&quot;&gt;&quot;,&quot;after_title&quot;:&quot;&lt;\\\/h3&gt;&quot;,&quot;widget_id&quot;:&quot;widget-1-0-0&quot;}}\" \/>[\/siteorigin_widget]<\/p>\n<\/div>\n<\/div>\n<\/div>\n<\/div>\n<div id=\"pg-9082-2\" class=\"panel-grid panel-has-style\" data-style=\"{&quot;background_display&quot;:&quot;tile&quot;,&quot;lsow_dark_bg&quot;:&quot;&quot;,&quot;row_stretch&quot;:&quot;full-stretched&quot;,&quot;cell_alignment&quot;:&quot;flex-start&quot;}\">\n<div class=\"siteorigin-panels-stretch panel-row-style panel-row-style-for-9082-2\" data-stretch-type=\"full-stretched\">\n<div id=\"pgc-9082-2-0\" class=\"panel-grid-cell\" data-weight=\"1\">\n<div id=\"panel-9082-2-0-0\" class=\"so-panel widget widget_sow-image panel-first-child panel-last-child\" data-index=\"4\" data-style=\"{&quot;background_display&quot;:&quot;tile&quot;}\">\n<p>[siteorigin_widget class=\u00a0\u00bbSiteOrigin_Widget_Image_Widget\u00a0\u00bb]<input type=\"hidden\" value=\"{&quot;instance&quot;:{&quot;image&quot;:94,&quot;image_fallback&quot;:&quot;&quot;,&quot;size&quot;:&quot;full&quot;,&quot;align&quot;:&quot;default&quot;,&quot;title&quot;:&quot;&quot;,&quot;title_position&quot;:&quot;hidden&quot;,&quot;alt&quot;:&quot;&quot;,&quot;url&quot;:&quot;&quot;,&quot;bound&quot;:true,&quot;_sow_form_id&quot;:&quot;592ec12ff1229&quot;,&quot;new_window&quot;:false,&quot;full_width&quot;:false},&quot;args&quot;:{&quot;before_widget&quot;:&quot;&lt;\/p&gt; &lt;div id=\\&quot;panel-9082-2-0-0\\&quot; class=\\&quot;so-panel widget widget_sow-image panel-first-child panel-last-child\\&quot; data-index=\\&quot;4\\&quot; data-style=\\&quot;{&amp;quot;background_display&amp;quot;:&amp;quot;tile&amp;quot;}\\&quot; &gt;&lt;p&gt;&quot;,&quot;after_widget&quot;:&quot;&lt;\\\/div&gt;&quot;,&quot;before_title&quot;:&quot;&lt;\/p&gt; &lt;h3 class=\\&quot;widget-title\\&quot;&gt;&quot;,&quot;after_title&quot;:&quot;&lt;\\\/h3&gt;&quot;,&quot;widget_id&quot;:&quot;widget-2-0-0&quot;}}\" \/>[\/siteorigin_widget]<\/p>\n<\/div>\n<\/div>\n<\/div>\n<\/div>\n<\/div>\n<\/div>\n<\/div>\n<\/div>\n<div id=\"pgc-17255-0-1\"  class=\"panel-grid-cell panel-grid-cell-empty panel-grid-cell-mobile-last\"  data-weight=\"1\" ><\/div>\n<div id=\"pgc-17255-0-2\"  class=\"panel-grid-cell panel-grid-cell-empty\"  data-weight=\"1\" ><\/div>\n<\/div>\n<\/div>\n","protected":false},"excerpt":{"rendered":"<p>GERER SON MATERIEL STIHL EN PEU DE TEMPS Smart Connector STIHL : votre outil de gestion de mat\u00e9riels. Il fournit via le Bluetooth un suivi des temps de fonctionnement et des maintenances \u00e0 effectuer sur votre mat\u00e9riels. Universel, il peut \u00eatre install\u00e9 sur les produits thermiques, \u00e9lectriques et \u00e0 batterie de marque Stihl ou d&rsquo;autres [&hellip;]<\/p>\n","protected":false},"author":3,"featured_media":17301,"comment_status":"open","ping_status":"closed","sticky":false,"template":"","format":"image","meta":{"_acf_changed":false,"_et_pb_use_builder":"","_et_pb_old_content":"","_et_gb_content_width":"","om_disable_all_campaigns":false,"_monsterinsights_skip_tracking":false,"_monsterinsights_sitenote_active":false,"_monsterinsights_sitenote_note":"","_monsterinsights_sitenote_category":0,"_uf_show_specific_survey":0,"_uf_disable_surveys":false,"footnotes":""},"categories":[1],"tags":[1192,2157,2151,2109,2155,2147,1453,2141,1432,2145,2125,2149,850,2153],"class_list":["post-17255","post","type-post","status-publish","format-image","has-post-thumbnail","hentry","category-non-classifiee","tag-batterie","tag-bluetooth","tag-connector","tag-electrique","tag-flotte","tag-gestion","tag-jardinier","tag-maison","tag-materiel","tag-professionnel","tag-scie","tag-smart","tag-stihl","tag-thermique","post_format-post-format-image"],"acf":[],"yoast_head":"<!-- This site is optimized with the Yoast SEO plugin v27.2 - https:\/\/yoast.com\/product\/yoast-seo-wordpress\/ -->\n<title>STIHL Smart Connector votre outil de gestion de parc mat\u00e9riels - Nova-Groupe<\/title>\n<meta name=\"description\" content=\"STIHL Smart Connector, le mat\u00e9riel de gestion de flotte de mat\u00e9riel pour professionnel et particulier \u00e0 retrouver chez votre partenaire NOVA GROUPE en PACA.\" \/>\n<meta name=\"robots\" content=\"index, follow, max-snippet:-1, max-image-preview:large, max-video-preview:-1\" \/>\n<link rel=\"canonical\" href=\"https:\/\/www.nova-groupe.fr\/fr\/smart-connector-stihl\/\" \/>\n<meta property=\"og:locale\" content=\"fr_FR\" \/>\n<meta property=\"og:type\" content=\"article\" \/>\n<meta property=\"og:title\" content=\"STIHL Smart Connector votre outil de gestion de parc mat\u00e9riels - Nova-Groupe\" \/>\n<meta property=\"og:description\" content=\"STIHL Smart Connector, le mat\u00e9riel de gestion de flotte de mat\u00e9riel pour professionnel et particulier \u00e0 retrouver chez votre partenaire NOVA GROUPE en PACA.\" \/>\n<meta property=\"og:url\" content=\"https:\/\/www.nova-groupe.fr\/fr\/smart-connector-stihl\/\" \/>\n<meta property=\"og:site_name\" content=\"Nova-Groupe\" \/>\n<meta property=\"article:publisher\" content=\"https:\/\/www.facebook.com\/Nova-Groupe-170173286757302\/\" \/>\n<meta property=\"article:published_time\" content=\"2019-11-08T13:17:05+00:00\" \/>\n<meta property=\"article:modified_time\" content=\"2019-11-12T09:02:26+00:00\" \/>\n<meta property=\"og:image\" content=\"https:\/\/www.nova-groupe.fr\/wp-content\/uploads\/2019\/11\/smart-connector-stihl-nova-870x425-1.jpg\" \/>\n\t<meta property=\"og:image:width\" content=\"870\" \/>\n\t<meta property=\"og:image:height\" content=\"425\" \/>\n\t<meta property=\"og:image:type\" content=\"image\/jpeg\" \/>\n<meta name=\"author\" content=\"Camille Zammit\" \/>\n<meta name=\"twitter:card\" content=\"summary_large_image\" \/>\n<meta name=\"twitter:label1\" content=\"\u00c9crit par\" \/>\n\t<meta name=\"twitter:data1\" content=\"Camille Zammit\" \/>\n\t<meta name=\"twitter:label2\" content=\"Dur\u00e9e de lecture estim\u00e9e\" \/>\n\t<meta name=\"twitter:data2\" content=\"3 minutes\" \/>\n<script type=\"application\/ld+json\" class=\"yoast-schema-graph\">{\"@context\":\"https:\/\/schema.org\",\"@graph\":[{\"@type\":\"Article\",\"@id\":\"https:\/\/www.nova-groupe.fr\/fr\/smart-connector-stihl\/#article\",\"isPartOf\":{\"@id\":\"https:\/\/www.nova-groupe.fr\/fr\/smart-connector-stihl\/\"},\"author\":{\"name\":\"Camille Zammit\",\"@id\":\"https:\/\/www.nova-groupe.fr\/fr\/#\/schema\/person\/914fc2542c7631658cdf6631980b00e6\"},\"headline\":\"STIHL Smart Connector votre outil de gestion de parc mat\u00e9riels\",\"datePublished\":\"2019-11-08T13:17:05+00:00\",\"dateModified\":\"2019-11-12T09:02:26+00:00\",\"mainEntityOfPage\":{\"@id\":\"https:\/\/www.nova-groupe.fr\/fr\/smart-connector-stihl\/\"},\"wordCount\":566,\"commentCount\":0,\"image\":{\"@id\":\"https:\/\/www.nova-groupe.fr\/fr\/smart-connector-stihl\/#primaryimage\"},\"thumbnailUrl\":\"https:\/\/www.nova-groupe.fr\/wp-content\/uploads\/2019\/11\/smart-connector-stihl-nova-870x425-1.jpg\",\"keywords\":[\"batterie\",\"bluetooth\",\"connector\",\"Electrique\",\"flotte\",\"gestion\",\"jardinier\",\"maison\",\"materiel\",\"professionnel\",\"scie\",\"smart\",\"stihl\",\"thermique\"],\"articleSection\":[\"Non classifi\u00e9(e)\"],\"inLanguage\":\"fr-FR\",\"potentialAction\":[{\"@type\":\"CommentAction\",\"name\":\"Comment\",\"target\":[\"https:\/\/www.nova-groupe.fr\/fr\/smart-connector-stihl\/#respond\"]}]},{\"@type\":\"WebPage\",\"@id\":\"https:\/\/www.nova-groupe.fr\/fr\/smart-connector-stihl\/\",\"url\":\"https:\/\/www.nova-groupe.fr\/fr\/smart-connector-stihl\/\",\"name\":\"STIHL Smart Connector votre outil de gestion de parc mat\u00e9riels - Nova-Groupe\",\"isPartOf\":{\"@id\":\"https:\/\/www.nova-groupe.fr\/fr\/#website\"},\"primaryImageOfPage\":{\"@id\":\"https:\/\/www.nova-groupe.fr\/fr\/smart-connector-stihl\/#primaryimage\"},\"image\":{\"@id\":\"https:\/\/www.nova-groupe.fr\/fr\/smart-connector-stihl\/#primaryimage\"},\"thumbnailUrl\":\"https:\/\/www.nova-groupe.fr\/wp-content\/uploads\/2019\/11\/smart-connector-stihl-nova-870x425-1.jpg\",\"datePublished\":\"2019-11-08T13:17:05+00:00\",\"dateModified\":\"2019-11-12T09:02:26+00:00\",\"author\":{\"@id\":\"https:\/\/www.nova-groupe.fr\/fr\/#\/schema\/person\/914fc2542c7631658cdf6631980b00e6\"},\"description\":\"STIHL Smart Connector, le mat\u00e9riel de gestion de flotte de mat\u00e9riel pour professionnel et particulier \u00e0 retrouver chez votre partenaire NOVA GROUPE en PACA.\",\"breadcrumb\":{\"@id\":\"https:\/\/www.nova-groupe.fr\/fr\/smart-connector-stihl\/#breadcrumb\"},\"inLanguage\":\"fr-FR\",\"potentialAction\":[{\"@type\":\"ReadAction\",\"target\":[\"https:\/\/www.nova-groupe.fr\/fr\/smart-connector-stihl\/\"]}]},{\"@type\":\"ImageObject\",\"inLanguage\":\"fr-FR\",\"@id\":\"https:\/\/www.nova-groupe.fr\/fr\/smart-connector-stihl\/#primaryimage\",\"url\":\"https:\/\/www.nova-groupe.fr\/wp-content\/uploads\/2019\/11\/smart-connector-stihl-nova-870x425-1.jpg\",\"contentUrl\":\"https:\/\/www.nova-groupe.fr\/wp-content\/uploads\/2019\/11\/smart-connector-stihl-nova-870x425-1.jpg\",\"width\":870,\"height\":425,\"caption\":\"Le groupe NOVA vous accompagne dans le choix de mat\u00e9riels d'entretien des espaces verts STIHL sur la r\u00e9gion PACA, et \u00e0 proximit\u00e9 de Marseille, Aix-En-Provence, Avignon, Istres, Martigues, Vitrolles, Marignane, Salon de Provence, Mallemort, Gardanne, Cabri\u00e8s, Allauch, Aubagne, N\u00eemes, Orange, Manosque, Sisteron, S\u00e9nas, Cavaillon, Nice, Monaco, Grasse, Cannes, Fr\u00e9jus, Toulon, Al\u00e8s et Tallard au travers de nos agences r\u00e9gionales de Saint-Cannat, Arles, Cavaillon, Oraison, Saint Laurent Des Arbres, Gap, Carpentras, Saint Hilaire De Brethmas, Cogolin, Le Muy et sur les d\u00e9partements 04 alpes de Hautes Provence, 05 Hautes Alpes, 06 Alpes Maritimes, 13 Bouches du Rh\u00f4ne, 26 Dr\u00f4me, 30 Gard , 83 Var et 84 Vaucluse.\"},{\"@type\":\"BreadcrumbList\",\"@id\":\"https:\/\/www.nova-groupe.fr\/fr\/smart-connector-stihl\/#breadcrumb\",\"itemListElement\":[{\"@type\":\"ListItem\",\"position\":1,\"name\":\"Accueil\",\"item\":\"https:\/\/www.nova-groupe.fr\/fr\/\"},{\"@type\":\"ListItem\",\"position\":2,\"name\":\"STIHL Smart Connector votre outil de gestion de parc mat\u00e9riels\"}]},{\"@type\":\"WebSite\",\"@id\":\"https:\/\/www.nova-groupe.fr\/fr\/#website\",\"url\":\"https:\/\/www.nova-groupe.fr\/fr\/\",\"name\":\"Nova-Groupe\",\"description\":\"Vente et location de mat\u00e9riel agricole, BTP, espaces verts et environnement\",\"potentialAction\":[{\"@type\":\"SearchAction\",\"target\":{\"@type\":\"EntryPoint\",\"urlTemplate\":\"https:\/\/www.nova-groupe.fr\/fr\/?s={search_term_string}\"},\"query-input\":{\"@type\":\"PropertyValueSpecification\",\"valueRequired\":true,\"valueName\":\"search_term_string\"}}],\"inLanguage\":\"fr-FR\"},{\"@type\":\"Person\",\"@id\":\"https:\/\/www.nova-groupe.fr\/fr\/#\/schema\/person\/914fc2542c7631658cdf6631980b00e6\",\"name\":\"Camille Zammit\",\"image\":{\"@type\":\"ImageObject\",\"inLanguage\":\"fr-FR\",\"@id\":\"https:\/\/secure.gravatar.com\/avatar\/0aa14d93c1a779e5d4dc40013b1fad108020ae901341f326debe748d1ec71daf?s=96&d=mm&r=g\",\"url\":\"https:\/\/secure.gravatar.com\/avatar\/0aa14d93c1a779e5d4dc40013b1fad108020ae901341f326debe748d1ec71daf?s=96&d=mm&r=g\",\"contentUrl\":\"https:\/\/secure.gravatar.com\/avatar\/0aa14d93c1a779e5d4dc40013b1fad108020ae901341f326debe748d1ec71daf?s=96&d=mm&r=g\",\"caption\":\"Camille Zammit\"}}]}<\/script>\n<!-- \/ Yoast SEO plugin. -->","yoast_head_json":{"title":"STIHL Smart Connector votre outil de gestion de parc mat\u00e9riels - Nova-Groupe","description":"STIHL Smart Connector, le mat\u00e9riel de gestion de flotte de mat\u00e9riel pour professionnel et particulier \u00e0 retrouver chez votre partenaire NOVA GROUPE en PACA.","robots":{"index":"index","follow":"follow","max-snippet":"max-snippet:-1","max-image-preview":"max-image-preview:large","max-video-preview":"max-video-preview:-1"},"canonical":"https:\/\/www.nova-groupe.fr\/fr\/smart-connector-stihl\/","og_locale":"fr_FR","og_type":"article","og_title":"STIHL Smart Connector votre outil de gestion de parc mat\u00e9riels - Nova-Groupe","og_description":"STIHL Smart Connector, le mat\u00e9riel de gestion de flotte de mat\u00e9riel pour professionnel et particulier \u00e0 retrouver chez votre partenaire NOVA GROUPE en PACA.","og_url":"https:\/\/www.nova-groupe.fr\/fr\/smart-connector-stihl\/","og_site_name":"Nova-Groupe","article_publisher":"https:\/\/www.facebook.com\/Nova-Groupe-170173286757302\/","article_published_time":"2019-11-08T13:17:05+00:00","article_modified_time":"2019-11-12T09:02:26+00:00","og_image":[{"width":870,"height":425,"url":"https:\/\/www.nova-groupe.fr\/wp-content\/uploads\/2019\/11\/smart-connector-stihl-nova-870x425-1.jpg","type":"image\/jpeg"}],"author":"Camille Zammit","twitter_card":"summary_large_image","twitter_misc":{"\u00c9crit par":"Camille Zammit","Dur\u00e9e de lecture estim\u00e9e":"3 minutes"},"schema":{"@context":"https:\/\/schema.org","@graph":[{"@type":"Article","@id":"https:\/\/www.nova-groupe.fr\/fr\/smart-connector-stihl\/#article","isPartOf":{"@id":"https:\/\/www.nova-groupe.fr\/fr\/smart-connector-stihl\/"},"author":{"name":"Camille Zammit","@id":"https:\/\/www.nova-groupe.fr\/fr\/#\/schema\/person\/914fc2542c7631658cdf6631980b00e6"},"headline":"STIHL Smart Connector votre outil de gestion de parc mat\u00e9riels","datePublished":"2019-11-08T13:17:05+00:00","dateModified":"2019-11-12T09:02:26+00:00","mainEntityOfPage":{"@id":"https:\/\/www.nova-groupe.fr\/fr\/smart-connector-stihl\/"},"wordCount":566,"commentCount":0,"image":{"@id":"https:\/\/www.nova-groupe.fr\/fr\/smart-connector-stihl\/#primaryimage"},"thumbnailUrl":"https:\/\/www.nova-groupe.fr\/wp-content\/uploads\/2019\/11\/smart-connector-stihl-nova-870x425-1.jpg","keywords":["batterie","bluetooth","connector","Electrique","flotte","gestion","jardinier","maison","materiel","professionnel","scie","smart","stihl","thermique"],"articleSection":["Non classifi\u00e9(e)"],"inLanguage":"fr-FR","potentialAction":[{"@type":"CommentAction","name":"Comment","target":["https:\/\/www.nova-groupe.fr\/fr\/smart-connector-stihl\/#respond"]}]},{"@type":"WebPage","@id":"https:\/\/www.nova-groupe.fr\/fr\/smart-connector-stihl\/","url":"https:\/\/www.nova-groupe.fr\/fr\/smart-connector-stihl\/","name":"STIHL Smart Connector votre outil de gestion de parc mat\u00e9riels - Nova-Groupe","isPartOf":{"@id":"https:\/\/www.nova-groupe.fr\/fr\/#website"},"primaryImageOfPage":{"@id":"https:\/\/www.nova-groupe.fr\/fr\/smart-connector-stihl\/#primaryimage"},"image":{"@id":"https:\/\/www.nova-groupe.fr\/fr\/smart-connector-stihl\/#primaryimage"},"thumbnailUrl":"https:\/\/www.nova-groupe.fr\/wp-content\/uploads\/2019\/11\/smart-connector-stihl-nova-870x425-1.jpg","datePublished":"2019-11-08T13:17:05+00:00","dateModified":"2019-11-12T09:02:26+00:00","author":{"@id":"https:\/\/www.nova-groupe.fr\/fr\/#\/schema\/person\/914fc2542c7631658cdf6631980b00e6"},"description":"STIHL Smart Connector, le mat\u00e9riel de gestion de flotte de mat\u00e9riel pour professionnel et particulier \u00e0 retrouver chez votre partenaire NOVA GROUPE en PACA.","breadcrumb":{"@id":"https:\/\/www.nova-groupe.fr\/fr\/smart-connector-stihl\/#breadcrumb"},"inLanguage":"fr-FR","potentialAction":[{"@type":"ReadAction","target":["https:\/\/www.nova-groupe.fr\/fr\/smart-connector-stihl\/"]}]},{"@type":"ImageObject","inLanguage":"fr-FR","@id":"https:\/\/www.nova-groupe.fr\/fr\/smart-connector-stihl\/#primaryimage","url":"https:\/\/www.nova-groupe.fr\/wp-content\/uploads\/2019\/11\/smart-connector-stihl-nova-870x425-1.jpg","contentUrl":"https:\/\/www.nova-groupe.fr\/wp-content\/uploads\/2019\/11\/smart-connector-stihl-nova-870x425-1.jpg","width":870,"height":425,"caption":"Le groupe NOVA vous accompagne dans le choix de mat\u00e9riels d'entretien des espaces verts STIHL sur la r\u00e9gion PACA, et \u00e0 proximit\u00e9 de Marseille, Aix-En-Provence, Avignon, Istres, Martigues, Vitrolles, Marignane, Salon de Provence, Mallemort, Gardanne, Cabri\u00e8s, Allauch, Aubagne, N\u00eemes, Orange, Manosque, Sisteron, S\u00e9nas, Cavaillon, Nice, Monaco, Grasse, Cannes, Fr\u00e9jus, Toulon, Al\u00e8s et Tallard au travers de nos agences r\u00e9gionales de Saint-Cannat, Arles, Cavaillon, Oraison, Saint Laurent Des Arbres, Gap, Carpentras, Saint Hilaire De Brethmas, Cogolin, Le Muy et sur les d\u00e9partements 04 alpes de Hautes Provence, 05 Hautes Alpes, 06 Alpes Maritimes, 13 Bouches du Rh\u00f4ne, 26 Dr\u00f4me, 30 Gard , 83 Var et 84 Vaucluse."},{"@type":"BreadcrumbList","@id":"https:\/\/www.nova-groupe.fr\/fr\/smart-connector-stihl\/#breadcrumb","itemListElement":[{"@type":"ListItem","position":1,"name":"Accueil","item":"https:\/\/www.nova-groupe.fr\/fr\/"},{"@type":"ListItem","position":2,"name":"STIHL Smart Connector votre outil de gestion de parc mat\u00e9riels"}]},{"@type":"WebSite","@id":"https:\/\/www.nova-groupe.fr\/fr\/#website","url":"https:\/\/www.nova-groupe.fr\/fr\/","name":"Nova-Groupe","description":"Vente et location de mat\u00e9riel agricole, BTP, espaces verts et environnement","potentialAction":[{"@type":"SearchAction","target":{"@type":"EntryPoint","urlTemplate":"https:\/\/www.nova-groupe.fr\/fr\/?s={search_term_string}"},"query-input":{"@type":"PropertyValueSpecification","valueRequired":true,"valueName":"search_term_string"}}],"inLanguage":"fr-FR"},{"@type":"Person","@id":"https:\/\/www.nova-groupe.fr\/fr\/#\/schema\/person\/914fc2542c7631658cdf6631980b00e6","name":"Camille Zammit","image":{"@type":"ImageObject","inLanguage":"fr-FR","@id":"https:\/\/secure.gravatar.com\/avatar\/0aa14d93c1a779e5d4dc40013b1fad108020ae901341f326debe748d1ec71daf?s=96&d=mm&r=g","url":"https:\/\/secure.gravatar.com\/avatar\/0aa14d93c1a779e5d4dc40013b1fad108020ae901341f326debe748d1ec71daf?s=96&d=mm&r=g","contentUrl":"https:\/\/secure.gravatar.com\/avatar\/0aa14d93c1a779e5d4dc40013b1fad108020ae901341f326debe748d1ec71daf?s=96&d=mm&r=g","caption":"Camille Zammit"}}]}},"_links":{"self":[{"href":"https:\/\/www.nova-groupe.fr\/fr\/wp-json\/wp\/v2\/posts\/17255","targetHints":{"allow":["GET"]}}],"collection":[{"href":"https:\/\/www.nova-groupe.fr\/fr\/wp-json\/wp\/v2\/posts"}],"about":[{"href":"https:\/\/www.nova-groupe.fr\/fr\/wp-json\/wp\/v2\/types\/post"}],"author":[{"embeddable":true,"href":"https:\/\/www.nova-groupe.fr\/fr\/wp-json\/wp\/v2\/users\/3"}],"replies":[{"embeddable":true,"href":"https:\/\/www.nova-groupe.fr\/fr\/wp-json\/wp\/v2\/comments?post=17255"}],"version-history":[{"count":0,"href":"https:\/\/www.nova-groupe.fr\/fr\/wp-json\/wp\/v2\/posts\/17255\/revisions"}],"wp:featuredmedia":[{"embeddable":true,"href":"https:\/\/www.nova-groupe.fr\/fr\/wp-json\/wp\/v2\/media\/17301"}],"wp:attachment":[{"href":"https:\/\/www.nova-groupe.fr\/fr\/wp-json\/wp\/v2\/media?parent=17255"}],"wp:term":[{"taxonomy":"category","embeddable":true,"href":"https:\/\/www.nova-groupe.fr\/fr\/wp-json\/wp\/v2\/categories?post=17255"},{"taxonomy":"post_tag","embeddable":true,"href":"https:\/\/www.nova-groupe.fr\/fr\/wp-json\/wp\/v2\/tags?post=17255"}],"curies":[{"name":"wp","href":"https:\/\/api.w.org\/{rel}","templated":true}]}}