{"id":18712,"date":"2020-01-28T17:37:37","date_gmt":"2020-01-28T16:37:37","guid":{"rendered":"https:\/\/www.nova-groupe.fr\/?p=18712"},"modified":"2020-01-31T11:10:18","modified_gmt":"2020-01-31T10:10:18","slug":"journee-de-presentations-des-nouveaux-tracteurs-6m-john-deere","status":"publish","type":"post","link":"https:\/\/www.nova-groupe.fr\/fr\/journee-de-presentations-des-nouveaux-tracteurs-6m-john-deere\/","title":{"rendered":"Journ\u00e9e de pr\u00e9sentations des nouveaux Tracteurs 6M JOHN DEERE."},"content":{"rendered":"<h1>NOVA vous invite \u00e0 une journ\u00e9e de pr\u00e9sentation des nouveaux tracteurs 6M John Deere !<\/h1>\n<h2>Venez d\u00e9couvrir la nouvelle gamme 6M.<\/h2>\n<p>3 journ\u00e9es de pr\u00e9sentation:<\/p>\n<h3>Mardi 4 f\u00e9vrier \u00e0 l\u2019agence NOVA de Gap<br \/>\nJeudi 6 f\u00e9vrier \u00e0 l\u2019agence NOVA d\u2019Oraison<br \/>\nVendredi 7 f\u00e9vrier \u00e0 l\u2019agence NOVA d\u2019Arles<\/h3>\n<p><a href=\"https:\/\/www.nova-groupe.fr\/wp-content\/uploads\/2020\/01\/JOURNEE-PRESENTATION-6M-20202.jpg\"><img decoding=\"async\" class=\"alignnone wp-image-18714 \" src=\"https:\/\/www.nova-groupe.fr\/wp-content\/uploads\/2020\/01\/JOURNEE-PRESENTATION-6M-20202-300x212.jpg\" alt=\"JOURNEE PRESENTATION 6M JOHN DEERE\" width=\"511\" height=\"361\" srcset=\"https:\/\/www.nova-groupe.fr\/wp-content\/uploads\/2020\/01\/JOURNEE-PRESENTATION-6M-20202-300x212.jpg 300w, https:\/\/www.nova-groupe.fr\/wp-content\/uploads\/2020\/01\/JOURNEE-PRESENTATION-6M-20202-768x543.jpg 768w, https:\/\/www.nova-groupe.fr\/wp-content\/uploads\/2020\/01\/JOURNEE-PRESENTATION-6M-20202-1024x724.jpg 1024w, https:\/\/www.nova-groupe.fr\/wp-content\/uploads\/2020\/01\/JOURNEE-PRESENTATION-6M-20202.jpg 1600w\" sizes=\"(max-width: 511px) 100vw, 511px\" \/><\/a><\/p>\n<p>&nbsp;<\/p>\n<div class=\"\" data-block=\"true\" data-editor=\"8hjdn\" data-offset-key=\"a8jbo-0-0\">\n<h4 class=\"_1mf _1mj\" data-offset-key=\"7prsd-0-0\"><span data-offset-key=\"7prsd-0-0\"><span style=\"color: #ff6600;\">Inscription en ligne<\/span> pour le mardi 4\/02 \u00e0 Gap: <a href=\"https:\/\/rebrand.ly\/6MGAP\">https:\/\/rebrand.ly\/6MGAP<\/a><\/span><\/h4>\n<\/div>\n<div class=\"\" data-block=\"true\" data-editor=\"8hjdn\" data-offset-key=\"b0268-0-0\">\n<div class=\"_1mf _1mj\" data-offset-key=\"b0268-0-0\"><span data-offset-key=\"b0268-0-0\">\u00a0<\/span><\/div>\n<\/div>\n<div class=\"\" data-block=\"true\" data-editor=\"8hjdn\" data-offset-key=\"5ovs8-0-0\">\n<h4 class=\"_1mf _1mj\" data-offset-key=\"c50ro-0-0\"><span data-offset-key=\"c50ro-0-0\"><span style=\"color: #ff6600;\">Inscription en ligne<\/span> pour le jeudi 06\/02 \u00e0 Oraison: <a href=\"https:\/\/rebrand.ly\/6M-ORAISON\">https:\/\/rebrand.ly\/6M-ORAISON<\/a><\/span><\/h4>\n<\/div>\n<div class=\"\" data-block=\"true\" data-editor=\"8hjdn\" data-offset-key=\"bq2pb-0-0\">\n<div class=\"_1mf _1mj\" data-offset-key=\"bq2pb-0-0\"><span data-offset-key=\"bq2pb-0-0\">\u00a0<\/span><\/div>\n<\/div>\n<div class=\"\" data-block=\"true\" data-editor=\"8hjdn\" data-offset-key=\"b65or-0-0\">\n<h4 class=\"_1mf _1mj\" data-offset-key=\"bo07c-0-0\"><span data-offset-key=\"bo07c-0-0\"><span style=\"color: #ff6600;\">Inscription en ligne<\/span> pour le vendredi 07\/02 \u00e0 Arles: <a href=\"https:\/\/rebrand.ly\/6M\">https:\/\/rebrand.ly\/6M<\/a><\/span><\/h4>\n<\/div>\n<p>D\u00e9couvrez la <a href=\"https:\/\/nova.concession-jd.com\/John-Deere\/Mat%C3%A9riels-Agricoles\/Tracteurs\/Tracteurs-moyens\/6M-Series-my20\" target=\"_blank\" rel=\"noopener noreferrer\">nouvelle gamme 6M sur notre site<\/a><\/p>\n<p><a href=\"https:\/\/nova.concession-jd.com\/John-Deere\/Mat%C3%A9riels-Agricoles\/Tracteurs\/Tracteurs-moyens\/6M-Series-my20\"><img decoding=\"async\" class=\"alignnone\" src=\"https:\/\/www.deere.fr\/assets\/images\/region-2\/products\/tractors\/mid\/6m-series\/6m-r2c019828-1366x455.jpg\" alt=\"Tracteurs s\u00e9rie 6M\" width=\"1366\" height=\"455\" \/><\/a><\/p>\n<h4>Profitez d&rsquo;une offre exceptionnelle le 4 f\u00e9vrier sur l&rsquo;agence de Gap et le 6 f\u00e9vrier sur l&rsquo;agence d&rsquo;Oraison: 25% de remise sur les pi\u00e8ces d&rsquo;usures POTTINGER \u2013 KUHN \u2013 AMAZONE -ALPEGO \u2013 GREGOIRE&amp;BESSON !<\/h4>\n<p><a href=\"https:\/\/www.nova-groupe.fr\/wp-content\/uploads\/2020\/01\/offre-speciale-pieces-usure-jpo-02-2020.jpg\"><img decoding=\"async\" class=\"alignnone wp-image-18715 \" src=\"https:\/\/www.nova-groupe.fr\/wp-content\/uploads\/2020\/01\/offre-speciale-pieces-usure-jpo-02-2020-300x212.jpg\" alt=\"\" width=\"509\" height=\"360\" srcset=\"https:\/\/www.nova-groupe.fr\/wp-content\/uploads\/2020\/01\/offre-speciale-pieces-usure-jpo-02-2020-300x212.jpg 300w, https:\/\/www.nova-groupe.fr\/wp-content\/uploads\/2020\/01\/offre-speciale-pieces-usure-jpo-02-2020-768x543.jpg 768w, https:\/\/www.nova-groupe.fr\/wp-content\/uploads\/2020\/01\/offre-speciale-pieces-usure-jpo-02-2020-1024x724.jpg 1024w, https:\/\/www.nova-groupe.fr\/wp-content\/uploads\/2020\/01\/offre-speciale-pieces-usure-jpo-02-2020.jpg 1600w\" sizes=\"(max-width: 509px) 100vw, 509px\" \/><\/a><\/p>\n<p><a href=\"https:\/\/www.nova-groupe.fr\/wp-content\/uploads\/2020\/01\/offre-speciale-pieces-usure-jpo-02-20202-1.jpg\"><img decoding=\"async\" class=\"alignnone wp-image-18717 \" src=\"https:\/\/www.nova-groupe.fr\/wp-content\/uploads\/2020\/01\/offre-speciale-pieces-usure-jpo-02-20202-1-300x212.jpg\" alt=\"\" width=\"507\" height=\"358\" srcset=\"https:\/\/www.nova-groupe.fr\/wp-content\/uploads\/2020\/01\/offre-speciale-pieces-usure-jpo-02-20202-1-300x212.jpg 300w, https:\/\/www.nova-groupe.fr\/wp-content\/uploads\/2020\/01\/offre-speciale-pieces-usure-jpo-02-20202-1-768x543.jpg 768w, https:\/\/www.nova-groupe.fr\/wp-content\/uploads\/2020\/01\/offre-speciale-pieces-usure-jpo-02-20202-1-1024x724.jpg 1024w, https:\/\/www.nova-groupe.fr\/wp-content\/uploads\/2020\/01\/offre-speciale-pieces-usure-jpo-02-20202-1.jpg 1600w\" sizes=\"(max-width: 507px) 100vw, 507px\" \/><\/a><\/p>\n<p>Plan d&rsquo;acc\u00e8s :<\/p>\n<p>NOVA GAP:<br \/>\n<iframe style=\"border: 0;\" src=\"https:\/\/www.google.com\/maps\/embed?pb=!1m14!1m8!1m3!1d11381.069857265653!2d6.0440918!3d44.5096747!3m2!1i1024!2i768!4f13.1!3m3!1m2!1s0x0%3A0x317cbcfe3f6a6430!2sNOVA%20Gap!5e0!3m2!1sfr!2sfr!4v1580229061888!5m2!1sfr!2sfr\" width=\"600\" height=\"450\" frameborder=\"0\" allowfullscreen=\"allowfullscreen\"><\/iframe><\/p>\n<p>&nbsp;<\/p>\n<p>NOVA ORAISON :<br \/>\n<iframe style=\"border: 0;\" src=\"https:\/\/www.google.com\/maps\/embed?pb=!1m18!1m12!1m3!1d2873.7794671895426!2d5.9048060159208005!3d43.92253967911289!2m3!1f0!2f0!3f0!3m2!1i1024!2i768!4f13.1!3m3!1m2!1s0x12cbc7c7bd463439%3A0x1fae29c7f25644c1!2sNOVA%20Oraison!5e0!3m2!1sfr!2sfr!4v1580229083567!5m2!1sfr!2sfr\" width=\"600\" height=\"450\" frameborder=\"0\" allowfullscreen=\"allowfullscreen\"><\/iframe><\/p>\n<p>&nbsp;<\/p>\n<p>NOVA ARLES:<br \/>\n<iframe style=\"border: 0;\" src=\"https:\/\/www.google.com\/maps\/embed?pb=!1m18!1m12!1m3!1d2885.5489096968745!2d4.602171515914568!3d43.678350579120576!2m3!1f0!2f0!3f0!3m2!1i1024!2i768!4f13.1!3m3!1m2!1s0x12b677cbb88ac693%3A0x85bd9e4b51357be1!2sNOVA%20Arles!5e0!3m2!1sfr!2sfr!4v1580229096837!5m2!1sfr!2sfr\" width=\"600\" height=\"450\" frameborder=\"0\" allowfullscreen=\"allowfullscreen\"><\/iframe><\/p>\n<p>&nbsp;<\/p>\n<p>&nbsp;<\/p>\n<p>&nbsp;<\/p>\n<p>&nbsp;<\/p>\n<hr \/>\n<div id=\"pg-9082-1\" class=\"panel-grid panel-has-style\" data-style=\"{&quot;padding&quot;:&quot;3% 0% 2% 0%&quot;,&quot;background&quot;:&quot;#f3f2eb&quot;,&quot;background_display&quot;:&quot;tile&quot;,&quot;lsow_dark_bg&quot;:&quot;&quot;,&quot;row_stretch&quot;:&quot;full&quot;}\">\n<div class=\"siteorigin-panels-stretch panel-row-style panel-row-style-for-9082-1\" data-stretch-type=\"full\">\n<div id=\"pgc-9082-1-0\" class=\"panel-grid-cell\" data-weight=\"1\">\n<div id=\"panel-9082-1-0-0\" class=\"so-panel widget widget_sow-post-carousel panel-first-child panel-last-child\" data-index=\"3\" data-style=\"{&quot;background_display&quot;:&quot;tile&quot;}\">\n<\/div>\n<\/div>\n<\/div>\n<\/div>\n<div id=\"pg-9082-2\" class=\"panel-grid panel-has-style\" data-style=\"{&quot;background_display&quot;:&quot;tile&quot;,&quot;lsow_dark_bg&quot;:&quot;&quot;,&quot;row_stretch&quot;:&quot;full-stretched&quot;,&quot;cell_alignment&quot;:&quot;flex-start&quot;}\">\n<div class=\"siteorigin-panels-stretch panel-row-style panel-row-style-for-9082-2\" data-stretch-type=\"full-stretched\">\n<div id=\"pgc-9082-2-0\" class=\"panel-grid-cell\" data-weight=\"1\">\n<div id=\"panel-9082-2-0-0\" class=\"so-panel widget widget_sow-image panel-first-child panel-last-child\" data-index=\"4\" data-style=\"{&quot;background_display&quot;:&quot;tile&quot;}\"><\/div>\n<\/div>\n<\/div>\n<\/div>\n","protected":false},"excerpt":{"rendered":"<p>NOVA vous invite \u00e0 une journ\u00e9e de pr\u00e9sentation des nouveaux tracteurs 6M John Deere ! Venez d\u00e9couvrir la nouvelle gamme 6M. 3 journ\u00e9es de pr\u00e9sentation: Mardi 4 f\u00e9vrier \u00e0 l\u2019agence NOVA de Gap Jeudi 6 f\u00e9vrier \u00e0 l\u2019agence NOVA d\u2019Oraison Vendredi 7 f\u00e9vrier \u00e0 l\u2019agence NOVA d\u2019Arles &nbsp; Inscription en ligne pour le mardi 4\/02 [&hellip;]<\/p>\n","protected":false},"author":3,"featured_media":18719,"comment_status":"open","ping_status":"closed","sticky":false,"template":"","format":"image","meta":{"_acf_changed":false,"_et_pb_use_builder":"","_et_pb_old_content":"","_et_gb_content_width":"","om_disable_all_campaigns":false,"_monsterinsights_skip_tracking":false,"_monsterinsights_sitenote_active":false,"_monsterinsights_sitenote_note":"","_monsterinsights_sitenote_category":0,"_uf_show_specific_survey":0,"_uf_disable_surveys":false,"footnotes":""},"categories":[1],"tags":[2271,1880,2275,2267,1176,1053,1878,1080,914,2273,1600,2269],"class_list":["post-18712","post","type-post","status-publish","format-image","has-post-thumbnail","hentry","category-non-classifiee","tag-2271","tag-1880","tag-2275","tag-6m","tag-arles","tag-camargue","tag-embrun","tag-gap","tag-john-deere","tag-oraison","tag-portes-ouvertes","tag-presentation","post_format-post-format-image"],"acf":[],"yoast_head":"<!-- This site is optimized with the Yoast SEO plugin v27.2 - https:\/\/yoast.com\/product\/yoast-seo-wordpress\/ -->\n<title>Journ\u00e9e de pr\u00e9sentations des nouveaux Tracteurs 6M JOHN DEERE<\/title>\n<meta name=\"description\" content=\"Venez d\u00e9couvrir les nouveaux Tracteurs 6M JOHN DEERE lors de nos 3 journ\u00e9es de pr\u00e9sentations. plus maniable et plus modernes: ils s\u2019adaptent aux travaux d\u2019\u00e9levage comme \u00e0 ceux des cultures.\" \/>\n<meta name=\"robots\" content=\"index, follow, max-snippet:-1, max-image-preview:large, max-video-preview:-1\" \/>\n<link rel=\"canonical\" href=\"https:\/\/www.nova-groupe.fr\/fr\/journee-de-presentations-des-nouveaux-tracteurs-6m-john-deere\/\" \/>\n<meta property=\"og:locale\" content=\"fr_FR\" \/>\n<meta property=\"og:type\" content=\"article\" \/>\n<meta property=\"og:title\" content=\"Journ\u00e9e de pr\u00e9sentations des nouveaux Tracteurs 6M JOHN DEERE\" \/>\n<meta property=\"og:description\" content=\"Venez d\u00e9couvrir les nouveaux Tracteurs 6M JOHN DEERE lors de nos 3 journ\u00e9es de pr\u00e9sentations. plus maniable et plus modernes: ils s\u2019adaptent aux travaux d\u2019\u00e9levage comme \u00e0 ceux des cultures.\" \/>\n<meta property=\"og:url\" content=\"https:\/\/www.nova-groupe.fr\/fr\/journee-de-presentations-des-nouveaux-tracteurs-6m-john-deere\/\" \/>\n<meta property=\"og:site_name\" content=\"Nova-Groupe\" \/>\n<meta property=\"article:publisher\" content=\"https:\/\/www.facebook.com\/Nova-Groupe-170173286757302\/\" \/>\n<meta property=\"article:published_time\" content=\"2020-01-28T16:37:37+00:00\" \/>\n<meta property=\"article:modified_time\" content=\"2020-01-31T10:10:18+00:00\" \/>\n<meta property=\"og:image\" content=\"https:\/\/www.nova-groupe.fr\/wp-content\/uploads\/2020\/01\/JOURNEE-PRESENTATION-6M-20202-FB-EVENT.jpg\" \/>\n\t<meta property=\"og:image:width\" content=\"1200\" \/>\n\t<meta property=\"og:image:height\" content=\"628\" \/>\n\t<meta property=\"og:image:type\" content=\"image\/jpeg\" \/>\n<meta name=\"author\" content=\"Camille Zammit\" \/>\n<meta name=\"twitter:card\" content=\"summary_large_image\" \/>\n<meta name=\"twitter:label1\" content=\"\u00c9crit par\" \/>\n\t<meta name=\"twitter:data1\" content=\"Camille Zammit\" \/>\n\t<meta name=\"twitter:label2\" content=\"Dur\u00e9e de lecture estim\u00e9e\" \/>\n\t<meta name=\"twitter:data2\" content=\"1 minute\" \/>\n<script type=\"application\/ld+json\" class=\"yoast-schema-graph\">{\"@context\":\"https:\/\/schema.org\",\"@graph\":[{\"@type\":\"Article\",\"@id\":\"https:\/\/www.nova-groupe.fr\/fr\/journee-de-presentations-des-nouveaux-tracteurs-6m-john-deere\/#article\",\"isPartOf\":{\"@id\":\"https:\/\/www.nova-groupe.fr\/fr\/journee-de-presentations-des-nouveaux-tracteurs-6m-john-deere\/\"},\"author\":{\"name\":\"Camille Zammit\",\"@id\":\"https:\/\/www.nova-groupe.fr\/fr\/#\/schema\/person\/914fc2542c7631658cdf6631980b00e6\"},\"headline\":\"Journ\u00e9e de pr\u00e9sentations des nouveaux Tracteurs 6M JOHN DEERE.\",\"datePublished\":\"2020-01-28T16:37:37+00:00\",\"dateModified\":\"2020-01-31T10:10:18+00:00\",\"mainEntityOfPage\":{\"@id\":\"https:\/\/www.nova-groupe.fr\/fr\/journee-de-presentations-des-nouveaux-tracteurs-6m-john-deere\/\"},\"wordCount\":158,\"commentCount\":0,\"image\":{\"@id\":\"https:\/\/www.nova-groupe.fr\/fr\/journee-de-presentations-des-nouveaux-tracteurs-6m-john-deere\/#primaryimage\"},\"thumbnailUrl\":\"https:\/\/www.nova-groupe.fr\/wp-content\/uploads\/2020\/01\/JOURNEE-PRESENTATION-6M-20202-FB-EVENT.jpg\",\"keywords\":[\"04\",\"05\",\"13\",\"6M\",\"arles\",\"camargue\",\"embrun\",\"gap\",\"john deere\",\"oraison\",\"portes ouvertes\",\"pr\u00e9sentation\"],\"articleSection\":[\"Non classifi\u00e9(e)\"],\"inLanguage\":\"fr-FR\",\"potentialAction\":[{\"@type\":\"CommentAction\",\"name\":\"Comment\",\"target\":[\"https:\/\/www.nova-groupe.fr\/fr\/journee-de-presentations-des-nouveaux-tracteurs-6m-john-deere\/#respond\"]}]},{\"@type\":\"WebPage\",\"@id\":\"https:\/\/www.nova-groupe.fr\/fr\/journee-de-presentations-des-nouveaux-tracteurs-6m-john-deere\/\",\"url\":\"https:\/\/www.nova-groupe.fr\/fr\/journee-de-presentations-des-nouveaux-tracteurs-6m-john-deere\/\",\"name\":\"Journ\u00e9e de pr\u00e9sentations des nouveaux Tracteurs 6M JOHN DEERE\",\"isPartOf\":{\"@id\":\"https:\/\/www.nova-groupe.fr\/fr\/#website\"},\"primaryImageOfPage\":{\"@id\":\"https:\/\/www.nova-groupe.fr\/fr\/journee-de-presentations-des-nouveaux-tracteurs-6m-john-deere\/#primaryimage\"},\"image\":{\"@id\":\"https:\/\/www.nova-groupe.fr\/fr\/journee-de-presentations-des-nouveaux-tracteurs-6m-john-deere\/#primaryimage\"},\"thumbnailUrl\":\"https:\/\/www.nova-groupe.fr\/wp-content\/uploads\/2020\/01\/JOURNEE-PRESENTATION-6M-20202-FB-EVENT.jpg\",\"datePublished\":\"2020-01-28T16:37:37+00:00\",\"dateModified\":\"2020-01-31T10:10:18+00:00\",\"author\":{\"@id\":\"https:\/\/www.nova-groupe.fr\/fr\/#\/schema\/person\/914fc2542c7631658cdf6631980b00e6\"},\"description\":\"Venez d\u00e9couvrir les nouveaux Tracteurs 6M JOHN DEERE lors de nos 3 journ\u00e9es de pr\u00e9sentations. plus maniable et plus modernes: ils s\u2019adaptent aux travaux d\u2019\u00e9levage comme \u00e0 ceux des cultures.\",\"breadcrumb\":{\"@id\":\"https:\/\/www.nova-groupe.fr\/fr\/journee-de-presentations-des-nouveaux-tracteurs-6m-john-deere\/#breadcrumb\"},\"inLanguage\":\"fr-FR\",\"potentialAction\":[{\"@type\":\"ReadAction\",\"target\":[\"https:\/\/www.nova-groupe.fr\/fr\/journee-de-presentations-des-nouveaux-tracteurs-6m-john-deere\/\"]}]},{\"@type\":\"ImageObject\",\"inLanguage\":\"fr-FR\",\"@id\":\"https:\/\/www.nova-groupe.fr\/fr\/journee-de-presentations-des-nouveaux-tracteurs-6m-john-deere\/#primaryimage\",\"url\":\"https:\/\/www.nova-groupe.fr\/wp-content\/uploads\/2020\/01\/JOURNEE-PRESENTATION-6M-20202-FB-EVENT.jpg\",\"contentUrl\":\"https:\/\/www.nova-groupe.fr\/wp-content\/uploads\/2020\/01\/JOURNEE-PRESENTATION-6M-20202-FB-EVENT.jpg\",\"width\":1200,\"height\":628},{\"@type\":\"BreadcrumbList\",\"@id\":\"https:\/\/www.nova-groupe.fr\/fr\/journee-de-presentations-des-nouveaux-tracteurs-6m-john-deere\/#breadcrumb\",\"itemListElement\":[{\"@type\":\"ListItem\",\"position\":1,\"name\":\"Accueil\",\"item\":\"https:\/\/www.nova-groupe.fr\/fr\/\"},{\"@type\":\"ListItem\",\"position\":2,\"name\":\"Journ\u00e9e de pr\u00e9sentations des nouveaux Tracteurs 6M JOHN DEERE.\"}]},{\"@type\":\"WebSite\",\"@id\":\"https:\/\/www.nova-groupe.fr\/fr\/#website\",\"url\":\"https:\/\/www.nova-groupe.fr\/fr\/\",\"name\":\"Nova-Groupe\",\"description\":\"Vente et location de mat\u00e9riel agricole, BTP, espaces verts et environnement\",\"potentialAction\":[{\"@type\":\"SearchAction\",\"target\":{\"@type\":\"EntryPoint\",\"urlTemplate\":\"https:\/\/www.nova-groupe.fr\/fr\/?s={search_term_string}\"},\"query-input\":{\"@type\":\"PropertyValueSpecification\",\"valueRequired\":true,\"valueName\":\"search_term_string\"}}],\"inLanguage\":\"fr-FR\"},{\"@type\":\"Person\",\"@id\":\"https:\/\/www.nova-groupe.fr\/fr\/#\/schema\/person\/914fc2542c7631658cdf6631980b00e6\",\"name\":\"Camille Zammit\",\"image\":{\"@type\":\"ImageObject\",\"inLanguage\":\"fr-FR\",\"@id\":\"https:\/\/secure.gravatar.com\/avatar\/0aa14d93c1a779e5d4dc40013b1fad108020ae901341f326debe748d1ec71daf?s=96&d=mm&r=g\",\"url\":\"https:\/\/secure.gravatar.com\/avatar\/0aa14d93c1a779e5d4dc40013b1fad108020ae901341f326debe748d1ec71daf?s=96&d=mm&r=g\",\"contentUrl\":\"https:\/\/secure.gravatar.com\/avatar\/0aa14d93c1a779e5d4dc40013b1fad108020ae901341f326debe748d1ec71daf?s=96&d=mm&r=g\",\"caption\":\"Camille Zammit\"}}]}<\/script>\n<!-- \/ Yoast SEO plugin. -->","yoast_head_json":{"title":"Journ\u00e9e de pr\u00e9sentations des nouveaux Tracteurs 6M JOHN DEERE","description":"Venez d\u00e9couvrir les nouveaux Tracteurs 6M JOHN DEERE lors de nos 3 journ\u00e9es de pr\u00e9sentations. plus maniable et plus modernes: ils s\u2019adaptent aux travaux d\u2019\u00e9levage comme \u00e0 ceux des cultures.","robots":{"index":"index","follow":"follow","max-snippet":"max-snippet:-1","max-image-preview":"max-image-preview:large","max-video-preview":"max-video-preview:-1"},"canonical":"https:\/\/www.nova-groupe.fr\/fr\/journee-de-presentations-des-nouveaux-tracteurs-6m-john-deere\/","og_locale":"fr_FR","og_type":"article","og_title":"Journ\u00e9e de pr\u00e9sentations des nouveaux Tracteurs 6M JOHN DEERE","og_description":"Venez d\u00e9couvrir les nouveaux Tracteurs 6M JOHN DEERE lors de nos 3 journ\u00e9es de pr\u00e9sentations. plus maniable et plus modernes: ils s\u2019adaptent aux travaux d\u2019\u00e9levage comme \u00e0 ceux des cultures.","og_url":"https:\/\/www.nova-groupe.fr\/fr\/journee-de-presentations-des-nouveaux-tracteurs-6m-john-deere\/","og_site_name":"Nova-Groupe","article_publisher":"https:\/\/www.facebook.com\/Nova-Groupe-170173286757302\/","article_published_time":"2020-01-28T16:37:37+00:00","article_modified_time":"2020-01-31T10:10:18+00:00","og_image":[{"width":1200,"height":628,"url":"https:\/\/www.nova-groupe.fr\/wp-content\/uploads\/2020\/01\/JOURNEE-PRESENTATION-6M-20202-FB-EVENT.jpg","type":"image\/jpeg"}],"author":"Camille Zammit","twitter_card":"summary_large_image","twitter_misc":{"\u00c9crit par":"Camille Zammit","Dur\u00e9e de lecture estim\u00e9e":"1 minute"},"schema":{"@context":"https:\/\/schema.org","@graph":[{"@type":"Article","@id":"https:\/\/www.nova-groupe.fr\/fr\/journee-de-presentations-des-nouveaux-tracteurs-6m-john-deere\/#article","isPartOf":{"@id":"https:\/\/www.nova-groupe.fr\/fr\/journee-de-presentations-des-nouveaux-tracteurs-6m-john-deere\/"},"author":{"name":"Camille Zammit","@id":"https:\/\/www.nova-groupe.fr\/fr\/#\/schema\/person\/914fc2542c7631658cdf6631980b00e6"},"headline":"Journ\u00e9e de pr\u00e9sentations des nouveaux Tracteurs 6M JOHN DEERE.","datePublished":"2020-01-28T16:37:37+00:00","dateModified":"2020-01-31T10:10:18+00:00","mainEntityOfPage":{"@id":"https:\/\/www.nova-groupe.fr\/fr\/journee-de-presentations-des-nouveaux-tracteurs-6m-john-deere\/"},"wordCount":158,"commentCount":0,"image":{"@id":"https:\/\/www.nova-groupe.fr\/fr\/journee-de-presentations-des-nouveaux-tracteurs-6m-john-deere\/#primaryimage"},"thumbnailUrl":"https:\/\/www.nova-groupe.fr\/wp-content\/uploads\/2020\/01\/JOURNEE-PRESENTATION-6M-20202-FB-EVENT.jpg","keywords":["04","05","13","6M","arles","camargue","embrun","gap","john deere","oraison","portes ouvertes","pr\u00e9sentation"],"articleSection":["Non classifi\u00e9(e)"],"inLanguage":"fr-FR","potentialAction":[{"@type":"CommentAction","name":"Comment","target":["https:\/\/www.nova-groupe.fr\/fr\/journee-de-presentations-des-nouveaux-tracteurs-6m-john-deere\/#respond"]}]},{"@type":"WebPage","@id":"https:\/\/www.nova-groupe.fr\/fr\/journee-de-presentations-des-nouveaux-tracteurs-6m-john-deere\/","url":"https:\/\/www.nova-groupe.fr\/fr\/journee-de-presentations-des-nouveaux-tracteurs-6m-john-deere\/","name":"Journ\u00e9e de pr\u00e9sentations des nouveaux Tracteurs 6M JOHN DEERE","isPartOf":{"@id":"https:\/\/www.nova-groupe.fr\/fr\/#website"},"primaryImageOfPage":{"@id":"https:\/\/www.nova-groupe.fr\/fr\/journee-de-presentations-des-nouveaux-tracteurs-6m-john-deere\/#primaryimage"},"image":{"@id":"https:\/\/www.nova-groupe.fr\/fr\/journee-de-presentations-des-nouveaux-tracteurs-6m-john-deere\/#primaryimage"},"thumbnailUrl":"https:\/\/www.nova-groupe.fr\/wp-content\/uploads\/2020\/01\/JOURNEE-PRESENTATION-6M-20202-FB-EVENT.jpg","datePublished":"2020-01-28T16:37:37+00:00","dateModified":"2020-01-31T10:10:18+00:00","author":{"@id":"https:\/\/www.nova-groupe.fr\/fr\/#\/schema\/person\/914fc2542c7631658cdf6631980b00e6"},"description":"Venez d\u00e9couvrir les nouveaux Tracteurs 6M JOHN DEERE lors de nos 3 journ\u00e9es de pr\u00e9sentations. plus maniable et plus modernes: ils s\u2019adaptent aux travaux d\u2019\u00e9levage comme \u00e0 ceux des cultures.","breadcrumb":{"@id":"https:\/\/www.nova-groupe.fr\/fr\/journee-de-presentations-des-nouveaux-tracteurs-6m-john-deere\/#breadcrumb"},"inLanguage":"fr-FR","potentialAction":[{"@type":"ReadAction","target":["https:\/\/www.nova-groupe.fr\/fr\/journee-de-presentations-des-nouveaux-tracteurs-6m-john-deere\/"]}]},{"@type":"ImageObject","inLanguage":"fr-FR","@id":"https:\/\/www.nova-groupe.fr\/fr\/journee-de-presentations-des-nouveaux-tracteurs-6m-john-deere\/#primaryimage","url":"https:\/\/www.nova-groupe.fr\/wp-content\/uploads\/2020\/01\/JOURNEE-PRESENTATION-6M-20202-FB-EVENT.jpg","contentUrl":"https:\/\/www.nova-groupe.fr\/wp-content\/uploads\/2020\/01\/JOURNEE-PRESENTATION-6M-20202-FB-EVENT.jpg","width":1200,"height":628},{"@type":"BreadcrumbList","@id":"https:\/\/www.nova-groupe.fr\/fr\/journee-de-presentations-des-nouveaux-tracteurs-6m-john-deere\/#breadcrumb","itemListElement":[{"@type":"ListItem","position":1,"name":"Accueil","item":"https:\/\/www.nova-groupe.fr\/fr\/"},{"@type":"ListItem","position":2,"name":"Journ\u00e9e de pr\u00e9sentations des nouveaux Tracteurs 6M JOHN DEERE."}]},{"@type":"WebSite","@id":"https:\/\/www.nova-groupe.fr\/fr\/#website","url":"https:\/\/www.nova-groupe.fr\/fr\/","name":"Nova-Groupe","description":"Vente et location de mat\u00e9riel agricole, BTP, espaces verts et environnement","potentialAction":[{"@type":"SearchAction","target":{"@type":"EntryPoint","urlTemplate":"https:\/\/www.nova-groupe.fr\/fr\/?s={search_term_string}"},"query-input":{"@type":"PropertyValueSpecification","valueRequired":true,"valueName":"search_term_string"}}],"inLanguage":"fr-FR"},{"@type":"Person","@id":"https:\/\/www.nova-groupe.fr\/fr\/#\/schema\/person\/914fc2542c7631658cdf6631980b00e6","name":"Camille Zammit","image":{"@type":"ImageObject","inLanguage":"fr-FR","@id":"https:\/\/secure.gravatar.com\/avatar\/0aa14d93c1a779e5d4dc40013b1fad108020ae901341f326debe748d1ec71daf?s=96&d=mm&r=g","url":"https:\/\/secure.gravatar.com\/avatar\/0aa14d93c1a779e5d4dc40013b1fad108020ae901341f326debe748d1ec71daf?s=96&d=mm&r=g","contentUrl":"https:\/\/secure.gravatar.com\/avatar\/0aa14d93c1a779e5d4dc40013b1fad108020ae901341f326debe748d1ec71daf?s=96&d=mm&r=g","caption":"Camille Zammit"}}]}},"_links":{"self":[{"href":"https:\/\/www.nova-groupe.fr\/fr\/wp-json\/wp\/v2\/posts\/18712","targetHints":{"allow":["GET"]}}],"collection":[{"href":"https:\/\/www.nova-groupe.fr\/fr\/wp-json\/wp\/v2\/posts"}],"about":[{"href":"https:\/\/www.nova-groupe.fr\/fr\/wp-json\/wp\/v2\/types\/post"}],"author":[{"embeddable":true,"href":"https:\/\/www.nova-groupe.fr\/fr\/wp-json\/wp\/v2\/users\/3"}],"replies":[{"embeddable":true,"href":"https:\/\/www.nova-groupe.fr\/fr\/wp-json\/wp\/v2\/comments?post=18712"}],"version-history":[{"count":0,"href":"https:\/\/www.nova-groupe.fr\/fr\/wp-json\/wp\/v2\/posts\/18712\/revisions"}],"wp:featuredmedia":[{"embeddable":true,"href":"https:\/\/www.nova-groupe.fr\/fr\/wp-json\/wp\/v2\/media\/18719"}],"wp:attachment":[{"href":"https:\/\/www.nova-groupe.fr\/fr\/wp-json\/wp\/v2\/media?parent=18712"}],"wp:term":[{"taxonomy":"category","embeddable":true,"href":"https:\/\/www.nova-groupe.fr\/fr\/wp-json\/wp\/v2\/categories?post=18712"},{"taxonomy":"post_tag","embeddable":true,"href":"https:\/\/www.nova-groupe.fr\/fr\/wp-json\/wp\/v2\/tags?post=18712"}],"curies":[{"name":"wp","href":"https:\/\/api.w.org\/{rel}","templated":true}]}}