{"id":20910,"date":"2020-09-25T13:38:18","date_gmt":"2020-09-25T11:38:18","guid":{"rendered":"https:\/\/www.nova-groupe.fr\/?p=20910"},"modified":"2020-09-25T13:39:12","modified_gmt":"2020-09-25T11:39:12","slug":"secateurs-pellenc-pour-la-taille-des-oliviers-et-des-fruitiers","status":"publish","type":"post","link":"https:\/\/www.nova-groupe.fr\/fr\/secateurs-pellenc-pour-la-taille-des-oliviers-et-des-fruitiers\/","title":{"rendered":"S\u00e9cateurs PELLENC pour la taille des oliviers et des fruitiers"},"content":{"rendered":"<h1>S\u00e9cateurs PELLENC pour la taille des oliviers et des fruitiers<\/h1>\n<p>Choisir un outil de coupe professionnel vous permettra de d\u00e9cupler votre production. Avec la gamme <a href=\"https:\/\/www.nova-groupe.fr\/fr\/nos-marques\/espaces-verts\/pellenc\/\">PELLENC<\/a>, fini la corv\u00e9e de la coupe !<\/p>\n<p>Que ce soit une taille de formation, de fructification ou de r\u00e9g\u00e9n\u00e9ration, ces t\u00e2ches peuvent \u00eatre effectu\u00e9es<strong> sans effort<\/strong> gr\u00e2ce \u00e0 un mat\u00e9riel adapt\u00e9 que <span style=\"color: #ff6600;\"><strong>Nova<\/strong> <\/span>vous propose.<\/p>\n<p>D\u00e9couvrez nos <strong>s\u00e9cateurs \u00e9lectriques<\/strong> pour une taille en toute <strong>s\u00e9curit\u00e9<\/strong>, avec notre mat\u00e9riel <strong>maniable<\/strong> et <strong>l\u00e9ger<\/strong> vous gagnerez en <strong>puissance, avec une pr\u00e9cision de coupe<\/strong> en toute <strong>autonomie<\/strong> durant vos journ\u00e9es de travail.<\/p>\n<p>En compl\u00e9ment, notre offre de <strong>location de broyeurs de branches<\/strong> vous permettra un gain de temps et de place lors de la taille de vos arbres fruitiers.<\/p>\n<p>B\u00e9n\u00e9ficiez gratuitement d\u2019une 3\u00e8me ann\u00e9e de garantie sur les s\u00e9cateurs et les batteries <a href=\"https:\/\/www.nova-groupe.fr\/fr\/nos-marques\/espaces-verts\/pellenc\/\" target=\"_blank\" rel=\"noopener noreferrer\">PELLENC<\/a>*.<\/p>\n<p>*En vous inscrivant directement sur https:\/\/guarantee.pellenc.com dans un d\u00e9lai de 3 mois \u00e0 compter de la date d\u2019acquisition.<br \/>\nOffre valable du 1er juin 2019 au 30 septembre 2020.<\/p>\n<p>Rendez vous dans votre <a href=\"https:\/\/www.nova-groupe.fr\/fr\/nos-agences\/\"><strong>agence Nova<\/strong><\/a> la plus proche pour profitez de ces offres !<\/p>\n<p>&nbsp;<\/p>\n<hr \/>\n<h3>S\u00e9cateur <a href=\"https:\/\/www.nova-groupe.fr\/fr\/nos-marques\/espaces-verts\/pellenc\/\" target=\"_blank\" rel=\"noopener noreferrer\">PELLENC<\/a> Prunion 150P<\/h3>\n<p>&#8211; 4 Modes de fonctionnement<\/p>\n<p>&#8211; Id\u00e9al pour la coupe jusqu&rsquo;\u00e0 45mm de diam\u00e8tre<\/p>\n<p>&#8211; Poign\u00e9e ergonomique universelle (droitier\/gaucher)<\/p>\n<p>&#8211; Innovation Pellenc<\/p>\n<p><strong>Offre sp\u00e9ciale \u00e0 930\u20ac ht<\/strong><\/p>\n<p><img decoding=\"async\" class=\"alignnone size-large wp-image-20911\" src=\"https:\/\/www.nova-groupe.fr\/wp-content\/uploads\/2020\/09\/secateur-PELLENC-150P-09-2020-A4-1024x724.jpg\" alt=\"secateur arboricole olives PELLENC 150 09 2020\" width=\"1024\" height=\"724\" srcset=\"https:\/\/www.nova-groupe.fr\/wp-content\/uploads\/2020\/09\/secateur-PELLENC-150P-09-2020-A4-1024x724.jpg 1024w, https:\/\/www.nova-groupe.fr\/wp-content\/uploads\/2020\/09\/secateur-PELLENC-150P-09-2020-A4-300x212.jpg 300w, https:\/\/www.nova-groupe.fr\/wp-content\/uploads\/2020\/09\/secateur-PELLENC-150P-09-2020-A4-768x543.jpg 768w\" sizes=\"(max-width: 1024px) 100vw, 1024px\" \/><\/p>\n<p><img decoding=\"async\" class=\"alignnone size-large wp-image-20912\" src=\"https:\/\/www.nova-groupe.fr\/wp-content\/uploads\/2020\/09\/secateur-PELLENC-250-09-2020-A4-1024x724.jpg\" alt=\"secateur PELLENC 250 09 2020 \" width=\"1024\" height=\"724\" srcset=\"https:\/\/www.nova-groupe.fr\/wp-content\/uploads\/2020\/09\/secateur-PELLENC-250-09-2020-A4-1024x724.jpg 1024w, https:\/\/www.nova-groupe.fr\/wp-content\/uploads\/2020\/09\/secateur-PELLENC-250-09-2020-A4-300x212.jpg 300w, https:\/\/www.nova-groupe.fr\/wp-content\/uploads\/2020\/09\/secateur-PELLENC-250-09-2020-A4-768x543.jpg 768w\" sizes=\"(max-width: 1024px) 100vw, 1024px\" \/><\/p>\n<p>&nbsp;<\/p>\n<p>D\u00e9couvrez le s\u00e9cateur <a href=\"https:\/\/www.pellenc.com\/\" target=\"_blank\" rel=\"noopener noreferrer\">Pellenc<\/a> en vid\u00e9o:<\/p>\n<p><iframe src=\"https:\/\/www.youtube.com\/embed\/DuG7xZG4Ta0\" width=\"560\" height=\"315\" frameborder=\"0\" allowfullscreen=\"allowfullscreen\"><\/iframe><\/p>\n<hr \/>\n<h3>S\u00e9cateur viticole <a href=\"https:\/\/www.nova-groupe.fr\/fr\/nos-marques\/espaces-verts\/pellenc\/\" target=\"_blank\" rel=\"noopener noreferrer\">PELLENC<\/a> VINION 150<\/h3>\n<p>&#8211; Moteur \u00e0 haut rendement : 92 %<br \/>\n&#8211; Une journ\u00e9e d\u2019autonomie de taille<br \/>\n&#8211; Adaptable aux gauchers et droitiers<br \/>\n&#8211; S\u00e9cateur le plus l\u00e9ger du march\u00e9 : 680 g<br \/>\n&#8211; Livr\u00e9 dans sa mallette avec la batterie 150, chargeur et accessoires.<\/p>\n<p><strong>Offre sp\u00e9ciale \u00e0 830\u20ac ht<\/strong><\/p>\n<p><img decoding=\"async\" class=\"alignnone size-large wp-image-20914\" src=\"https:\/\/www.nova-groupe.fr\/wp-content\/uploads\/2020\/09\/PELLENC-VINION-150-09-2020-A4-1024x724.jpg\" alt=\"PELLENC VINION 150 09 2020 secateur viticole vignes viticulture \" width=\"1024\" height=\"724\" srcset=\"https:\/\/www.nova-groupe.fr\/wp-content\/uploads\/2020\/09\/PELLENC-VINION-150-09-2020-A4-1024x724.jpg 1024w, https:\/\/www.nova-groupe.fr\/wp-content\/uploads\/2020\/09\/PELLENC-VINION-150-09-2020-A4-300x212.jpg 300w, https:\/\/www.nova-groupe.fr\/wp-content\/uploads\/2020\/09\/PELLENC-VINION-150-09-2020-A4-768x543.jpg 768w\" sizes=\"(max-width: 1024px) 100vw, 1024px\" \/><\/p>\n<p>&nbsp;<\/p>\n<p><img decoding=\"async\" class=\"alignnone size-large wp-image-20913\" src=\"https:\/\/www.nova-groupe.fr\/wp-content\/uploads\/2020\/09\/PELLENC-VINION-250-09-2020-A4-1024x724.jpg\" alt=\"PELLENC VINION 250 09 2020 secateur viticole vignes viticulture \" width=\"1024\" height=\"724\" srcset=\"https:\/\/www.nova-groupe.fr\/wp-content\/uploads\/2020\/09\/PELLENC-VINION-250-09-2020-A4-1024x724.jpg 1024w, https:\/\/www.nova-groupe.fr\/wp-content\/uploads\/2020\/09\/PELLENC-VINION-250-09-2020-A4-300x212.jpg 300w, https:\/\/www.nova-groupe.fr\/wp-content\/uploads\/2020\/09\/PELLENC-VINION-250-09-2020-A4-768x543.jpg 768w\" sizes=\"(max-width: 1024px) 100vw, 1024px\" \/><\/p>\n<p>D\u00e9couvrez le s\u00e9cateur <a href=\"https:\/\/www.pellenc.com\/\" target=\"_blank\" rel=\"noopener noreferrer\">Pellenc<\/a> Vinion 150 en vid\u00e9o:<br \/>\n<iframe src=\"https:\/\/www.youtube.com\/embed\/RJPfW3x7GqQ\" width=\"560\" height=\"315\" frameborder=\"0\" allowfullscreen=\"allowfullscreen\" data-mce-fragment=\"1\"><\/iframe><\/p>\n<hr \/>\n<h3>Location de broyeurs de branches \u00e0 partir de 52\u20ac ht \/ jour*<\/h3>\n<p>Broyeur compact ou broyeur sur essieu routier selon vos besoins.<\/p>\n<p>Chez <span style=\"color: #ff6600;\">Nova<\/span> <strong>louez votre broyeur de branches<\/strong> \u00e0 la journ\u00e9e, semaine ou au mois.<\/p>\n<p>&nbsp;<\/p>\n<p><img decoding=\"async\" class=\"alignnone size-medium wp-image-8803\" src=\"https:\/\/www.nova-groupe.fr\/wp-content\/uploads\/2018\/02\/Screenshot-2018-2-20-plaquette-location-digitale-octobre-2017-pdf-234x300.png\" alt=\"\" width=\"234\" height=\"300\" srcset=\"https:\/\/www.nova-groupe.fr\/wp-content\/uploads\/2018\/02\/Screenshot-2018-2-20-plaquette-location-digitale-octobre-2017-pdf-234x300.png 234w, https:\/\/www.nova-groupe.fr\/wp-content\/uploads\/2018\/02\/Screenshot-2018-2-20-plaquette-location-digitale-octobre-2017-pdf.png 661w\" sizes=\"(max-width: 234px) 100vw, 234px\" \/> <img decoding=\"async\" class=\"alignnone wp-image-11854 \" src=\"https:\/\/www.nova-groupe.fr\/wp-content\/uploads\/2019\/01\/location-broyeur-greenmech-224x300.jpg\" alt=\"location broyeur greenmech\" width=\"239\" height=\"320\" srcset=\"https:\/\/www.nova-groupe.fr\/wp-content\/uploads\/2019\/01\/location-broyeur-greenmech-224x300.jpg 224w, https:\/\/www.nova-groupe.fr\/wp-content\/uploads\/2019\/01\/location-broyeur-greenmech.jpg 413w\" sizes=\"(max-width: 239px) 100vw, 239px\" \/><\/p>\n<p>&#8211; * Consultez notre offre de location: <a class=\"button\" href=\"https:\/\/www.nova-groupe.fr\/wp-content\/uploads\/2017\/04\/plaquette-location-nova-materiels-agricole-btp-espace-verts-paca.pdf\" target=\"_blank\" rel=\"noopener noreferrer\">T\u00e9l\u00e9charger notre brochure de location<\/a><\/p>\n<h4>Le r\u00e9seau NOVA<\/h4>\n<p><strong>Le groupe NOVA distributeur de mat\u00e9riel <a href=\"https:\/\/www.nova-groupe.fr\/fr\/nos-marques\/espaces-verts\/pellenc\/\" target=\"_blank\" rel=\"noopener noreferrer\">PELLENC<\/a> vous accompagne dans le choix de votre recherche de <a href=\"https:\/\/pellenc.com\/gct\/produits\/tondeuse-rasion\/\" target=\"_blank\" rel=\"noopener noreferrer\">tondeuses<\/a>, <a href=\"https:\/\/pellenc.com\/gct\/produits\/souffleur-airion-3\/\" target=\"_blank\" rel=\"noopener noreferrer\">souffleurs<\/a>, <a href=\"https:\/\/pellenc.com\/gct\/produits\/balayeuse-cleanion\/\" target=\"_blank\" rel=\"noopener noreferrer\">balayeuses<\/a>, <a href=\"https:\/\/pellenc.com\/gct\/produits\/taille-haies-helion\/\" target=\"_blank\" rel=\"noopener noreferrer\">taille-haies,<\/a> <a href=\"https:\/\/pellenc.com\/gct\/produits\/debroussailleuse-excelion-2000\/\" target=\"_blank\" rel=\"noopener noreferrer\">d\u00e9broussailleuses<\/a>, <a href=\"https:\/\/pellenc.com\/gct\/produits\/bineuse-sarcleuse-cultivion\/\" target=\"_blank\" rel=\"noopener noreferrer\">bineuses<\/a>, <a href=\"https:\/\/pellenc.com\/gct\/produits\/elagueuse-selion-c21-hd\/\" target=\"_blank\" rel=\"noopener noreferrer\">\u00e9lagueuses<\/a>, <a href=\"https:\/\/pellenc.com\/gct\/produits\/secateur-espaces-verts-et-arboricole-prunion\/\" target=\"_blank\" rel=\"noopener noreferrer\">s\u00e9cateurs<\/a> PELLENC sur la r\u00e9gion PACA, et \u00e0 proximit\u00e9 de Marseille, Aix-En-Provence, Avignon, Istres, Martigues, Vitrolles, Marignane, Salon de Provence, Mallemort, Gardanne, Cabri\u00e8s, Allauch, Aubagne, N\u00eemes, Orange, Manosque, Sisteron, S\u00e9nas, Cavaillon, Nice, Monaco, Grasse, Cannes, Fr\u00e9jus, Toulon, Al\u00e8s et Tallard au travers de <a href=\"https:\/\/www.nova-groupe.fr\/fr\/nos-agences\/\" target=\"_blank\" rel=\"noopener noreferrer\">nos agences r\u00e9gionales<\/a> de Saint-Cannat, Arles, Cavaillon, Oraison,\u00a0 Gap, Carpentras, Saint Hilaire De Brethmas, Cogolin, Le Muy et sur les d\u00e9partements 04 alpes de Hautes Provence, 05 Hautes Alpes, 06 Alpes Maritimes, 13 Bouches du Rh\u00f4ne, 26 Dr\u00f4me, 30 Gard , 83 Var et 84 Vaucluse.<\/strong><\/p>\n<p><a href=\"https:\/\/www.nova-groupe.fr\/fr\/nos-agences\" target=\"_blank\" rel=\"noopener noreferrer\"><img decoding=\"async\" class=\"alignnone wp-image-11800 size-large\" src=\"https:\/\/www.nova-groupe.fr\/wp-content\/uploads\/2023\/12\/Nos-agences-NOVA-en-PACA-Votre-Distributeur-en-Materiels-Agricole-BTP-Espaces-Verts-manutention-2024.png\" sizes=\"(max-width: 1024px) 100vw, 1024px\" srcset=\"https:\/\/www.nova-groupe.fr\/wp-content\/uploads\/2023\/12\/Nos-agences-NOVA-en-PACA-Votre-Distributeur-en-Materiels-Agricole-BTP-Espaces-Verts-manutention-2024.png 1024w, https:\/\/www.nova-groupe.fr\/wp-content\/uploads\/2023\/12\/Nos-agences-NOVA-en-PACA-Votre-Distributeur-en-Materiels-Agricole-BTP-Espaces-Verts-manutention-2024-150x150.png 300w, https:\/\/www.nova-groupe.fr\/wp-content\/uploads\/2023\/12\/Nos-agences-NOVA-en-PACA-Votre-Distributeur-en-Materiels-Agricole-BTP-Espaces-Verts-manutention-2024-768x440.png 768w, https:\/\/www.nova-groupe.fr\/wp-content\/uploads\/2023\/12\/Nos-agences-NOVA-en-PACA-Votre-Distributeur-en-Materiels-Agricole-BTP-Espaces-Verts-manutention-2024.png 1191w\" alt=\"carte map liste agences nova\" width=\"1024\" height=\"757\" \/><\/a><\/p>\n<hr \/>\n<div id=\"pg-9082-1\" class=\"panel-grid panel-has-style\" data-style=\"{&quot;padding&quot;:&quot;3% 0% 2% 0%&quot;,&quot;background&quot;:&quot;#f3f2eb&quot;,&quot;background_display&quot;:&quot;tile&quot;,&quot;lsow_dark_bg&quot;:&quot;&quot;,&quot;row_stretch&quot;:&quot;full&quot;}\">\n<div class=\"siteorigin-panels-stretch panel-row-style panel-row-style-for-9082-1\" data-stretch-type=\"full\">\n<div id=\"pgc-9082-1-0\" class=\"panel-grid-cell\" data-weight=\"1\">\n<div id=\"panel-9082-1-0-0\" class=\"so-panel widget widget_sow-post-carousel panel-first-child panel-last-child\" data-index=\"3\" data-style=\"{&quot;background_display&quot;:&quot;tile&quot;}\">\n<\/div>\n<\/div>\n<\/div>\n<\/div>\n<div id=\"pg-9082-2\" class=\"panel-grid panel-has-style\" data-style=\"{&quot;background_display&quot;:&quot;tile&quot;,&quot;lsow_dark_bg&quot;:&quot;&quot;,&quot;row_stretch&quot;:&quot;full-stretched&quot;,&quot;cell_alignment&quot;:&quot;flex-start&quot;}\">\n<div class=\"siteorigin-panels-stretch panel-row-style panel-row-style-for-9082-2\" data-stretch-type=\"full-stretched\">\n<div id=\"pgc-9082-2-0\" class=\"panel-grid-cell\" data-weight=\"1\">\n<div id=\"panel-9082-2-0-0\" class=\"so-panel widget widget_sow-image panel-first-child panel-last-child\" data-index=\"4\" data-style=\"{&quot;background_display&quot;:&quot;tile&quot;}\"><\/div>\n<\/div>\n<\/div>\n<\/div>\n","protected":false},"excerpt":{"rendered":"<p>S\u00e9cateurs PELLENC pour la taille des oliviers et des fruitiers Choisir un outil de coupe professionnel vous permettra de d\u00e9cupler votre production. Avec la gamme PELLENC, fini la corv\u00e9e de la coupe ! Que ce soit une taille de formation, de fructification ou de r\u00e9g\u00e9n\u00e9ration, ces t\u00e2ches peuvent \u00eatre effectu\u00e9es sans effort gr\u00e2ce \u00e0 un [&hellip;]<\/p>\n","protected":false},"author":3,"featured_media":20915,"comment_status":"open","ping_status":"closed","sticky":false,"template":"","format":"image","meta":{"_acf_changed":false,"_et_pb_use_builder":"","_et_pb_old_content":"","_et_gb_content_width":"","om_disable_all_campaigns":false,"_monsterinsights_skip_tracking":false,"_monsterinsights_sitenote_active":false,"_monsterinsights_sitenote_note":"","_monsterinsights_sitenote_category":0,"_uf_show_specific_survey":0,"_uf_disable_surveys":false,"footnotes":""},"categories":[1],"tags":[1094,1088,1096,1090,994,1098,2526,1086,1092,1608,1610],"class_list":["post-20910","post","type-post","status-publish","format-image","has-post-thumbnail","hentry","category-non-classifiee","tag-arbres","tag-broyeur","tag-fruitier","tag-location","tag-nova","tag-olivier","tag-prunion","tag-secateur","tag-taille","tag-vignes","tag-vinion","post_format-post-format-image"],"acf":[],"yoast_head":"<!-- This site is optimized with the Yoast SEO plugin v27.2 - https:\/\/yoast.com\/product\/yoast-seo-wordpress\/ -->\n<title>S\u00e9cateurs PELLENC pour la taille des oliviers et des fruitiers<\/title>\n<meta name=\"description\" content=\"La taille des oliviers et fruitiers c&#039;est maintenant chez NOVA ! D\u00e9couvrez nos gammes de s\u00e9cateurs professionnels Pellenc et leur innovation !\" \/>\n<meta name=\"robots\" content=\"index, follow, max-snippet:-1, max-image-preview:large, max-video-preview:-1\" \/>\n<link rel=\"canonical\" href=\"https:\/\/www.nova-groupe.fr\/fr\/secateurs-pellenc-pour-la-taille-des-oliviers-et-des-fruitiers\/\" \/>\n<meta property=\"og:locale\" content=\"fr_FR\" \/>\n<meta property=\"og:type\" content=\"article\" \/>\n<meta property=\"og:title\" content=\"S\u00e9cateurs PELLENC pour la taille des oliviers et des fruitiers\" \/>\n<meta property=\"og:description\" content=\"La taille des oliviers et fruitiers c&#039;est maintenant chez NOVA ! D\u00e9couvrez nos gammes de s\u00e9cateurs professionnels Pellenc et leur innovation !\" \/>\n<meta property=\"og:url\" content=\"https:\/\/www.nova-groupe.fr\/fr\/secateurs-pellenc-pour-la-taille-des-oliviers-et-des-fruitiers\/\" \/>\n<meta property=\"og:site_name\" content=\"Nova-Groupe\" \/>\n<meta property=\"article:publisher\" content=\"https:\/\/www.facebook.com\/Nova-Groupe-170173286757302\/\" \/>\n<meta property=\"article:published_time\" content=\"2020-09-25T11:38:18+00:00\" \/>\n<meta property=\"article:modified_time\" content=\"2020-09-25T11:39:12+00:00\" \/>\n<meta property=\"og:image\" content=\"https:\/\/www.nova-groupe.fr\/wp-content\/uploads\/2020\/09\/VINION-02.jpg\" \/>\n\t<meta property=\"og:image:width\" content=\"4122\" \/>\n\t<meta property=\"og:image:height\" content=\"2752\" \/>\n\t<meta property=\"og:image:type\" content=\"image\/jpeg\" \/>\n<meta name=\"author\" content=\"Camille Zammit\" \/>\n<meta name=\"twitter:card\" content=\"summary_large_image\" \/>\n<meta name=\"twitter:label1\" content=\"\u00c9crit par\" \/>\n\t<meta name=\"twitter:data1\" content=\"Camille Zammit\" \/>\n\t<meta name=\"twitter:label2\" content=\"Dur\u00e9e de lecture estim\u00e9e\" \/>\n\t<meta name=\"twitter:data2\" content=\"2 minutes\" \/>\n<script type=\"application\/ld+json\" class=\"yoast-schema-graph\">{\"@context\":\"https:\/\/schema.org\",\"@graph\":[{\"@type\":\"Article\",\"@id\":\"https:\/\/www.nova-groupe.fr\/fr\/secateurs-pellenc-pour-la-taille-des-oliviers-et-des-fruitiers\/#article\",\"isPartOf\":{\"@id\":\"https:\/\/www.nova-groupe.fr\/fr\/secateurs-pellenc-pour-la-taille-des-oliviers-et-des-fruitiers\/\"},\"author\":{\"name\":\"Camille Zammit\",\"@id\":\"https:\/\/www.nova-groupe.fr\/fr\/#\/schema\/person\/914fc2542c7631658cdf6631980b00e6\"},\"headline\":\"S\u00e9cateurs PELLENC pour la taille des oliviers et des fruitiers\",\"datePublished\":\"2020-09-25T11:38:18+00:00\",\"dateModified\":\"2020-09-25T11:39:12+00:00\",\"mainEntityOfPage\":{\"@id\":\"https:\/\/www.nova-groupe.fr\/fr\/secateurs-pellenc-pour-la-taille-des-oliviers-et-des-fruitiers\/\"},\"wordCount\":479,\"commentCount\":0,\"image\":{\"@id\":\"https:\/\/www.nova-groupe.fr\/fr\/secateurs-pellenc-pour-la-taille-des-oliviers-et-des-fruitiers\/#primaryimage\"},\"thumbnailUrl\":\"https:\/\/www.nova-groupe.fr\/wp-content\/uploads\/2020\/09\/VINION-02.jpg\",\"keywords\":[\"arbres\",\"broyeur\",\"fruitier\",\"location\",\"nova\",\"olivier\",\"prunion\",\"secateur\",\"taille\",\"vignes\",\"vinion\"],\"articleSection\":[\"Non classifi\u00e9(e)\"],\"inLanguage\":\"fr-FR\",\"potentialAction\":[{\"@type\":\"CommentAction\",\"name\":\"Comment\",\"target\":[\"https:\/\/www.nova-groupe.fr\/fr\/secateurs-pellenc-pour-la-taille-des-oliviers-et-des-fruitiers\/#respond\"]}]},{\"@type\":\"WebPage\",\"@id\":\"https:\/\/www.nova-groupe.fr\/fr\/secateurs-pellenc-pour-la-taille-des-oliviers-et-des-fruitiers\/\",\"url\":\"https:\/\/www.nova-groupe.fr\/fr\/secateurs-pellenc-pour-la-taille-des-oliviers-et-des-fruitiers\/\",\"name\":\"S\u00e9cateurs PELLENC pour la taille des oliviers et des fruitiers\",\"isPartOf\":{\"@id\":\"https:\/\/www.nova-groupe.fr\/fr\/#website\"},\"primaryImageOfPage\":{\"@id\":\"https:\/\/www.nova-groupe.fr\/fr\/secateurs-pellenc-pour-la-taille-des-oliviers-et-des-fruitiers\/#primaryimage\"},\"image\":{\"@id\":\"https:\/\/www.nova-groupe.fr\/fr\/secateurs-pellenc-pour-la-taille-des-oliviers-et-des-fruitiers\/#primaryimage\"},\"thumbnailUrl\":\"https:\/\/www.nova-groupe.fr\/wp-content\/uploads\/2020\/09\/VINION-02.jpg\",\"datePublished\":\"2020-09-25T11:38:18+00:00\",\"dateModified\":\"2020-09-25T11:39:12+00:00\",\"author\":{\"@id\":\"https:\/\/www.nova-groupe.fr\/fr\/#\/schema\/person\/914fc2542c7631658cdf6631980b00e6\"},\"description\":\"La taille des oliviers et fruitiers c'est maintenant chez NOVA ! D\u00e9couvrez nos gammes de s\u00e9cateurs professionnels Pellenc et leur innovation !\",\"breadcrumb\":{\"@id\":\"https:\/\/www.nova-groupe.fr\/fr\/secateurs-pellenc-pour-la-taille-des-oliviers-et-des-fruitiers\/#breadcrumb\"},\"inLanguage\":\"fr-FR\",\"potentialAction\":[{\"@type\":\"ReadAction\",\"target\":[\"https:\/\/www.nova-groupe.fr\/fr\/secateurs-pellenc-pour-la-taille-des-oliviers-et-des-fruitiers\/\"]}]},{\"@type\":\"ImageObject\",\"inLanguage\":\"fr-FR\",\"@id\":\"https:\/\/www.nova-groupe.fr\/fr\/secateurs-pellenc-pour-la-taille-des-oliviers-et-des-fruitiers\/#primaryimage\",\"url\":\"https:\/\/www.nova-groupe.fr\/wp-content\/uploads\/2020\/09\/VINION-02.jpg\",\"contentUrl\":\"https:\/\/www.nova-groupe.fr\/wp-content\/uploads\/2020\/09\/VINION-02.jpg\",\"width\":4122,\"height\":2752},{\"@type\":\"BreadcrumbList\",\"@id\":\"https:\/\/www.nova-groupe.fr\/fr\/secateurs-pellenc-pour-la-taille-des-oliviers-et-des-fruitiers\/#breadcrumb\",\"itemListElement\":[{\"@type\":\"ListItem\",\"position\":1,\"name\":\"Accueil\",\"item\":\"https:\/\/www.nova-groupe.fr\/fr\/\"},{\"@type\":\"ListItem\",\"position\":2,\"name\":\"S\u00e9cateurs PELLENC pour la taille des oliviers et des fruitiers\"}]},{\"@type\":\"WebSite\",\"@id\":\"https:\/\/www.nova-groupe.fr\/fr\/#website\",\"url\":\"https:\/\/www.nova-groupe.fr\/fr\/\",\"name\":\"Nova-Groupe\",\"description\":\"Vente et location de mat\u00e9riel agricole, BTP, espaces verts et environnement\",\"potentialAction\":[{\"@type\":\"SearchAction\",\"target\":{\"@type\":\"EntryPoint\",\"urlTemplate\":\"https:\/\/www.nova-groupe.fr\/fr\/?s={search_term_string}\"},\"query-input\":{\"@type\":\"PropertyValueSpecification\",\"valueRequired\":true,\"valueName\":\"search_term_string\"}}],\"inLanguage\":\"fr-FR\"},{\"@type\":\"Person\",\"@id\":\"https:\/\/www.nova-groupe.fr\/fr\/#\/schema\/person\/914fc2542c7631658cdf6631980b00e6\",\"name\":\"Camille Zammit\",\"image\":{\"@type\":\"ImageObject\",\"inLanguage\":\"fr-FR\",\"@id\":\"https:\/\/secure.gravatar.com\/avatar\/0aa14d93c1a779e5d4dc40013b1fad108020ae901341f326debe748d1ec71daf?s=96&d=mm&r=g\",\"url\":\"https:\/\/secure.gravatar.com\/avatar\/0aa14d93c1a779e5d4dc40013b1fad108020ae901341f326debe748d1ec71daf?s=96&d=mm&r=g\",\"contentUrl\":\"https:\/\/secure.gravatar.com\/avatar\/0aa14d93c1a779e5d4dc40013b1fad108020ae901341f326debe748d1ec71daf?s=96&d=mm&r=g\",\"caption\":\"Camille Zammit\"}}]}<\/script>\n<!-- \/ Yoast SEO plugin. -->","yoast_head_json":{"title":"S\u00e9cateurs PELLENC pour la taille des oliviers et des fruitiers","description":"La taille des oliviers et fruitiers c'est maintenant chez NOVA ! D\u00e9couvrez nos gammes de s\u00e9cateurs professionnels Pellenc et leur innovation !","robots":{"index":"index","follow":"follow","max-snippet":"max-snippet:-1","max-image-preview":"max-image-preview:large","max-video-preview":"max-video-preview:-1"},"canonical":"https:\/\/www.nova-groupe.fr\/fr\/secateurs-pellenc-pour-la-taille-des-oliviers-et-des-fruitiers\/","og_locale":"fr_FR","og_type":"article","og_title":"S\u00e9cateurs PELLENC pour la taille des oliviers et des fruitiers","og_description":"La taille des oliviers et fruitiers c'est maintenant chez NOVA ! D\u00e9couvrez nos gammes de s\u00e9cateurs professionnels Pellenc et leur innovation !","og_url":"https:\/\/www.nova-groupe.fr\/fr\/secateurs-pellenc-pour-la-taille-des-oliviers-et-des-fruitiers\/","og_site_name":"Nova-Groupe","article_publisher":"https:\/\/www.facebook.com\/Nova-Groupe-170173286757302\/","article_published_time":"2020-09-25T11:38:18+00:00","article_modified_time":"2020-09-25T11:39:12+00:00","og_image":[{"width":4122,"height":2752,"url":"https:\/\/www.nova-groupe.fr\/wp-content\/uploads\/2020\/09\/VINION-02.jpg","type":"image\/jpeg"}],"author":"Camille Zammit","twitter_card":"summary_large_image","twitter_misc":{"\u00c9crit par":"Camille Zammit","Dur\u00e9e de lecture estim\u00e9e":"2 minutes"},"schema":{"@context":"https:\/\/schema.org","@graph":[{"@type":"Article","@id":"https:\/\/www.nova-groupe.fr\/fr\/secateurs-pellenc-pour-la-taille-des-oliviers-et-des-fruitiers\/#article","isPartOf":{"@id":"https:\/\/www.nova-groupe.fr\/fr\/secateurs-pellenc-pour-la-taille-des-oliviers-et-des-fruitiers\/"},"author":{"name":"Camille Zammit","@id":"https:\/\/www.nova-groupe.fr\/fr\/#\/schema\/person\/914fc2542c7631658cdf6631980b00e6"},"headline":"S\u00e9cateurs PELLENC pour la taille des oliviers et des fruitiers","datePublished":"2020-09-25T11:38:18+00:00","dateModified":"2020-09-25T11:39:12+00:00","mainEntityOfPage":{"@id":"https:\/\/www.nova-groupe.fr\/fr\/secateurs-pellenc-pour-la-taille-des-oliviers-et-des-fruitiers\/"},"wordCount":479,"commentCount":0,"image":{"@id":"https:\/\/www.nova-groupe.fr\/fr\/secateurs-pellenc-pour-la-taille-des-oliviers-et-des-fruitiers\/#primaryimage"},"thumbnailUrl":"https:\/\/www.nova-groupe.fr\/wp-content\/uploads\/2020\/09\/VINION-02.jpg","keywords":["arbres","broyeur","fruitier","location","nova","olivier","prunion","secateur","taille","vignes","vinion"],"articleSection":["Non classifi\u00e9(e)"],"inLanguage":"fr-FR","potentialAction":[{"@type":"CommentAction","name":"Comment","target":["https:\/\/www.nova-groupe.fr\/fr\/secateurs-pellenc-pour-la-taille-des-oliviers-et-des-fruitiers\/#respond"]}]},{"@type":"WebPage","@id":"https:\/\/www.nova-groupe.fr\/fr\/secateurs-pellenc-pour-la-taille-des-oliviers-et-des-fruitiers\/","url":"https:\/\/www.nova-groupe.fr\/fr\/secateurs-pellenc-pour-la-taille-des-oliviers-et-des-fruitiers\/","name":"S\u00e9cateurs PELLENC pour la taille des oliviers et des fruitiers","isPartOf":{"@id":"https:\/\/www.nova-groupe.fr\/fr\/#website"},"primaryImageOfPage":{"@id":"https:\/\/www.nova-groupe.fr\/fr\/secateurs-pellenc-pour-la-taille-des-oliviers-et-des-fruitiers\/#primaryimage"},"image":{"@id":"https:\/\/www.nova-groupe.fr\/fr\/secateurs-pellenc-pour-la-taille-des-oliviers-et-des-fruitiers\/#primaryimage"},"thumbnailUrl":"https:\/\/www.nova-groupe.fr\/wp-content\/uploads\/2020\/09\/VINION-02.jpg","datePublished":"2020-09-25T11:38:18+00:00","dateModified":"2020-09-25T11:39:12+00:00","author":{"@id":"https:\/\/www.nova-groupe.fr\/fr\/#\/schema\/person\/914fc2542c7631658cdf6631980b00e6"},"description":"La taille des oliviers et fruitiers c'est maintenant chez NOVA ! D\u00e9couvrez nos gammes de s\u00e9cateurs professionnels Pellenc et leur innovation !","breadcrumb":{"@id":"https:\/\/www.nova-groupe.fr\/fr\/secateurs-pellenc-pour-la-taille-des-oliviers-et-des-fruitiers\/#breadcrumb"},"inLanguage":"fr-FR","potentialAction":[{"@type":"ReadAction","target":["https:\/\/www.nova-groupe.fr\/fr\/secateurs-pellenc-pour-la-taille-des-oliviers-et-des-fruitiers\/"]}]},{"@type":"ImageObject","inLanguage":"fr-FR","@id":"https:\/\/www.nova-groupe.fr\/fr\/secateurs-pellenc-pour-la-taille-des-oliviers-et-des-fruitiers\/#primaryimage","url":"https:\/\/www.nova-groupe.fr\/wp-content\/uploads\/2020\/09\/VINION-02.jpg","contentUrl":"https:\/\/www.nova-groupe.fr\/wp-content\/uploads\/2020\/09\/VINION-02.jpg","width":4122,"height":2752},{"@type":"BreadcrumbList","@id":"https:\/\/www.nova-groupe.fr\/fr\/secateurs-pellenc-pour-la-taille-des-oliviers-et-des-fruitiers\/#breadcrumb","itemListElement":[{"@type":"ListItem","position":1,"name":"Accueil","item":"https:\/\/www.nova-groupe.fr\/fr\/"},{"@type":"ListItem","position":2,"name":"S\u00e9cateurs PELLENC pour la taille des oliviers et des fruitiers"}]},{"@type":"WebSite","@id":"https:\/\/www.nova-groupe.fr\/fr\/#website","url":"https:\/\/www.nova-groupe.fr\/fr\/","name":"Nova-Groupe","description":"Vente et location de mat\u00e9riel agricole, BTP, espaces verts et environnement","potentialAction":[{"@type":"SearchAction","target":{"@type":"EntryPoint","urlTemplate":"https:\/\/www.nova-groupe.fr\/fr\/?s={search_term_string}"},"query-input":{"@type":"PropertyValueSpecification","valueRequired":true,"valueName":"search_term_string"}}],"inLanguage":"fr-FR"},{"@type":"Person","@id":"https:\/\/www.nova-groupe.fr\/fr\/#\/schema\/person\/914fc2542c7631658cdf6631980b00e6","name":"Camille Zammit","image":{"@type":"ImageObject","inLanguage":"fr-FR","@id":"https:\/\/secure.gravatar.com\/avatar\/0aa14d93c1a779e5d4dc40013b1fad108020ae901341f326debe748d1ec71daf?s=96&d=mm&r=g","url":"https:\/\/secure.gravatar.com\/avatar\/0aa14d93c1a779e5d4dc40013b1fad108020ae901341f326debe748d1ec71daf?s=96&d=mm&r=g","contentUrl":"https:\/\/secure.gravatar.com\/avatar\/0aa14d93c1a779e5d4dc40013b1fad108020ae901341f326debe748d1ec71daf?s=96&d=mm&r=g","caption":"Camille Zammit"}}]}},"_links":{"self":[{"href":"https:\/\/www.nova-groupe.fr\/fr\/wp-json\/wp\/v2\/posts\/20910","targetHints":{"allow":["GET"]}}],"collection":[{"href":"https:\/\/www.nova-groupe.fr\/fr\/wp-json\/wp\/v2\/posts"}],"about":[{"href":"https:\/\/www.nova-groupe.fr\/fr\/wp-json\/wp\/v2\/types\/post"}],"author":[{"embeddable":true,"href":"https:\/\/www.nova-groupe.fr\/fr\/wp-json\/wp\/v2\/users\/3"}],"replies":[{"embeddable":true,"href":"https:\/\/www.nova-groupe.fr\/fr\/wp-json\/wp\/v2\/comments?post=20910"}],"version-history":[{"count":0,"href":"https:\/\/www.nova-groupe.fr\/fr\/wp-json\/wp\/v2\/posts\/20910\/revisions"}],"wp:featuredmedia":[{"embeddable":true,"href":"https:\/\/www.nova-groupe.fr\/fr\/wp-json\/wp\/v2\/media\/20915"}],"wp:attachment":[{"href":"https:\/\/www.nova-groupe.fr\/fr\/wp-json\/wp\/v2\/media?parent=20910"}],"wp:term":[{"taxonomy":"category","embeddable":true,"href":"https:\/\/www.nova-groupe.fr\/fr\/wp-json\/wp\/v2\/categories?post=20910"},{"taxonomy":"post_tag","embeddable":true,"href":"https:\/\/www.nova-groupe.fr\/fr\/wp-json\/wp\/v2\/tags?post=20910"}],"curies":[{"name":"wp","href":"https:\/\/api.w.org\/{rel}","templated":true}]}}