{"id":25434,"date":"2022-06-24T08:00:21","date_gmt":"2022-06-24T06:00:21","guid":{"rendered":"https:\/\/www.nova-groupe.fr\/?p=25434"},"modified":"2022-08-09T12:07:19","modified_gmt":"2022-08-09T10:07:19","slug":"rendez-vous-pour-la-demonstration-de-notre-robot-ted-naio-avec-ecoceps","status":"publish","type":"post","link":"https:\/\/www.nova-groupe.fr\/fr\/rendez-vous-pour-la-demonstration-de-notre-robot-ted-naio-avec-ecoceps\/","title":{"rendered":"Rendez-vous pour la d\u00e9monstration de notre robot TED Na\u00efo avec ECOCEPS !"},"content":{"rendered":"<div id=\"pl-8878\" class=\"panel-layout\">\n<div id=\"pg-8878-0\" class=\"panel-grid panel-no-style\">\n<div id=\"pgc-8878-0-0\" class=\"panel-grid-cell\" data-weight=\"1\">\n<div id=\"panel-8878-0-0-0\" class=\"so-panel widget widget_sow-editor panel-first-child panel-last-child\" data-index=\"0\" data-style=\"{&quot;background_display&quot;:&quot;tile&quot;}\">\n<div class=\"so-widget-sow-editor so-widget-sow-editor-base\">\n<h2 class=\"siteorigin-widget-tinymce textwidget\">\ud83d\udcc5 J-7 : D\u00e9monstration de notre robot TED Na\u00efo avec ECOCEPS !<\/h2>\n<p class=\"siteorigin-widget-tinymce textwidget\"><span class=\"d2edcug0 hpfvmrgz qv66sw1b c1et5uql lr9zc1uh a8c37x1j fe6kdd0r mau55g9w c8b282yb keod5gw0 nxhoafnm aigsh9s9 d3f4x2em iv3no6db jq4qci2q a3bd9o3v b1v8xokw oo9gr5id\" dir=\"auto\"><span class=\"pq6dq46d tbxw36s4 knj5qynh kvgmc6g5 ditlmg2l oygrvhab nvdbi5me sf5mxxl7 gl3lb2sf hhz5lgdu\"><img decoding=\"async\" src=\"https:\/\/static.xx.fbcdn.net\/images\/emoji.php\/v9\/tc7\/1.5\/16\/25b6.png\" alt=\"\u25b6\" width=\"16\" height=\"16\" \/><\/span> Venez d\u00e9couvrir TED le robot viticole \u00e0 la cave coop\u00e9rative de Montaren-et-Saint-M\u00e9diers le vendredi 1 juillet de 9h30 \u00e0 11h ! <span class=\"_5mfr\"><span class=\"_6qdm\">\ud83d\ude0d<\/span><\/span><\/span><\/p>\n<p class=\"siteorigin-widget-tinymce textwidget\">\ud83d\udccd Lieu : Rte d&rsquo;Al\u00e8s, 30700 Montaren-et-Saint-M\u00e9diers<\/p>\n<\/div>\n<\/div>\n<\/div>\n<\/div>\n<div id=\"pg-8878-0\" class=\"panel-grid panel-no-style\">\n<div id=\"pgc-8878-0-0\" class=\"panel-grid-cell\" data-weight=\"1\">\n<div id=\"panel-8878-0-0-0\" class=\"so-panel widget widget_sow-editor panel-first-child panel-last-child\" data-index=\"0\" data-style=\"{&quot;background_display&quot;:&quot;tile&quot;}\">\n<div class=\"so-widget-sow-editor so-widget-sow-editor-base\">\n<p>\ud83d\udc49 Libre d&rsquo;acc\u00e8s pour tous !<\/p>\n<p>#robot #TED #Naio #viticulture #demonstration #cavecooperative<\/p>\n<p><img decoding=\"async\" class=\"aligncenter wp-image-25435 size-large\" src=\"https:\/\/www.nova-groupe.fr\/wp-content\/uploads\/2022\/06\/demo-ted-\u00e0-montaren-01-07-22--724x1024.jpg\" alt=\"Robot ted naio demonstration 1\/07 \u00e0 montaren \" width=\"724\" height=\"1024\" srcset=\"https:\/\/www.nova-groupe.fr\/wp-content\/uploads\/2022\/06\/demo-ted-\u00e0-montaren-01-07-22--724x1024.jpg 724w, https:\/\/www.nova-groupe.fr\/wp-content\/uploads\/2022\/06\/demo-ted-\u00e0-montaren-01-07-22--212x300.jpg 212w, https:\/\/www.nova-groupe.fr\/wp-content\/uploads\/2022\/06\/demo-ted-\u00e0-montaren-01-07-22--768x1086.jpg 768w\" sizes=\"(max-width: 724px) 100vw, 724px\" \/><\/p>\n<h3>Rendez-vous vite dans votre agence NOVA la plus proche : <a href=\"https:\/\/www.nova-groupe.fr\/fr\/nos-agences\/\" target=\"_blank\" rel=\"noopener noreferrer\">www.nova-groupe.fr\/fr\/nos-agences<\/a><\/h3>\n<p><a href=\"https:\/\/www.nova-groupe.fr\/fr\/nos-agences\" target=\"_blank\" rel=\"noopener noreferrer\"><img decoding=\"async\" class=\"alignnone wp-image-11800 size-large\" src=\"https:\/\/www.nova-groupe.fr\/wp-content\/uploads\/2023\/12\/Nos-agences-NOVA-en-PACA-Votre-Distributeur-en-Materiels-Agricole-BTP-Espaces-Verts-manutention-2024.png\" sizes=\"(max-width: 1024px) 100vw, 1024px\" srcset=\"https:\/\/www.nova-groupe.fr\/wp-content\/uploads\/2023\/12\/Nos-agences-NOVA-en-PACA-Votre-Distributeur-en-Materiels-Agricole-BTP-Espaces-Verts-manutention-2024.png 1024w, https:\/\/www.nova-groupe.fr\/wp-content\/uploads\/2023\/12\/Nos-agences-NOVA-en-PACA-Votre-Distributeur-en-Materiels-Agricole-BTP-Espaces-Verts-manutention-2024-150x150.png 300w, https:\/\/www.nova-groupe.fr\/wp-content\/uploads\/2023\/12\/Nos-agences-NOVA-en-PACA-Votre-Distributeur-en-Materiels-Agricole-BTP-Espaces-Verts-manutention-2024-768x440.png 768w, https:\/\/www.nova-groupe.fr\/wp-content\/uploads\/2023\/12\/Nos-agences-NOVA-en-PACA-Votre-Distributeur-en-Materiels-Agricole-BTP-Espaces-Verts-manutention-2024.png 1191w\" alt=\"carte map liste agences nova\" width=\"1024\" height=\"757\" \/><\/a><\/p>\n<\/div>\n<div>\n<div>\n<h4><\/h4>\n<\/div>\n<\/div>\n<div class=\"so-widget-sow-editor so-widget-sow-editor-base\">\n<hr \/>\n","protected":false},"excerpt":{"rendered":"<p>\ud83d\udcc5 J-7 : D\u00e9monstration de notre robot TED Na\u00efo avec ECOCEPS ! Venez d\u00e9couvrir TED le robot viticole \u00e0 la cave coop\u00e9rative de Montaren-et-Saint-M\u00e9diers le vendredi 1 juillet de 9h30 \u00e0 11h ! \ud83d\ude0d \ud83d\udccd Lieu : Rte d&rsquo;Al\u00e8s, 30700 Montaren-et-Saint-M\u00e9diers \ud83d\udc49 Libre d&rsquo;acc\u00e8s pour tous ! #robot #TED #Naio #viticulture #demonstration #cavecooperative Rendez-vous vite [&hellip;]<\/p>\n","protected":false},"author":3,"featured_media":25435,"comment_status":"open","ping_status":"closed","sticky":false,"template":"","format":"image","meta":{"_acf_changed":false,"_et_pb_use_builder":"","_et_pb_old_content":"","_et_gb_content_width":"","om_disable_all_campaigns":false,"_monsterinsights_skip_tracking":false,"_monsterinsights_sitenote_active":false,"_monsterinsights_sitenote_note":"","_monsterinsights_sitenote_category":0,"_uf_show_specific_survey":0,"_uf_disable_surveys":false,"footnotes":""},"categories":[1],"tags":[1072,2685,2683,1501],"class_list":["post-25434","post","type-post","status-publish","format-image","has-post-thumbnail","hentry","category-non-classifiee","tag-demonstration","tag-ecoceps","tag-robot-ted-naio","tag-viticulture","post_format-post-format-image"],"acf":[],"yoast_head":"<!-- This site is optimized with the Yoast SEO plugin v27.2 - https:\/\/yoast.com\/product\/yoast-seo-wordpress\/ -->\n<title>D\u00e9monstration de notre robot TED Na\u00cfo avec ECOCEPS !<\/title>\n<meta name=\"description\" content=\"D\u00c9MONSTRATION DE NOTRE ROBOT TED NA\u00cfO AVEC ECOCEPS le vendredi 1 juillet 2022 de 9h30 \u00e0 11h \u00e0 la cave coop\u00e9rative de Montaren-et-Saint-M\u00e9diers !\" \/>\n<meta name=\"robots\" content=\"index, follow, max-snippet:-1, max-image-preview:large, max-video-preview:-1\" \/>\n<link rel=\"canonical\" href=\"https:\/\/www.nova-groupe.fr\/fr\/rendez-vous-pour-la-demonstration-de-notre-robot-ted-naio-avec-ecoceps\/\" \/>\n<meta property=\"og:locale\" content=\"fr_FR\" \/>\n<meta property=\"og:type\" content=\"article\" \/>\n<meta property=\"og:title\" content=\"D\u00e9monstration de notre robot TED Na\u00cfo avec ECOCEPS !\" \/>\n<meta property=\"og:description\" content=\"D\u00c9MONSTRATION DE NOTRE ROBOT TED NA\u00cfO AVEC ECOCEPS le vendredi 1 juillet 2022 de 9h30 \u00e0 11h \u00e0 la cave coop\u00e9rative de Montaren-et-Saint-M\u00e9diers !\" \/>\n<meta property=\"og:url\" content=\"https:\/\/www.nova-groupe.fr\/fr\/rendez-vous-pour-la-demonstration-de-notre-robot-ted-naio-avec-ecoceps\/\" \/>\n<meta property=\"og:site_name\" content=\"Nova-Groupe\" \/>\n<meta property=\"article:publisher\" content=\"https:\/\/www.facebook.com\/Nova-Groupe-170173286757302\/\" \/>\n<meta property=\"article:published_time\" content=\"2022-06-24T06:00:21+00:00\" \/>\n<meta property=\"article:modified_time\" content=\"2022-08-09T10:07:19+00:00\" \/>\n<meta property=\"og:image\" content=\"https:\/\/www.nova-groupe.fr\/wp-content\/uploads\/2022\/06\/demo-ted-\u00e0-montaren-01-07-22-.jpg\" \/>\n\t<meta property=\"og:image:width\" content=\"2480\" \/>\n\t<meta property=\"og:image:height\" content=\"3508\" \/>\n\t<meta property=\"og:image:type\" content=\"image\/jpeg\" \/>\n<meta name=\"author\" content=\"Camille Zammit\" \/>\n<meta name=\"twitter:card\" content=\"summary_large_image\" \/>\n<meta name=\"twitter:label1\" content=\"\u00c9crit par\" \/>\n\t<meta name=\"twitter:data1\" content=\"Camille Zammit\" \/>\n\t<meta name=\"twitter:label2\" content=\"Dur\u00e9e de lecture estim\u00e9e\" \/>\n\t<meta name=\"twitter:data2\" content=\"1 minute\" \/>\n<script type=\"application\/ld+json\" class=\"yoast-schema-graph\">{\"@context\":\"https:\/\/schema.org\",\"@graph\":[{\"@type\":\"Article\",\"@id\":\"https:\/\/www.nova-groupe.fr\/fr\/rendez-vous-pour-la-demonstration-de-notre-robot-ted-naio-avec-ecoceps\/#article\",\"isPartOf\":{\"@id\":\"https:\/\/www.nova-groupe.fr\/fr\/rendez-vous-pour-la-demonstration-de-notre-robot-ted-naio-avec-ecoceps\/\"},\"author\":{\"name\":\"Camille Zammit\",\"@id\":\"https:\/\/www.nova-groupe.fr\/fr\/#\/schema\/person\/914fc2542c7631658cdf6631980b00e6\"},\"headline\":\"Rendez-vous pour la d\u00e9monstration de notre robot TED Na\u00efo avec ECOCEPS !\",\"datePublished\":\"2022-06-24T06:00:21+00:00\",\"dateModified\":\"2022-08-09T10:07:19+00:00\",\"mainEntityOfPage\":{\"@id\":\"https:\/\/www.nova-groupe.fr\/fr\/rendez-vous-pour-la-demonstration-de-notre-robot-ted-naio-avec-ecoceps\/\"},\"wordCount\":77,\"commentCount\":0,\"image\":{\"@id\":\"https:\/\/www.nova-groupe.fr\/fr\/rendez-vous-pour-la-demonstration-de-notre-robot-ted-naio-avec-ecoceps\/#primaryimage\"},\"thumbnailUrl\":\"https:\/\/www.nova-groupe.fr\/wp-content\/uploads\/2022\/06\/demo-ted-\u00e0-montaren-01-07-22-.jpg\",\"keywords\":[\"demonstration\",\"ECOCEPS\",\"robot TED Na\u00efo\",\"viticulture\"],\"articleSection\":[\"Non classifi\u00e9(e)\"],\"inLanguage\":\"fr-FR\",\"potentialAction\":[{\"@type\":\"CommentAction\",\"name\":\"Comment\",\"target\":[\"https:\/\/www.nova-groupe.fr\/fr\/rendez-vous-pour-la-demonstration-de-notre-robot-ted-naio-avec-ecoceps\/#respond\"]}]},{\"@type\":\"WebPage\",\"@id\":\"https:\/\/www.nova-groupe.fr\/fr\/rendez-vous-pour-la-demonstration-de-notre-robot-ted-naio-avec-ecoceps\/\",\"url\":\"https:\/\/www.nova-groupe.fr\/fr\/rendez-vous-pour-la-demonstration-de-notre-robot-ted-naio-avec-ecoceps\/\",\"name\":\"D\u00e9monstration de notre robot TED Na\u00cfo avec ECOCEPS !\",\"isPartOf\":{\"@id\":\"https:\/\/www.nova-groupe.fr\/fr\/#website\"},\"primaryImageOfPage\":{\"@id\":\"https:\/\/www.nova-groupe.fr\/fr\/rendez-vous-pour-la-demonstration-de-notre-robot-ted-naio-avec-ecoceps\/#primaryimage\"},\"image\":{\"@id\":\"https:\/\/www.nova-groupe.fr\/fr\/rendez-vous-pour-la-demonstration-de-notre-robot-ted-naio-avec-ecoceps\/#primaryimage\"},\"thumbnailUrl\":\"https:\/\/www.nova-groupe.fr\/wp-content\/uploads\/2022\/06\/demo-ted-\u00e0-montaren-01-07-22-.jpg\",\"datePublished\":\"2022-06-24T06:00:21+00:00\",\"dateModified\":\"2022-08-09T10:07:19+00:00\",\"author\":{\"@id\":\"https:\/\/www.nova-groupe.fr\/fr\/#\/schema\/person\/914fc2542c7631658cdf6631980b00e6\"},\"description\":\"D\u00c9MONSTRATION DE NOTRE ROBOT TED NA\u00cfO AVEC ECOCEPS le vendredi 1 juillet 2022 de 9h30 \u00e0 11h \u00e0 la cave coop\u00e9rative de Montaren-et-Saint-M\u00e9diers !\",\"breadcrumb\":{\"@id\":\"https:\/\/www.nova-groupe.fr\/fr\/rendez-vous-pour-la-demonstration-de-notre-robot-ted-naio-avec-ecoceps\/#breadcrumb\"},\"inLanguage\":\"fr-FR\",\"potentialAction\":[{\"@type\":\"ReadAction\",\"target\":[\"https:\/\/www.nova-groupe.fr\/fr\/rendez-vous-pour-la-demonstration-de-notre-robot-ted-naio-avec-ecoceps\/\"]}]},{\"@type\":\"ImageObject\",\"inLanguage\":\"fr-FR\",\"@id\":\"https:\/\/www.nova-groupe.fr\/fr\/rendez-vous-pour-la-demonstration-de-notre-robot-ted-naio-avec-ecoceps\/#primaryimage\",\"url\":\"https:\/\/www.nova-groupe.fr\/wp-content\/uploads\/2022\/06\/demo-ted-\u00e0-montaren-01-07-22-.jpg\",\"contentUrl\":\"https:\/\/www.nova-groupe.fr\/wp-content\/uploads\/2022\/06\/demo-ted-\u00e0-montaren-01-07-22-.jpg\",\"width\":2480,\"height\":3508,\"caption\":\"Robot ted naio demonstration 1\/07 \u00e0 montaren\"},{\"@type\":\"BreadcrumbList\",\"@id\":\"https:\/\/www.nova-groupe.fr\/fr\/rendez-vous-pour-la-demonstration-de-notre-robot-ted-naio-avec-ecoceps\/#breadcrumb\",\"itemListElement\":[{\"@type\":\"ListItem\",\"position\":1,\"name\":\"Accueil\",\"item\":\"https:\/\/www.nova-groupe.fr\/fr\/\"},{\"@type\":\"ListItem\",\"position\":2,\"name\":\"Rendez-vous pour la d\u00e9monstration de notre robot TED Na\u00efo avec ECOCEPS !\"}]},{\"@type\":\"WebSite\",\"@id\":\"https:\/\/www.nova-groupe.fr\/fr\/#website\",\"url\":\"https:\/\/www.nova-groupe.fr\/fr\/\",\"name\":\"Nova-Groupe\",\"description\":\"Vente et location de mat\u00e9riel agricole, BTP, espaces verts et environnement\",\"potentialAction\":[{\"@type\":\"SearchAction\",\"target\":{\"@type\":\"EntryPoint\",\"urlTemplate\":\"https:\/\/www.nova-groupe.fr\/fr\/?s={search_term_string}\"},\"query-input\":{\"@type\":\"PropertyValueSpecification\",\"valueRequired\":true,\"valueName\":\"search_term_string\"}}],\"inLanguage\":\"fr-FR\"},{\"@type\":\"Person\",\"@id\":\"https:\/\/www.nova-groupe.fr\/fr\/#\/schema\/person\/914fc2542c7631658cdf6631980b00e6\",\"name\":\"Camille Zammit\",\"image\":{\"@type\":\"ImageObject\",\"inLanguage\":\"fr-FR\",\"@id\":\"https:\/\/secure.gravatar.com\/avatar\/0aa14d93c1a779e5d4dc40013b1fad108020ae901341f326debe748d1ec71daf?s=96&d=mm&r=g\",\"url\":\"https:\/\/secure.gravatar.com\/avatar\/0aa14d93c1a779e5d4dc40013b1fad108020ae901341f326debe748d1ec71daf?s=96&d=mm&r=g\",\"contentUrl\":\"https:\/\/secure.gravatar.com\/avatar\/0aa14d93c1a779e5d4dc40013b1fad108020ae901341f326debe748d1ec71daf?s=96&d=mm&r=g\",\"caption\":\"Camille Zammit\"}}]}<\/script>\n<!-- \/ Yoast SEO plugin. -->","yoast_head_json":{"title":"D\u00e9monstration de notre robot TED Na\u00cfo avec ECOCEPS !","description":"D\u00c9MONSTRATION DE NOTRE ROBOT TED NA\u00cfO AVEC ECOCEPS le vendredi 1 juillet 2022 de 9h30 \u00e0 11h \u00e0 la cave coop\u00e9rative de Montaren-et-Saint-M\u00e9diers !","robots":{"index":"index","follow":"follow","max-snippet":"max-snippet:-1","max-image-preview":"max-image-preview:large","max-video-preview":"max-video-preview:-1"},"canonical":"https:\/\/www.nova-groupe.fr\/fr\/rendez-vous-pour-la-demonstration-de-notre-robot-ted-naio-avec-ecoceps\/","og_locale":"fr_FR","og_type":"article","og_title":"D\u00e9monstration de notre robot TED Na\u00cfo avec ECOCEPS !","og_description":"D\u00c9MONSTRATION DE NOTRE ROBOT TED NA\u00cfO AVEC ECOCEPS le vendredi 1 juillet 2022 de 9h30 \u00e0 11h \u00e0 la cave coop\u00e9rative de Montaren-et-Saint-M\u00e9diers !","og_url":"https:\/\/www.nova-groupe.fr\/fr\/rendez-vous-pour-la-demonstration-de-notre-robot-ted-naio-avec-ecoceps\/","og_site_name":"Nova-Groupe","article_publisher":"https:\/\/www.facebook.com\/Nova-Groupe-170173286757302\/","article_published_time":"2022-06-24T06:00:21+00:00","article_modified_time":"2022-08-09T10:07:19+00:00","og_image":[{"width":2480,"height":3508,"url":"https:\/\/www.nova-groupe.fr\/wp-content\/uploads\/2022\/06\/demo-ted-\u00e0-montaren-01-07-22-.jpg","type":"image\/jpeg"}],"author":"Camille Zammit","twitter_card":"summary_large_image","twitter_misc":{"\u00c9crit par":"Camille Zammit","Dur\u00e9e de lecture estim\u00e9e":"1 minute"},"schema":{"@context":"https:\/\/schema.org","@graph":[{"@type":"Article","@id":"https:\/\/www.nova-groupe.fr\/fr\/rendez-vous-pour-la-demonstration-de-notre-robot-ted-naio-avec-ecoceps\/#article","isPartOf":{"@id":"https:\/\/www.nova-groupe.fr\/fr\/rendez-vous-pour-la-demonstration-de-notre-robot-ted-naio-avec-ecoceps\/"},"author":{"name":"Camille Zammit","@id":"https:\/\/www.nova-groupe.fr\/fr\/#\/schema\/person\/914fc2542c7631658cdf6631980b00e6"},"headline":"Rendez-vous pour la d\u00e9monstration de notre robot TED Na\u00efo avec ECOCEPS !","datePublished":"2022-06-24T06:00:21+00:00","dateModified":"2022-08-09T10:07:19+00:00","mainEntityOfPage":{"@id":"https:\/\/www.nova-groupe.fr\/fr\/rendez-vous-pour-la-demonstration-de-notre-robot-ted-naio-avec-ecoceps\/"},"wordCount":77,"commentCount":0,"image":{"@id":"https:\/\/www.nova-groupe.fr\/fr\/rendez-vous-pour-la-demonstration-de-notre-robot-ted-naio-avec-ecoceps\/#primaryimage"},"thumbnailUrl":"https:\/\/www.nova-groupe.fr\/wp-content\/uploads\/2022\/06\/demo-ted-\u00e0-montaren-01-07-22-.jpg","keywords":["demonstration","ECOCEPS","robot TED Na\u00efo","viticulture"],"articleSection":["Non classifi\u00e9(e)"],"inLanguage":"fr-FR","potentialAction":[{"@type":"CommentAction","name":"Comment","target":["https:\/\/www.nova-groupe.fr\/fr\/rendez-vous-pour-la-demonstration-de-notre-robot-ted-naio-avec-ecoceps\/#respond"]}]},{"@type":"WebPage","@id":"https:\/\/www.nova-groupe.fr\/fr\/rendez-vous-pour-la-demonstration-de-notre-robot-ted-naio-avec-ecoceps\/","url":"https:\/\/www.nova-groupe.fr\/fr\/rendez-vous-pour-la-demonstration-de-notre-robot-ted-naio-avec-ecoceps\/","name":"D\u00e9monstration de notre robot TED Na\u00cfo avec ECOCEPS !","isPartOf":{"@id":"https:\/\/www.nova-groupe.fr\/fr\/#website"},"primaryImageOfPage":{"@id":"https:\/\/www.nova-groupe.fr\/fr\/rendez-vous-pour-la-demonstration-de-notre-robot-ted-naio-avec-ecoceps\/#primaryimage"},"image":{"@id":"https:\/\/www.nova-groupe.fr\/fr\/rendez-vous-pour-la-demonstration-de-notre-robot-ted-naio-avec-ecoceps\/#primaryimage"},"thumbnailUrl":"https:\/\/www.nova-groupe.fr\/wp-content\/uploads\/2022\/06\/demo-ted-\u00e0-montaren-01-07-22-.jpg","datePublished":"2022-06-24T06:00:21+00:00","dateModified":"2022-08-09T10:07:19+00:00","author":{"@id":"https:\/\/www.nova-groupe.fr\/fr\/#\/schema\/person\/914fc2542c7631658cdf6631980b00e6"},"description":"D\u00c9MONSTRATION DE NOTRE ROBOT TED NA\u00cfO AVEC ECOCEPS le vendredi 1 juillet 2022 de 9h30 \u00e0 11h \u00e0 la cave coop\u00e9rative de Montaren-et-Saint-M\u00e9diers !","breadcrumb":{"@id":"https:\/\/www.nova-groupe.fr\/fr\/rendez-vous-pour-la-demonstration-de-notre-robot-ted-naio-avec-ecoceps\/#breadcrumb"},"inLanguage":"fr-FR","potentialAction":[{"@type":"ReadAction","target":["https:\/\/www.nova-groupe.fr\/fr\/rendez-vous-pour-la-demonstration-de-notre-robot-ted-naio-avec-ecoceps\/"]}]},{"@type":"ImageObject","inLanguage":"fr-FR","@id":"https:\/\/www.nova-groupe.fr\/fr\/rendez-vous-pour-la-demonstration-de-notre-robot-ted-naio-avec-ecoceps\/#primaryimage","url":"https:\/\/www.nova-groupe.fr\/wp-content\/uploads\/2022\/06\/demo-ted-\u00e0-montaren-01-07-22-.jpg","contentUrl":"https:\/\/www.nova-groupe.fr\/wp-content\/uploads\/2022\/06\/demo-ted-\u00e0-montaren-01-07-22-.jpg","width":2480,"height":3508,"caption":"Robot ted naio demonstration 1\/07 \u00e0 montaren"},{"@type":"BreadcrumbList","@id":"https:\/\/www.nova-groupe.fr\/fr\/rendez-vous-pour-la-demonstration-de-notre-robot-ted-naio-avec-ecoceps\/#breadcrumb","itemListElement":[{"@type":"ListItem","position":1,"name":"Accueil","item":"https:\/\/www.nova-groupe.fr\/fr\/"},{"@type":"ListItem","position":2,"name":"Rendez-vous pour la d\u00e9monstration de notre robot TED Na\u00efo avec ECOCEPS !"}]},{"@type":"WebSite","@id":"https:\/\/www.nova-groupe.fr\/fr\/#website","url":"https:\/\/www.nova-groupe.fr\/fr\/","name":"Nova-Groupe","description":"Vente et location de mat\u00e9riel agricole, BTP, espaces verts et environnement","potentialAction":[{"@type":"SearchAction","target":{"@type":"EntryPoint","urlTemplate":"https:\/\/www.nova-groupe.fr\/fr\/?s={search_term_string}"},"query-input":{"@type":"PropertyValueSpecification","valueRequired":true,"valueName":"search_term_string"}}],"inLanguage":"fr-FR"},{"@type":"Person","@id":"https:\/\/www.nova-groupe.fr\/fr\/#\/schema\/person\/914fc2542c7631658cdf6631980b00e6","name":"Camille Zammit","image":{"@type":"ImageObject","inLanguage":"fr-FR","@id":"https:\/\/secure.gravatar.com\/avatar\/0aa14d93c1a779e5d4dc40013b1fad108020ae901341f326debe748d1ec71daf?s=96&d=mm&r=g","url":"https:\/\/secure.gravatar.com\/avatar\/0aa14d93c1a779e5d4dc40013b1fad108020ae901341f326debe748d1ec71daf?s=96&d=mm&r=g","contentUrl":"https:\/\/secure.gravatar.com\/avatar\/0aa14d93c1a779e5d4dc40013b1fad108020ae901341f326debe748d1ec71daf?s=96&d=mm&r=g","caption":"Camille Zammit"}}]}},"_links":{"self":[{"href":"https:\/\/www.nova-groupe.fr\/fr\/wp-json\/wp\/v2\/posts\/25434","targetHints":{"allow":["GET"]}}],"collection":[{"href":"https:\/\/www.nova-groupe.fr\/fr\/wp-json\/wp\/v2\/posts"}],"about":[{"href":"https:\/\/www.nova-groupe.fr\/fr\/wp-json\/wp\/v2\/types\/post"}],"author":[{"embeddable":true,"href":"https:\/\/www.nova-groupe.fr\/fr\/wp-json\/wp\/v2\/users\/3"}],"replies":[{"embeddable":true,"href":"https:\/\/www.nova-groupe.fr\/fr\/wp-json\/wp\/v2\/comments?post=25434"}],"version-history":[{"count":1,"href":"https:\/\/www.nova-groupe.fr\/fr\/wp-json\/wp\/v2\/posts\/25434\/revisions"}],"predecessor-version":[{"id":25812,"href":"https:\/\/www.nova-groupe.fr\/fr\/wp-json\/wp\/v2\/posts\/25434\/revisions\/25812"}],"wp:featuredmedia":[{"embeddable":true,"href":"https:\/\/www.nova-groupe.fr\/fr\/wp-json\/wp\/v2\/media\/25435"}],"wp:attachment":[{"href":"https:\/\/www.nova-groupe.fr\/fr\/wp-json\/wp\/v2\/media?parent=25434"}],"wp:term":[{"taxonomy":"category","embeddable":true,"href":"https:\/\/www.nova-groupe.fr\/fr\/wp-json\/wp\/v2\/categories?post=25434"},{"taxonomy":"post_tag","embeddable":true,"href":"https:\/\/www.nova-groupe.fr\/fr\/wp-json\/wp\/v2\/tags?post=25434"}],"curies":[{"name":"wp","href":"https:\/\/api.w.org\/{rel}","templated":true}]}}