{"id":26743,"date":"2022-09-05T17:20:25","date_gmt":"2022-09-05T15:20:25","guid":{"rendered":"https:\/\/www.nova-groupe.fr\/?p=26743"},"modified":"2022-09-05T17:44:50","modified_gmt":"2022-09-05T15:44:50","slug":"offre-speciale-secateurs-pellenc","status":"publish","type":"post","link":"https:\/\/www.nova-groupe.fr\/fr\/offre-speciale-secateurs-pellenc\/","title":{"rendered":"OFFRE SP\u00c9CIALE S\u00c9CATEURS PELLENC"},"content":{"rendered":"<div class=\"\" data-block=\"true\" data-editor=\"b1flv\" data-offset-key=\"chlcm-0-0\">\n<h1 class=\"_1mf _1mj\" data-offset-key=\"chlcm-0-0\">OFFRE SP\u00c9CIALE PELLENC : Offre de remise et de reprise de s\u00e9cateurs + extension de garantie.<\/h1>\n<\/div>\n<p><span class=\"_5mfr\"><span class=\"_6qdm\">\ud83d\udea8<\/span><\/span> OFFRE SP\u00c9CIALE S\u00c9CATEURS.\u00a0<span class=\"_5mfr\"><span class=\"_6qdm\">\ud83c\udf3f<\/span><\/span><br \/>\nNova vous propose ses<strong> OFFRES EXCEPTIONNELLES<\/strong> sur les s\u00e9cateurs\u00a0<a class=\"profileLink\" href=\"https:\/\/business.facebook.com\/PellencGroup\/?business_id=1798051607167423&amp;__tn__=K-R&amp;eid=ARCUa2QfC1OGmfBsYbwgRmn_i1budkCa8NNW0I1GCHKuGuJEJX25lChcAMbY2QmgxDuIt-_zsq62h0dz&amp;fref=mentions&amp;__xts__%5B0%5D=68.ARAaUF6bQi_fXA9qJnwNp13SJN_8UoiHoDJYRqqFh0t61LCAstZkHHPA_Wj4TcxBhzd3Sv5czKyuYrmKFGBmBSyaxmfLqx8EZ-xk7vmXqVv6uO2qLTbBycMLWDrIKWL47NEXxqO-XwmqSUdayg5jZDUF8wx-KsFuhnmdZTQvO4pHQ15IriCKpf-YYdWkT45-00W_crXC8MEQ5LsJF26DCIr5kEVW_rokj4rFj1PY0Y1UgpMuoFYaw4RkIXgC2JkFF1mpUtC4KOVyEMmoafAb6dgVwmQK0pKRQWFXH496UVmkAfPooz8JEg\" data-hovercard=\"\/ajax\/hovercard\/page.php?id=207881765892093&amp;extragetparams=%7B%22__tn__%22%3A%22%2CdK-R-R%22%2C%22eid%22%3A%22ARCUa2QfC1OGmfBsYbwgRmn_i1budkCa8NNW0I1GCHKuGuJEJX25lChcAMbY2QmgxDuIt-_zsq62h0dz%22%2C%22fref%22%3A%22mentions%22%7D\" data-hovercard-prefer-more-content-show=\"1\">Pellenc<\/a>\u00a0!\u00a0<span class=\"_5mfr\"><span class=\"_6qdm\">\ud83d\ude0d<\/span><\/span><\/p>\n<p>Profitez de toute l&rsquo;innovation PELLENC pour la taille de vos fruitiers.\u00a0<span class=\"_5mfr\"><span class=\"_6qdm\">\ud83d\udcaa<\/span><\/span><\/p>\n<div class=\"text_exposed_show\">\n<p><span class=\"_5mfr\"><span class=\"_6qdm\">\u2705<\/span><\/span> <strong>OFFRE DE REPRISE DE 360\u2009\u20ac TTC<\/strong> sur votre ancien s\u00e9cateur !<br \/>\n<span class=\"_5mfr\"><span class=\"_6qdm\">\u2705 Jusqu&rsquo;\u00e0 <strong>168\u2009\u20ac TTC DE REMISE<\/strong> !<\/span><\/span><br \/>\n<span class=\"_5mfr\"><span class=\"_6qdm\">\u2705<\/span><\/span>\u00a0Perche PRUNION <strong>OFFERTE<\/strong> !<br \/>\n<span class=\"_5mfr\"><span class=\"_6qdm\">\u2705<\/span><\/span>\u00a0<strong>EXTENSION DE GARANTIE<\/strong> 3 ans <strong>GRATUITE<\/strong> !<\/p>\n<p><span class=\"_5mfr\"><span class=\"_6qdm\">\u25b6\ufe0f<\/span><\/span>\u00a0\u00c0 retrouver dans nos agences :\u00a0<a href=\"https:\/\/l.facebook.com\/l.php?u=https%3A%2F%2Fwww.nova-groupe.fr%2Ffr%2Fnos-agences%3Ffbclid%3DIwAR1XxoRUMAhwEIdbeAQgWnRrRDppdgQNqZ7HTVGZnOrFzp7wWmDNvUWYj6k&amp;h=AT2IXOnMH9YpqlSy899ncdDAmnKyPxM0k9KUQviXsjpbpSg62qh26qd2bmmnuRlTxQbRb22BZ8kdHeJwdt--1A_44dTLcBhxHXrOBF8Og9i9YCQwy_dMC3JHNH31HXfJqVRLPZ7ECpmEoQ4xwZPBBuDFxgBicKKCOO2VStUIQmr3TyEhcQ0KE5-XgrAri-s1jdI6vU0kZ2vED0mEP4Lty0p25mSlsDWzAiIHAWFcMpYG2PfKSmiBrmckSg6oEx6A-EHKFf3SP4oB2PqX5dbJWXQ8wbwClq52ESG3rkZJxj10AIFLmPAt-exXlb113vCQepLCqwgQE6NYMruPTfpJXSDR4Fs9myvQAtTVy7PXNlon9dInrS5DKg_ezLNXRPB_NaWP57aRZ60WFx6j-VP9v60LRdOWq7bmpu5C3bSDxfvpxAPZSGvZ2eBuwXmiC9Y9NCvOkhbwDS9mCSStpRBgDlmCg_x8SJON0dIKLcMRdNTD3H3nytrz29oIGseKNKBJLi2tcHv5ONS7P-MCB4H4j3NuuH_NiuejeAoPGayDFvPAG7klMw53DT-9lUrIoe1r9h_OUvQlAL_rHfVQlaiK\" target=\"_blank\" rel=\"noopener nofollow\" data-ft=\"{&quot;tn&quot;:&quot;-U&quot;}\" data-lynx-mode=\"async\">https:\/\/www.nova-groupe.fr\/fr\/nos-agences<\/a><\/p>\n<p><a class=\"_58cn\" href=\"https:\/\/business.facebook.com\/hashtag\/secateur?source=feed_text&amp;epa=HASHTAG&amp;__xts__%5B0%5D=68.ARAaUF6bQi_fXA9qJnwNp13SJN_8UoiHoDJYRqqFh0t61LCAstZkHHPA_Wj4TcxBhzd3Sv5czKyuYrmKFGBmBSyaxmfLqx8EZ-xk7vmXqVv6uO2qLTbBycMLWDrIKWL47NEXxqO-XwmqSUdayg5jZDUF8wx-KsFuhnmdZTQvO4pHQ15IriCKpf-YYdWkT45-00W_crXC8MEQ5LsJF26DCIr5kEVW_rokj4rFj1PY0Y1UgpMuoFYaw4RkIXgC2JkFF1mpUtC4KOVyEMmoafAb6dgVwmQK0pKRQWFXH496UVmkAfPooz8JEg&amp;__tn__=%2ANK-R\" data-ft=\"{&quot;type&quot;:104,&quot;tn&quot;:&quot;*N&quot;}\"><span class=\"_5afx\"><span class=\"_58cl _5afz\" aria-label=\"hashtag\">#<\/span><span class=\"_58cm\">secateur<\/span><\/span><\/a>\u00a0<a class=\"_58cn\" href=\"https:\/\/business.facebook.com\/hashtag\/taillefruitier?source=feed_text&amp;epa=HASHTAG&amp;__xts__%5B0%5D=68.ARAaUF6bQi_fXA9qJnwNp13SJN_8UoiHoDJYRqqFh0t61LCAstZkHHPA_Wj4TcxBhzd3Sv5czKyuYrmKFGBmBSyaxmfLqx8EZ-xk7vmXqVv6uO2qLTbBycMLWDrIKWL47NEXxqO-XwmqSUdayg5jZDUF8wx-KsFuhnmdZTQvO4pHQ15IriCKpf-YYdWkT45-00W_crXC8MEQ5LsJF26DCIr5kEVW_rokj4rFj1PY0Y1UgpMuoFYaw4RkIXgC2JkFF1mpUtC4KOVyEMmoafAb6dgVwmQK0pKRQWFXH496UVmkAfPooz8JEg&amp;__tn__=%2ANK-R\" data-ft=\"{&quot;type&quot;:104,&quot;tn&quot;:&quot;*N&quot;}\"><span class=\"_5afx\"><span class=\"_58cl _5afz\" aria-label=\"hashtag\">#<\/span><span class=\"_58cm\">taillefruitier<\/span><\/span><\/a>\u00a0<a class=\"_58cn\" href=\"https:\/\/business.facebook.com\/hashtag\/tailleverger?source=feed_text&amp;epa=HASHTAG&amp;__xts__%5B0%5D=68.ARAaUF6bQi_fXA9qJnwNp13SJN_8UoiHoDJYRqqFh0t61LCAstZkHHPA_Wj4TcxBhzd3Sv5czKyuYrmKFGBmBSyaxmfLqx8EZ-xk7vmXqVv6uO2qLTbBycMLWDrIKWL47NEXxqO-XwmqSUdayg5jZDUF8wx-KsFuhnmdZTQvO4pHQ15IriCKpf-YYdWkT45-00W_crXC8MEQ5LsJF26DCIr5kEVW_rokj4rFj1PY0Y1UgpMuoFYaw4RkIXgC2JkFF1mpUtC4KOVyEMmoafAb6dgVwmQK0pKRQWFXH496UVmkAfPooz8JEg&amp;__tn__=%2ANK-R\" data-ft=\"{&quot;type&quot;:104,&quot;tn&quot;:&quot;*N&quot;}\"><span class=\"_5afx\"><span class=\"_58cl _5afz\" aria-label=\"hashtag\">#<\/span><span class=\"_58cm\">tailleverger<\/span><\/span><\/a>\u00a0<a class=\"_58cn\" href=\"https:\/\/business.facebook.com\/hashtag\/taillevignes?source=feed_text&amp;epa=HASHTAG&amp;__xts__%5B0%5D=68.ARAaUF6bQi_fXA9qJnwNp13SJN_8UoiHoDJYRqqFh0t61LCAstZkHHPA_Wj4TcxBhzd3Sv5czKyuYrmKFGBmBSyaxmfLqx8EZ-xk7vmXqVv6uO2qLTbBycMLWDrIKWL47NEXxqO-XwmqSUdayg5jZDUF8wx-KsFuhnmdZTQvO4pHQ15IriCKpf-YYdWkT45-00W_crXC8MEQ5LsJF26DCIr5kEVW_rokj4rFj1PY0Y1UgpMuoFYaw4RkIXgC2JkFF1mpUtC4KOVyEMmoafAb6dgVwmQK0pKRQWFXH496UVmkAfPooz8JEg&amp;__tn__=%2ANK-R\" data-ft=\"{&quot;type&quot;:104,&quot;tn&quot;:&quot;*N&quot;}\"><span class=\"_5afx\"><span class=\"_58cl _5afz\" aria-label=\"hashtag\">#<\/span><span class=\"_58cm\">taillevignes<\/span><\/span><\/a>\u00a0<a class=\"_58cn\" href=\"https:\/\/business.facebook.com\/hashtag\/pellenc?source=feed_text&amp;epa=HASHTAG&amp;__xts__%5B0%5D=68.ARAaUF6bQi_fXA9qJnwNp13SJN_8UoiHoDJYRqqFh0t61LCAstZkHHPA_Wj4TcxBhzd3Sv5czKyuYrmKFGBmBSyaxmfLqx8EZ-xk7vmXqVv6uO2qLTbBycMLWDrIKWL47NEXxqO-XwmqSUdayg5jZDUF8wx-KsFuhnmdZTQvO4pHQ15IriCKpf-YYdWkT45-00W_crXC8MEQ5LsJF26DCIr5kEVW_rokj4rFj1PY0Y1UgpMuoFYaw4RkIXgC2JkFF1mpUtC4KOVyEMmoafAb6dgVwmQK0pKRQWFXH496UVmkAfPooz8JEg&amp;__tn__=%2ANK-R\" data-ft=\"{&quot;type&quot;:104,&quot;tn&quot;:&quot;*N&quot;}\"><span class=\"_5afx\"><span class=\"_58cl _5afz\" aria-label=\"hashtag\">#<\/span><span class=\"_58cm\">pellenc<\/span><\/span><\/a>\u00a0<a class=\"_58cn\" href=\"https:\/\/business.facebook.com\/hashtag\/nova?source=feed_text&amp;epa=HASHTAG&amp;__xts__%5B0%5D=68.ARAaUF6bQi_fXA9qJnwNp13SJN_8UoiHoDJYRqqFh0t61LCAstZkHHPA_Wj4TcxBhzd3Sv5czKyuYrmKFGBmBSyaxmfLqx8EZ-xk7vmXqVv6uO2qLTbBycMLWDrIKWL47NEXxqO-XwmqSUdayg5jZDUF8wx-KsFuhnmdZTQvO4pHQ15IriCKpf-YYdWkT45-00W_crXC8MEQ5LsJF26DCIr5kEVW_rokj4rFj1PY0Y1UgpMuoFYaw4RkIXgC2JkFF1mpUtC4KOVyEMmoafAb6dgVwmQK0pKRQWFXH496UVmkAfPooz8JEg&amp;__tn__=%2ANK-R\" data-ft=\"{&quot;type&quot;:104,&quot;tn&quot;:&quot;*N&quot;}\"><span class=\"_5afx\"><span class=\"_58cl _5afz\" aria-label=\"hashtag\">#<\/span><span class=\"_58cm\">nova<\/span><\/span><\/a><\/p>\n<\/div>\n<div dir=\"auto\"><\/div>\n<div dir=\"auto\"><\/div>\n<div dir=\"auto\">\n<hr \/>\n<p>D\u00e9couvrez notre offre de remise jusqu&rsquo;\u00e0 168 \u20ac TTC pour les s\u00e9cateurs VINION et PRUNION.<br \/>\nOffre valable jusqu&rsquo;au 31 mai 2023*.<\/p>\n<\/div>\n<div dir=\"auto\"><img decoding=\"async\" class=\"aligncenter wp-image-26744 size-large\" src=\"https:\/\/www.nova-groupe.fr\/wp-content\/uploads\/2022\/09\/offres-pellenc-septembre-20223-724x1024.jpg\" alt=\"offres pellenc septembre 20223\" width=\"724\" height=\"1024\" \/><\/div>\n<div dir=\"auto\"><\/div>\n<div dir=\"auto\"><\/div>\n<div dir=\"auto\">\n<hr \/>\n<\/div>\n<div dir=\"auto\"><\/div>\n<div dir=\"auto\">B\u00e9n\u00e9ficiez d&rsquo;une perche PRUNION offerte pour tout achat d&rsquo;un s\u00e9cateur PRUNION.<\/div>\n<div dir=\"auto\">Offre valable jusqu&rsquo;au 30 mars 2023*.<\/div>\n<div dir=\"auto\"><img decoding=\"async\" class=\"aligncenter wp-image-26745 size-large\" src=\"https:\/\/www.nova-groupe.fr\/wp-content\/uploads\/2022\/09\/offres-pellenc-septembre-20222-724x1024.jpg\" alt=\"offres pellenc septembre 20222\" width=\"724\" height=\"1024\" \/><\/div>\n<div dir=\"auto\"><\/div>\n<div dir=\"auto\"><\/div>\n<div dir=\"auto\">\n<hr \/>\n<\/div>\n<div dir=\"auto\"><\/div>\n<div dir=\"auto\">\n<p>B\u00e9n\u00e9ficiez gratuitement d\u2019une 3\u00e8me ann\u00e9e de garantie sur les s\u00e9cateurs, attacheurs et batteries <a href=\"https:\/\/www.nova-groupe.fr\/fr\/nos-marques\/espaces-verts\/pellenc\/\">PELLENC<\/a>*.<\/p>\n<\/div>\n<div dir=\"auto\"><img decoding=\"async\" class=\"aligncenter wp-image-26747 size-large\" src=\"https:\/\/www.nova-groupe.fr\/wp-content\/uploads\/2022\/09\/offres-pellenc-septembre-2022-paysage2-1024x724.jpg\" alt=\"offres pellenc septembre 2022 paysage2\" width=\"1024\" height=\"724\" \/><\/div>\n<div dir=\"auto\"><\/div>\n<p>&nbsp;<\/p>\n<p>Rendez-vous dans votre <a href=\"https:\/\/www.nova-groupe.fr\/fr\/nos-agences\/\"><strong>agence Nova<\/strong><\/a> la plus proche pour profiter de ces offres !<\/p>\n<p>Offres disponibles dans toutes vos agences <strong><a href=\"https:\/\/www.nova-groupe.fr\/fr\/nos-agences\/\" target=\"_blank\" rel=\"noopener\">NOVA GROUPE<\/a>.<\/strong><\/p>\n<p>D\u00e9couvrez le s\u00e9cateur <a href=\"https:\/\/www.pellenc.com\/\" target=\"_blank\" rel=\"noopener noreferrer\">Pellenc<\/a> Prunion en vid\u00e9o :<\/p>\n<p><iframe src=\"https:\/\/www.youtube.com\/embed\/DuG7xZG4Ta0\" width=\"560\" height=\"315\" frameborder=\"0\" allowfullscreen=\"allowfullscreen\"><\/iframe><\/p>\n<hr \/>\n<p>D\u00e9couvrez le s\u00e9cateur <a href=\"https:\/\/www.pellenc.com\/\" target=\"_blank\" rel=\"noopener noreferrer\">Pellenc<\/a> Vinion 150 en vid\u00e9o :<br \/>\n<iframe src=\"https:\/\/www.youtube.com\/embed\/RJPfW3x7GqQ\" width=\"560\" height=\"315\" frameborder=\"0\" allowfullscreen=\"allowfullscreen\" data-mce-fragment=\"1\"><\/iframe><\/p>\n<h4>Le r\u00e9seau NOVA<\/h4>\n<p><strong>Le groupe NOVA distributeur de mat\u00e9riel <a href=\"https:\/\/www.nova-groupe.fr\/fr\/nos-marques\/espaces-verts\/pellenc\/\" target=\"_blank\" rel=\"noopener noreferrer\">PELLENC<\/a> vous accompagne dans le choix de votre recherche de <a href=\"https:\/\/pellenc.com\/gct\/produits\/tondeuse-rasion\/\" target=\"_blank\" rel=\"noopener noreferrer\">tondeuses<\/a>, <a href=\"https:\/\/pellenc.com\/gct\/produits\/souffleur-airion-3\/\" target=\"_blank\" rel=\"noopener noreferrer\">souffleurs<\/a>, <a href=\"https:\/\/pellenc.com\/gct\/produits\/balayeuse-cleanion\/\" target=\"_blank\" rel=\"noopener noreferrer\">balayeuses<\/a>, <a href=\"https:\/\/pellenc.com\/gct\/produits\/taille-haies-helion\/\" target=\"_blank\" rel=\"noopener noreferrer\">taille-haies,<\/a> <a href=\"https:\/\/pellenc.com\/gct\/produits\/debroussailleuse-excelion-2000\/\" target=\"_blank\" rel=\"noopener noreferrer\">d\u00e9broussailleuses<\/a>, <a href=\"https:\/\/pellenc.com\/gct\/produits\/bineuse-sarcleuse-cultivion\/\" target=\"_blank\" rel=\"noopener noreferrer\">bineuses<\/a>, <a href=\"https:\/\/pellenc.com\/gct\/produits\/elagueuse-selion-c21-hd\/\" target=\"_blank\" rel=\"noopener noreferrer\">\u00e9lagueuses<\/a>, <a href=\"https:\/\/pellenc.com\/gct\/produits\/secateur-espaces-verts-et-arboricole-prunion\/\" target=\"_blank\" rel=\"noopener noreferrer\">s\u00e9cateurs<\/a> PELLENC sur la r\u00e9gion PACA, et \u00e0 proximit\u00e9 de Marseille, Aix-En-Provence, Avignon, Istres, Martigues, Vitrolles, Marignane, Salon de Provence, Mallemort, Gardanne, Cabri\u00e8s, Allauch, Aubagne, N\u00eemes, Orange, Manosque, Sisteron, S\u00e9nas, Cavaillon, Nice, Monaco, Grasse, Cannes, Fr\u00e9jus, Toulon, Al\u00e8s et Tallard au travers de <a href=\"https:\/\/www.nova-groupe.fr\/fr\/nos-agences\/\" target=\"_blank\" rel=\"noopener noreferrer\">nos agences r\u00e9gionales<\/a> de Saint-Cannat, Arles, Cavaillon, Oraison,\u00a0 Gap, Carpentras, Saint Hilaire De Brethmas, Cogolin, Le Muy et sur les d\u00e9partements 04 alpes de Hautes Provence, 05 Hautes Alpes, 06 Alpes Maritimes, 13 Bouches du Rh\u00f4ne, 26 Dr\u00f4me, 30 Gard , 83 Var et 84 Vaucluse.<\/strong><\/p>\n<p><a href=\"https:\/\/www.nova-groupe.fr\/fr\/nos-agences\" target=\"_blank\" rel=\"noopener noreferrer\"><img decoding=\"async\" class=\"alignnone wp-image-11800 size-large\" src=\"https:\/\/www.nova-groupe.fr\/wp-content\/uploads\/2023\/12\/Nos-agences-NOVA-en-PACA-Votre-Distributeur-en-Materiels-Agricole-BTP-Espaces-Verts-manutention-2024.png\" sizes=\"(max-width: 1024px) 100vw, 1024px\" srcset=\"https:\/\/www.nova-groupe.fr\/wp-content\/uploads\/2023\/12\/Nos-agences-NOVA-en-PACA-Votre-Distributeur-en-Materiels-Agricole-BTP-Espaces-Verts-manutention-2024.png 1024w, https:\/\/www.nova-groupe.fr\/wp-content\/uploads\/2023\/12\/Nos-agences-NOVA-en-PACA-Votre-Distributeur-en-Materiels-Agricole-BTP-Espaces-Verts-manutention-2024-150x150.png 300w, https:\/\/www.nova-groupe.fr\/wp-content\/uploads\/2023\/12\/Nos-agences-NOVA-en-PACA-Votre-Distributeur-en-Materiels-Agricole-BTP-Espaces-Verts-manutention-2024-768x440.png 768w, https:\/\/www.nova-groupe.fr\/wp-content\/uploads\/2023\/12\/Nos-agences-NOVA-en-PACA-Votre-Distributeur-en-Materiels-Agricole-BTP-Espaces-Verts-manutention-2024.png 1191w\" alt=\"carte map liste agences nova\" width=\"1024\" height=\"757\" \/><\/a><\/p>\n<hr \/>\n<div id=\"pg-9082-1\" class=\"panel-grid panel-has-style\" data-style=\"{&quot;padding&quot;:&quot;3% 0% 2% 0%&quot;,&quot;background&quot;:&quot;#f3f2eb&quot;,&quot;background_display&quot;:&quot;tile&quot;,&quot;lsow_dark_bg&quot;:&quot;&quot;,&quot;row_stretch&quot;:&quot;full&quot;}\">\n<div class=\"siteorigin-panels-stretch panel-row-style panel-row-style-for-9082-1\" data-stretch-type=\"full\">\n<div id=\"pgc-9082-1-0\" class=\"panel-grid-cell\" data-weight=\"1\">\n<div id=\"panel-9082-1-0-0\" class=\"so-panel widget widget_sow-post-carousel panel-first-child panel-last-child\" data-index=\"3\" data-style=\"{&quot;background_display&quot;:&quot;tile&quot;}\"><\/div>\n<\/div>\n<\/div>\n<\/div>\n<div id=\"pg-9082-2\" class=\"panel-grid panel-has-style\" data-style=\"{&quot;background_display&quot;:&quot;tile&quot;,&quot;lsow_dark_bg&quot;:&quot;&quot;,&quot;row_stretch&quot;:&quot;full-stretched&quot;,&quot;cell_alignment&quot;:&quot;flex-start&quot;}\">\n<div class=\"siteorigin-panels-stretch panel-row-style panel-row-style-for-9082-2\" data-stretch-type=\"full-stretched\">\n<div id=\"pgc-9082-2-0\" class=\"panel-grid-cell\" data-weight=\"1\">\n<div id=\"panel-9082-2-0-0\" class=\"so-panel widget widget_sow-image panel-first-child panel-last-child\" data-index=\"4\" data-style=\"{&quot;background_display&quot;:&quot;tile&quot;}\"><\/div>\n<\/div>\n<\/div>\n<\/div>\n","protected":false},"excerpt":{"rendered":"<p>OFFRE SP\u00c9CIALE PELLENC : Offre de remise et de reprise de s\u00e9cateurs + extension de garantie. \ud83d\udea8 OFFRE SP\u00c9CIALE S\u00c9CATEURS.\u00a0\ud83c\udf3f Nova vous propose ses OFFRES EXCEPTIONNELLES sur les s\u00e9cateurs\u00a0Pellenc\u00a0!\u00a0\ud83d\ude0d Profitez de toute l&rsquo;innovation PELLENC pour la taille de vos fruitiers.\u00a0\ud83d\udcaa \u2705 OFFRE DE REPRISE DE 360\u2009\u20ac TTC sur votre ancien s\u00e9cateur ! \u2705 Jusqu&rsquo;\u00e0 168\u2009\u20ac [&hellip;]<\/p>\n","protected":false},"author":3,"featured_media":26748,"comment_status":"open","ping_status":"closed","sticky":false,"template":"","format":"image","meta":{"_acf_changed":false,"_et_pb_use_builder":"","_et_pb_old_content":"","_et_gb_content_width":"","om_disable_all_campaigns":false,"_monsterinsights_skip_tracking":false,"_monsterinsights_sitenote_active":false,"_monsterinsights_sitenote_note":"","_monsterinsights_sitenote_category":0,"_uf_show_specific_survey":0,"_uf_disable_surveys":false,"footnotes":""},"categories":[1,1366],"tags":[1094,1228,1096,994,1098,2526,1086,1092,1608,1610],"class_list":["post-26743","post","type-post","status-publish","format-image","has-post-thumbnail","hentry","category-non-classifiee","category-promotions","tag-arbres","tag-extension-garantie","tag-fruitier","tag-nova","tag-olivier","tag-prunion","tag-secateur","tag-taille","tag-vignes","tag-vinion","post_format-post-format-image"],"acf":[],"yoast_head":"<!-- This site is optimized with the Yoast SEO plugin v27.2 - https:\/\/yoast.com\/product\/yoast-seo-wordpress\/ -->\n<title>Offre sp\u00e9ciale s\u00e9cateurs PELLENC<\/title>\n<meta name=\"description\" content=\"D\u00e9couvrez nos offres sp\u00e9ciales s\u00e9cateurs PELLENC. B\u00e9n\u00e9ficiez jusqu&#039;\u00e0 360 \u20ac de remise sur la reprise de vos anciens s\u00e9cateurs.\" \/>\n<meta name=\"robots\" content=\"index, follow, max-snippet:-1, max-image-preview:large, max-video-preview:-1\" \/>\n<link rel=\"canonical\" href=\"https:\/\/www.nova-groupe.fr\/fr\/offre-speciale-secateurs-pellenc\/\" \/>\n<meta property=\"og:locale\" content=\"fr_FR\" \/>\n<meta property=\"og:type\" content=\"article\" \/>\n<meta property=\"og:title\" content=\"Offre sp\u00e9ciale s\u00e9cateurs PELLENC\" \/>\n<meta property=\"og:description\" content=\"D\u00e9couvrez nos offres sp\u00e9ciales s\u00e9cateurs PELLENC. B\u00e9n\u00e9ficiez jusqu&#039;\u00e0 360 \u20ac de remise sur la reprise de vos anciens s\u00e9cateurs.\" \/>\n<meta property=\"og:url\" content=\"https:\/\/www.nova-groupe.fr\/fr\/offre-speciale-secateurs-pellenc\/\" \/>\n<meta property=\"og:site_name\" content=\"Nova-Groupe\" \/>\n<meta property=\"article:publisher\" content=\"https:\/\/www.facebook.com\/Nova-Groupe-170173286757302\/\" \/>\n<meta property=\"article:published_time\" content=\"2022-09-05T15:20:25+00:00\" \/>\n<meta property=\"article:modified_time\" content=\"2022-09-05T15:44:50+00:00\" \/>\n<meta property=\"og:image\" content=\"https:\/\/www.nova-groupe.fr\/wp-content\/uploads\/2022\/09\/offres-pellenc-septembre-2022-paysage-scaled.jpg\" \/>\n\t<meta property=\"og:image:width\" content=\"2560\" \/>\n\t<meta property=\"og:image:height\" content=\"1810\" \/>\n\t<meta property=\"og:image:type\" content=\"image\/jpeg\" \/>\n<meta name=\"author\" content=\"Camille Zammit\" \/>\n<meta name=\"twitter:card\" content=\"summary_large_image\" \/>\n<meta name=\"twitter:label1\" content=\"\u00c9crit par\" \/>\n\t<meta name=\"twitter:data1\" content=\"Camille Zammit\" \/>\n\t<meta name=\"twitter:label2\" content=\"Dur\u00e9e de lecture estim\u00e9e\" \/>\n\t<meta name=\"twitter:data2\" content=\"3 minutes\" \/>\n<script type=\"application\/ld+json\" class=\"yoast-schema-graph\">{\"@context\":\"https:\/\/schema.org\",\"@graph\":[{\"@type\":\"Article\",\"@id\":\"https:\/\/www.nova-groupe.fr\/fr\/offre-speciale-secateurs-pellenc\/#article\",\"isPartOf\":{\"@id\":\"https:\/\/www.nova-groupe.fr\/fr\/offre-speciale-secateurs-pellenc\/\"},\"author\":{\"name\":\"Camille Zammit\",\"@id\":\"https:\/\/www.nova-groupe.fr\/fr\/#\/schema\/person\/914fc2542c7631658cdf6631980b00e6\"},\"headline\":\"OFFRE SP\u00c9CIALE S\u00c9CATEURS PELLENC\",\"datePublished\":\"2022-09-05T15:20:25+00:00\",\"dateModified\":\"2022-09-05T15:44:50+00:00\",\"mainEntityOfPage\":{\"@id\":\"https:\/\/www.nova-groupe.fr\/fr\/offre-speciale-secateurs-pellenc\/\"},\"wordCount\":309,\"commentCount\":0,\"image\":{\"@id\":\"https:\/\/www.nova-groupe.fr\/fr\/offre-speciale-secateurs-pellenc\/#primaryimage\"},\"thumbnailUrl\":\"https:\/\/www.nova-groupe.fr\/wp-content\/uploads\/2022\/09\/offres-pellenc-septembre-2022-paysage-scaled.jpg\",\"keywords\":[\"arbres\",\"extension garantie\",\"fruitier\",\"nova\",\"olivier\",\"prunion\",\"secateur\",\"taille\",\"vignes\",\"vinion\"],\"articleSection\":[\"Non classifi\u00e9(e)\",\"PROMOTIONS\"],\"inLanguage\":\"fr-FR\",\"potentialAction\":[{\"@type\":\"CommentAction\",\"name\":\"Comment\",\"target\":[\"https:\/\/www.nova-groupe.fr\/fr\/offre-speciale-secateurs-pellenc\/#respond\"]}]},{\"@type\":\"WebPage\",\"@id\":\"https:\/\/www.nova-groupe.fr\/fr\/offre-speciale-secateurs-pellenc\/\",\"url\":\"https:\/\/www.nova-groupe.fr\/fr\/offre-speciale-secateurs-pellenc\/\",\"name\":\"Offre sp\u00e9ciale s\u00e9cateurs PELLENC\",\"isPartOf\":{\"@id\":\"https:\/\/www.nova-groupe.fr\/fr\/#website\"},\"primaryImageOfPage\":{\"@id\":\"https:\/\/www.nova-groupe.fr\/fr\/offre-speciale-secateurs-pellenc\/#primaryimage\"},\"image\":{\"@id\":\"https:\/\/www.nova-groupe.fr\/fr\/offre-speciale-secateurs-pellenc\/#primaryimage\"},\"thumbnailUrl\":\"https:\/\/www.nova-groupe.fr\/wp-content\/uploads\/2022\/09\/offres-pellenc-septembre-2022-paysage-scaled.jpg\",\"datePublished\":\"2022-09-05T15:20:25+00:00\",\"dateModified\":\"2022-09-05T15:44:50+00:00\",\"author\":{\"@id\":\"https:\/\/www.nova-groupe.fr\/fr\/#\/schema\/person\/914fc2542c7631658cdf6631980b00e6\"},\"description\":\"D\u00e9couvrez nos offres sp\u00e9ciales s\u00e9cateurs PELLENC. B\u00e9n\u00e9ficiez jusqu'\u00e0 360 \u20ac de remise sur la reprise de vos anciens s\u00e9cateurs.\",\"breadcrumb\":{\"@id\":\"https:\/\/www.nova-groupe.fr\/fr\/offre-speciale-secateurs-pellenc\/#breadcrumb\"},\"inLanguage\":\"fr-FR\",\"potentialAction\":[{\"@type\":\"ReadAction\",\"target\":[\"https:\/\/www.nova-groupe.fr\/fr\/offre-speciale-secateurs-pellenc\/\"]}]},{\"@type\":\"ImageObject\",\"inLanguage\":\"fr-FR\",\"@id\":\"https:\/\/www.nova-groupe.fr\/fr\/offre-speciale-secateurs-pellenc\/#primaryimage\",\"url\":\"https:\/\/www.nova-groupe.fr\/wp-content\/uploads\/2022\/09\/offres-pellenc-septembre-2022-paysage-scaled.jpg\",\"contentUrl\":\"https:\/\/www.nova-groupe.fr\/wp-content\/uploads\/2022\/09\/offres-pellenc-septembre-2022-paysage-scaled.jpg\",\"width\":2560,\"height\":1810,\"caption\":\"offres pellenc septembre 2022 paysageoffres pellenc septembre 2022 paysage\"},{\"@type\":\"BreadcrumbList\",\"@id\":\"https:\/\/www.nova-groupe.fr\/fr\/offre-speciale-secateurs-pellenc\/#breadcrumb\",\"itemListElement\":[{\"@type\":\"ListItem\",\"position\":1,\"name\":\"Accueil\",\"item\":\"https:\/\/www.nova-groupe.fr\/fr\/\"},{\"@type\":\"ListItem\",\"position\":2,\"name\":\"OFFRE SP\u00c9CIALE S\u00c9CATEURS PELLENC\"}]},{\"@type\":\"WebSite\",\"@id\":\"https:\/\/www.nova-groupe.fr\/fr\/#website\",\"url\":\"https:\/\/www.nova-groupe.fr\/fr\/\",\"name\":\"Nova-Groupe\",\"description\":\"Vente et location de mat\u00e9riel agricole, BTP, espaces verts et environnement\",\"potentialAction\":[{\"@type\":\"SearchAction\",\"target\":{\"@type\":\"EntryPoint\",\"urlTemplate\":\"https:\/\/www.nova-groupe.fr\/fr\/?s={search_term_string}\"},\"query-input\":{\"@type\":\"PropertyValueSpecification\",\"valueRequired\":true,\"valueName\":\"search_term_string\"}}],\"inLanguage\":\"fr-FR\"},{\"@type\":\"Person\",\"@id\":\"https:\/\/www.nova-groupe.fr\/fr\/#\/schema\/person\/914fc2542c7631658cdf6631980b00e6\",\"name\":\"Camille Zammit\",\"image\":{\"@type\":\"ImageObject\",\"inLanguage\":\"fr-FR\",\"@id\":\"https:\/\/secure.gravatar.com\/avatar\/0aa14d93c1a779e5d4dc40013b1fad108020ae901341f326debe748d1ec71daf?s=96&d=mm&r=g\",\"url\":\"https:\/\/secure.gravatar.com\/avatar\/0aa14d93c1a779e5d4dc40013b1fad108020ae901341f326debe748d1ec71daf?s=96&d=mm&r=g\",\"contentUrl\":\"https:\/\/secure.gravatar.com\/avatar\/0aa14d93c1a779e5d4dc40013b1fad108020ae901341f326debe748d1ec71daf?s=96&d=mm&r=g\",\"caption\":\"Camille Zammit\"}}]}<\/script>\n<!-- \/ Yoast SEO plugin. -->","yoast_head_json":{"title":"Offre sp\u00e9ciale s\u00e9cateurs PELLENC","description":"D\u00e9couvrez nos offres sp\u00e9ciales s\u00e9cateurs PELLENC. B\u00e9n\u00e9ficiez jusqu'\u00e0 360 \u20ac de remise sur la reprise de vos anciens s\u00e9cateurs.","robots":{"index":"index","follow":"follow","max-snippet":"max-snippet:-1","max-image-preview":"max-image-preview:large","max-video-preview":"max-video-preview:-1"},"canonical":"https:\/\/www.nova-groupe.fr\/fr\/offre-speciale-secateurs-pellenc\/","og_locale":"fr_FR","og_type":"article","og_title":"Offre sp\u00e9ciale s\u00e9cateurs PELLENC","og_description":"D\u00e9couvrez nos offres sp\u00e9ciales s\u00e9cateurs PELLENC. B\u00e9n\u00e9ficiez jusqu'\u00e0 360 \u20ac de remise sur la reprise de vos anciens s\u00e9cateurs.","og_url":"https:\/\/www.nova-groupe.fr\/fr\/offre-speciale-secateurs-pellenc\/","og_site_name":"Nova-Groupe","article_publisher":"https:\/\/www.facebook.com\/Nova-Groupe-170173286757302\/","article_published_time":"2022-09-05T15:20:25+00:00","article_modified_time":"2022-09-05T15:44:50+00:00","og_image":[{"width":2560,"height":1810,"url":"https:\/\/www.nova-groupe.fr\/wp-content\/uploads\/2022\/09\/offres-pellenc-septembre-2022-paysage-scaled.jpg","type":"image\/jpeg"}],"author":"Camille Zammit","twitter_card":"summary_large_image","twitter_misc":{"\u00c9crit par":"Camille Zammit","Dur\u00e9e de lecture estim\u00e9e":"3 minutes"},"schema":{"@context":"https:\/\/schema.org","@graph":[{"@type":"Article","@id":"https:\/\/www.nova-groupe.fr\/fr\/offre-speciale-secateurs-pellenc\/#article","isPartOf":{"@id":"https:\/\/www.nova-groupe.fr\/fr\/offre-speciale-secateurs-pellenc\/"},"author":{"name":"Camille Zammit","@id":"https:\/\/www.nova-groupe.fr\/fr\/#\/schema\/person\/914fc2542c7631658cdf6631980b00e6"},"headline":"OFFRE SP\u00c9CIALE S\u00c9CATEURS PELLENC","datePublished":"2022-09-05T15:20:25+00:00","dateModified":"2022-09-05T15:44:50+00:00","mainEntityOfPage":{"@id":"https:\/\/www.nova-groupe.fr\/fr\/offre-speciale-secateurs-pellenc\/"},"wordCount":309,"commentCount":0,"image":{"@id":"https:\/\/www.nova-groupe.fr\/fr\/offre-speciale-secateurs-pellenc\/#primaryimage"},"thumbnailUrl":"https:\/\/www.nova-groupe.fr\/wp-content\/uploads\/2022\/09\/offres-pellenc-septembre-2022-paysage-scaled.jpg","keywords":["arbres","extension garantie","fruitier","nova","olivier","prunion","secateur","taille","vignes","vinion"],"articleSection":["Non classifi\u00e9(e)","PROMOTIONS"],"inLanguage":"fr-FR","potentialAction":[{"@type":"CommentAction","name":"Comment","target":["https:\/\/www.nova-groupe.fr\/fr\/offre-speciale-secateurs-pellenc\/#respond"]}]},{"@type":"WebPage","@id":"https:\/\/www.nova-groupe.fr\/fr\/offre-speciale-secateurs-pellenc\/","url":"https:\/\/www.nova-groupe.fr\/fr\/offre-speciale-secateurs-pellenc\/","name":"Offre sp\u00e9ciale s\u00e9cateurs PELLENC","isPartOf":{"@id":"https:\/\/www.nova-groupe.fr\/fr\/#website"},"primaryImageOfPage":{"@id":"https:\/\/www.nova-groupe.fr\/fr\/offre-speciale-secateurs-pellenc\/#primaryimage"},"image":{"@id":"https:\/\/www.nova-groupe.fr\/fr\/offre-speciale-secateurs-pellenc\/#primaryimage"},"thumbnailUrl":"https:\/\/www.nova-groupe.fr\/wp-content\/uploads\/2022\/09\/offres-pellenc-septembre-2022-paysage-scaled.jpg","datePublished":"2022-09-05T15:20:25+00:00","dateModified":"2022-09-05T15:44:50+00:00","author":{"@id":"https:\/\/www.nova-groupe.fr\/fr\/#\/schema\/person\/914fc2542c7631658cdf6631980b00e6"},"description":"D\u00e9couvrez nos offres sp\u00e9ciales s\u00e9cateurs PELLENC. B\u00e9n\u00e9ficiez jusqu'\u00e0 360 \u20ac de remise sur la reprise de vos anciens s\u00e9cateurs.","breadcrumb":{"@id":"https:\/\/www.nova-groupe.fr\/fr\/offre-speciale-secateurs-pellenc\/#breadcrumb"},"inLanguage":"fr-FR","potentialAction":[{"@type":"ReadAction","target":["https:\/\/www.nova-groupe.fr\/fr\/offre-speciale-secateurs-pellenc\/"]}]},{"@type":"ImageObject","inLanguage":"fr-FR","@id":"https:\/\/www.nova-groupe.fr\/fr\/offre-speciale-secateurs-pellenc\/#primaryimage","url":"https:\/\/www.nova-groupe.fr\/wp-content\/uploads\/2022\/09\/offres-pellenc-septembre-2022-paysage-scaled.jpg","contentUrl":"https:\/\/www.nova-groupe.fr\/wp-content\/uploads\/2022\/09\/offres-pellenc-septembre-2022-paysage-scaled.jpg","width":2560,"height":1810,"caption":"offres pellenc septembre 2022 paysageoffres pellenc septembre 2022 paysage"},{"@type":"BreadcrumbList","@id":"https:\/\/www.nova-groupe.fr\/fr\/offre-speciale-secateurs-pellenc\/#breadcrumb","itemListElement":[{"@type":"ListItem","position":1,"name":"Accueil","item":"https:\/\/www.nova-groupe.fr\/fr\/"},{"@type":"ListItem","position":2,"name":"OFFRE SP\u00c9CIALE S\u00c9CATEURS PELLENC"}]},{"@type":"WebSite","@id":"https:\/\/www.nova-groupe.fr\/fr\/#website","url":"https:\/\/www.nova-groupe.fr\/fr\/","name":"Nova-Groupe","description":"Vente et location de mat\u00e9riel agricole, BTP, espaces verts et environnement","potentialAction":[{"@type":"SearchAction","target":{"@type":"EntryPoint","urlTemplate":"https:\/\/www.nova-groupe.fr\/fr\/?s={search_term_string}"},"query-input":{"@type":"PropertyValueSpecification","valueRequired":true,"valueName":"search_term_string"}}],"inLanguage":"fr-FR"},{"@type":"Person","@id":"https:\/\/www.nova-groupe.fr\/fr\/#\/schema\/person\/914fc2542c7631658cdf6631980b00e6","name":"Camille Zammit","image":{"@type":"ImageObject","inLanguage":"fr-FR","@id":"https:\/\/secure.gravatar.com\/avatar\/0aa14d93c1a779e5d4dc40013b1fad108020ae901341f326debe748d1ec71daf?s=96&d=mm&r=g","url":"https:\/\/secure.gravatar.com\/avatar\/0aa14d93c1a779e5d4dc40013b1fad108020ae901341f326debe748d1ec71daf?s=96&d=mm&r=g","contentUrl":"https:\/\/secure.gravatar.com\/avatar\/0aa14d93c1a779e5d4dc40013b1fad108020ae901341f326debe748d1ec71daf?s=96&d=mm&r=g","caption":"Camille Zammit"}}]}},"_links":{"self":[{"href":"https:\/\/www.nova-groupe.fr\/fr\/wp-json\/wp\/v2\/posts\/26743","targetHints":{"allow":["GET"]}}],"collection":[{"href":"https:\/\/www.nova-groupe.fr\/fr\/wp-json\/wp\/v2\/posts"}],"about":[{"href":"https:\/\/www.nova-groupe.fr\/fr\/wp-json\/wp\/v2\/types\/post"}],"author":[{"embeddable":true,"href":"https:\/\/www.nova-groupe.fr\/fr\/wp-json\/wp\/v2\/users\/3"}],"replies":[{"embeddable":true,"href":"https:\/\/www.nova-groupe.fr\/fr\/wp-json\/wp\/v2\/comments?post=26743"}],"version-history":[{"count":10,"href":"https:\/\/www.nova-groupe.fr\/fr\/wp-json\/wp\/v2\/posts\/26743\/revisions"}],"predecessor-version":[{"id":26759,"href":"https:\/\/www.nova-groupe.fr\/fr\/wp-json\/wp\/v2\/posts\/26743\/revisions\/26759"}],"wp:featuredmedia":[{"embeddable":true,"href":"https:\/\/www.nova-groupe.fr\/fr\/wp-json\/wp\/v2\/media\/26748"}],"wp:attachment":[{"href":"https:\/\/www.nova-groupe.fr\/fr\/wp-json\/wp\/v2\/media?parent=26743"}],"wp:term":[{"taxonomy":"category","embeddable":true,"href":"https:\/\/www.nova-groupe.fr\/fr\/wp-json\/wp\/v2\/categories?post=26743"},{"taxonomy":"post_tag","embeddable":true,"href":"https:\/\/www.nova-groupe.fr\/fr\/wp-json\/wp\/v2\/tags?post=26743"}],"curies":[{"name":"wp","href":"https:\/\/api.w.org\/{rel}","templated":true}]}}