{"id":26799,"date":"2022-10-03T15:36:07","date_gmt":"2022-10-03T13:36:07","guid":{"rendered":"https:\/\/www.nova-groupe.fr\/?p=26799"},"modified":"2022-09-27T15:40:34","modified_gmt":"2022-09-27T13:40:34","slug":"retrouvez-nos-equipes-au-salon-medagri-du-18-au-20-octobre-2022","status":"publish","type":"post","link":"https:\/\/www.nova-groupe.fr\/fr\/retrouvez-nos-equipes-au-salon-medagri-du-18-au-20-octobre-2022\/","title":{"rendered":"Retrouvez nos \u00e9quipes au salon MEDAGRI du 18 au 20 octobre 2022"},"content":{"rendered":"<div data-contents=\"true\">\n<div data-offset-key=\"9cvvg-0-0\"><span id=\"jsc_c_1t\"><\/span>\u25b6\ufe0f Retrouvez nos \u00e9quipes du 18 au 20 octobre au salon <a class=\"vk-MessageMention sc-dBwgSS gxvHXO\" href=\"https:\/\/www.facebook.com\/299787187190798\" target=\"_blank\" rel=\"noopener\">Medagri<\/a> au <a class=\"vk-MessageMention sc-dBwgSS gxvHXO\" href=\"https:\/\/www.facebook.com\/1855399204709182\" target=\"_blank\" rel=\"noopener\">Parc des Expositions d&rsquo;Avignon<\/a>.<\/div>\n<div data-offset-key=\"9cvvg-0-0\">Stand ext\u00e9rieur N\u00b09 \ud83d\udccd<\/div>\n<div data-offset-key=\"9cvvg-0-0\">En partenariat avec <a class=\"vk-MessageMention sc-dBwgSS gxvHXO\" href=\"https:\/\/www.facebook.com\/161544070648289\" target=\"_blank\" rel=\"noopener\">Na\u00efo Technologies<\/a><\/div>\n<div data-offset-key=\"9cvvg-0-0\">Med&rsquo;Agri, Le salon PRO de l&rsquo;agriculture m\u00e9diterran\u00e9enne. \ud83d\ude9c<\/div>\n<div data-offset-key=\"9cvvg-0-0\">\u2139\ufe0f T\u00e9l\u00e9chargez gratuitement votre badge en ligne sur : <a class=\"vk-MessageLink sc-bFguIX duBulY\" href=\"http:\/\/expo.med-agri.fr\/badge-demande.php\" target=\"_blank\" rel=\"noopener\">http:\/\/expo.med-agri.fr\/badge-demande.php<\/a><\/div>\n<div data-offset-key=\"9cvvg-0-0\"><\/div>\n<div data-offset-key=\"9cvvg-0-0\">\n<p><a class=\"vk-MessageHashtag sc-eRlKIh ipcou\" href=\"https:\/\/www.facebook.com\/hashtag\/MedAgri\" target=\"_blank\" rel=\"noopener\">#MedAgri<\/a> <a class=\"vk-MessageHashtag sc-eRlKIh ipcou\" href=\"https:\/\/www.facebook.com\/hashtag\/Avignon\" target=\"_blank\" rel=\"noopener\">#Avignon<\/a> <a class=\"vk-MessageHashtag sc-eRlKIh ipcou\" href=\"https:\/\/www.facebook.com\/hashtag\/Professionnel\" target=\"_blank\" rel=\"noopener\">#Professionnel<\/a> <a class=\"vk-MessageHashtag sc-eRlKIh ipcou\" href=\"https:\/\/www.facebook.com\/hashtag\/Agriculture\" target=\"_blank\" rel=\"noopener\">#Agriculture<\/a> <a class=\"vk-MessageHashtag sc-eRlKIh ipcou\" href=\"https:\/\/www.facebook.com\/hashtag\/Naio\" target=\"_blank\" rel=\"noopener\">#Naio<\/a> <a class=\"vk-MessageHashtag sc-eRlKIh ipcou\" href=\"https:\/\/www.facebook.com\/hashtag\/Nova\" target=\"_blank\" rel=\"noopener\">#Nova<\/a><\/p>\n<div id=\"jsc_c_1u\" class=\"d2hqwtrz r227ecj6 ez8dtbzv gt60zsk1\" data-ad-comet-preview=\"message\" data-ad-preview=\"message\">\n<div class=\"alzwoclg cqf1kptm siwo0mpr gu5uzgus\">\n<div class=\"jroqu855 nthtkgg5\">\n<div class=\"l7ghb35v kjdc1dyq kmwttqpk gh25dzvf jikcssrz n3t5jt4f\">\n<div dir=\"auto\"><\/div>\n<\/div>\n<\/div>\n<\/div>\n<\/div>\n<\/div>\n<\/div>\n<hr \/>\n<h4>Le r\u00e9seau NOVA<\/h4>\n<p><strong>Le groupe NOVA distributeur de mat\u00e9riel Agricole vous accompagne dans le choix de votre recherche de mat\u00e9riels sur la r\u00e9gion PACA, et \u00e0 proximit\u00e9 de Marseille, Aix-En-Provence, Avignon, Istres, Martigues, Vitrolles, Marignane, Salon de Provence, Mallemort, Gardanne, Cabri\u00e8s, Allauch, Aubagne, N\u00eemes, Orange, Manosque, Sisteron, S\u00e9nas, Cavaillon, Nice, Monaco, Grasse, Cannes, Fr\u00e9jus, Toulon, Al\u00e8s et Tallard au travers de <a href=\"https:\/\/www.nova-groupe.fr\/fr\/nos-agences\/\" target=\"_blank\" rel=\"noopener noreferrer\">nos agences r\u00e9gionales<\/a> de Saint-Cannat, Arles, Oraison,\u00a0 Gap, Carpentras, Pierrelatte, Saint Andr\u00e9 de Sangonis, Saint Hilaire De Brethmas, Cogolin, Le Muy et sur les d\u00e9partements 04 alpes de Hautes Provence, 05 Hautes Alpes, 06 Alpes Maritimes, 13 Bouches du Rh\u00f4ne, 26 Dr\u00f4me, 30 Gard , 83 Var et 84 Vaucluse.<\/strong><\/p>\n<p><a href=\"https:\/\/www.nova-groupe.fr\/fr\/nos-agences\" target=\"_blank\" rel=\"noopener noreferrer\"><img decoding=\"async\" class=\"alignnone wp-image-11800 size-large\" src=\"https:\/\/www.nova-groupe.fr\/wp-content\/uploads\/2023\/12\/Nos-agences-NOVA-en-PACA-Votre-Distributeur-en-Materiels-Agricole-BTP-Espaces-Verts-manutention-2024.png\" sizes=\"(max-width: 1024px) 100vw, 1024px\" srcset=\"https:\/\/www.nova-groupe.fr\/wp-content\/uploads\/2023\/12\/Nos-agences-NOVA-en-PACA-Votre-Distributeur-en-Materiels-Agricole-BTP-Espaces-Verts-manutention-2024.png 1024w, https:\/\/www.nova-groupe.fr\/wp-content\/uploads\/2023\/12\/Nos-agences-NOVA-en-PACA-Votre-Distributeur-en-Materiels-Agricole-BTP-Espaces-Verts-manutention-2024-150x150.png 300w, https:\/\/www.nova-groupe.fr\/wp-content\/uploads\/2023\/12\/Nos-agences-NOVA-en-PACA-Votre-Distributeur-en-Materiels-Agricole-BTP-Espaces-Verts-manutention-2024-768x440.png 768w, https:\/\/www.nova-groupe.fr\/wp-content\/uploads\/2023\/12\/Nos-agences-NOVA-en-PACA-Votre-Distributeur-en-Materiels-Agricole-BTP-Espaces-Verts-manutention-2024.png 1191w\" alt=\"carte map liste agences nova\" width=\"1024\" height=\"757\" \/><\/a><\/p>\n<hr \/>\n<div id=\"pg-9082-1\" class=\"panel-grid panel-has-style\" data-style=\"{&quot;padding&quot;:&quot;3% 0% 2% 0%&quot;,&quot;background&quot;:&quot;#f3f2eb&quot;,&quot;background_display&quot;:&quot;tile&quot;,&quot;lsow_dark_bg&quot;:&quot;&quot;,&quot;row_stretch&quot;:&quot;full&quot;}\">\n<div class=\"siteorigin-panels-stretch panel-row-style panel-row-style-for-9082-1\" data-stretch-type=\"full\">\n<div id=\"pgc-9082-1-0\" class=\"panel-grid-cell\" data-weight=\"1\">\n<div id=\"panel-9082-1-0-0\" class=\"so-panel widget widget_sow-post-carousel panel-first-child panel-last-child\" data-index=\"3\" data-style=\"{&quot;background_display&quot;:&quot;tile&quot;}\"><\/div>\n<\/div>\n<\/div>\n<\/div>\n<div id=\"pg-9082-2\" class=\"panel-grid panel-has-style\" data-style=\"{&quot;background_display&quot;:&quot;tile&quot;,&quot;lsow_dark_bg&quot;:&quot;&quot;,&quot;row_stretch&quot;:&quot;full-stretched&quot;,&quot;cell_alignment&quot;:&quot;flex-start&quot;}\">\n<div class=\"siteorigin-panels-stretch panel-row-style panel-row-style-for-9082-2\" data-stretch-type=\"full-stretched\">\n<div id=\"pgc-9082-2-0\" class=\"panel-grid-cell\" data-weight=\"1\">\n<div id=\"panel-9082-2-0-0\" class=\"so-panel widget widget_sow-image panel-first-child panel-last-child\" data-index=\"4\" data-style=\"{&quot;background_display&quot;:&quot;tile&quot;}\"><\/div>\n<\/div>\n<\/div>\n<\/div>\n","protected":false},"excerpt":{"rendered":"<p>\u25b6\ufe0f Retrouvez nos \u00e9quipes du 18 au 20 octobre au salon Medagri au Parc des Expositions d&rsquo;Avignon. Stand ext\u00e9rieur N\u00b09 \ud83d\udccd En partenariat avec Na\u00efo Technologies Med&rsquo;Agri, Le salon PRO de l&rsquo;agriculture m\u00e9diterran\u00e9enne. \ud83d\ude9c \u2139\ufe0f T\u00e9l\u00e9chargez gratuitement votre badge en ligne sur : http:\/\/expo.med-agri.fr\/badge-demande.php #MedAgri #Avignon #Professionnel #Agriculture #Naio #Nova Le r\u00e9seau NOVA Le groupe [&hellip;]<\/p>\n","protected":false},"author":3,"featured_media":26800,"comment_status":"open","ping_status":"closed","sticky":false,"template":"","format":"image","meta":{"_acf_changed":false,"_et_pb_use_builder":"","_et_pb_old_content":"","_et_gb_content_width":"","om_disable_all_campaigns":false,"_monsterinsights_skip_tracking":false,"_monsterinsights_sitenote_active":false,"_monsterinsights_sitenote_note":"","_monsterinsights_sitenote_category":0,"_uf_show_specific_survey":0,"_uf_disable_surveys":false,"footnotes":""},"categories":[1],"tags":[2506],"class_list":["post-26799","post","type-post","status-publish","format-image","has-post-thumbnail","hentry","category-non-classifiee","tag-medagri","post_format-post-format-image"],"acf":[],"yoast_head":"<!-- This site is optimized with the Yoast SEO plugin v27.2 - https:\/\/yoast.com\/product\/yoast-seo-wordpress\/ -->\n<title>Retrouvez nos \u00e9quipes au salon MEDAGRI 2022<\/title>\n<meta name=\"description\" content=\"Retrouvez nos \u00e9quipes au salon MEDAGRI du 18 au 20 octobre 2022 stand N\u00b09 en collaboration avec NAIO TECHNOLOGIES.\" \/>\n<meta name=\"robots\" content=\"index, follow, max-snippet:-1, max-image-preview:large, max-video-preview:-1\" \/>\n<link rel=\"canonical\" href=\"https:\/\/www.nova-groupe.fr\/fr\/retrouvez-nos-equipes-au-salon-medagri-du-18-au-20-octobre-2022\/\" \/>\n<meta property=\"og:locale\" content=\"fr_FR\" \/>\n<meta property=\"og:type\" content=\"article\" \/>\n<meta property=\"og:title\" content=\"Retrouvez nos \u00e9quipes au salon MEDAGRI 2022\" \/>\n<meta property=\"og:description\" content=\"Retrouvez nos \u00e9quipes au salon MEDAGRI du 18 au 20 octobre 2022 stand N\u00b09 en collaboration avec NAIO TECHNOLOGIES.\" \/>\n<meta property=\"og:url\" content=\"https:\/\/www.nova-groupe.fr\/fr\/retrouvez-nos-equipes-au-salon-medagri-du-18-au-20-octobre-2022\/\" \/>\n<meta property=\"og:site_name\" content=\"Nova-Groupe\" \/>\n<meta property=\"article:publisher\" content=\"https:\/\/www.facebook.com\/Nova-Groupe-170173286757302\/\" \/>\n<meta property=\"article:published_time\" content=\"2022-10-03T13:36:07+00:00\" \/>\n<meta property=\"og:image\" content=\"https:\/\/www.nova-groupe.fr\/wp-content\/uploads\/2022\/09\/Publication-600x600px.jpg\" \/>\n\t<meta property=\"og:image:width\" content=\"2475\" \/>\n\t<meta property=\"og:image:height\" content=\"2475\" \/>\n\t<meta property=\"og:image:type\" content=\"image\/jpeg\" \/>\n<meta name=\"author\" content=\"Camille Zammit\" \/>\n<meta name=\"twitter:card\" content=\"summary_large_image\" \/>\n<meta name=\"twitter:label1\" content=\"\u00c9crit par\" \/>\n\t<meta name=\"twitter:data1\" content=\"Camille Zammit\" \/>\n\t<meta name=\"twitter:label2\" content=\"Dur\u00e9e de lecture estim\u00e9e\" \/>\n\t<meta name=\"twitter:data2\" content=\"2 minutes\" \/>\n<script type=\"application\/ld+json\" class=\"yoast-schema-graph\">{\"@context\":\"https:\/\/schema.org\",\"@graph\":[{\"@type\":\"Article\",\"@id\":\"https:\/\/www.nova-groupe.fr\/fr\/retrouvez-nos-equipes-au-salon-medagri-du-18-au-20-octobre-2022\/#article\",\"isPartOf\":{\"@id\":\"https:\/\/www.nova-groupe.fr\/fr\/retrouvez-nos-equipes-au-salon-medagri-du-18-au-20-octobre-2022\/\"},\"author\":{\"name\":\"Camille Zammit\",\"@id\":\"https:\/\/www.nova-groupe.fr\/fr\/#\/schema\/person\/914fc2542c7631658cdf6631980b00e6\"},\"headline\":\"Retrouvez nos \u00e9quipes au salon MEDAGRI du 18 au 20 octobre 2022\",\"datePublished\":\"2022-10-03T13:36:07+00:00\",\"mainEntityOfPage\":{\"@id\":\"https:\/\/www.nova-groupe.fr\/fr\/retrouvez-nos-equipes-au-salon-medagri-du-18-au-20-octobre-2022\/\"},\"wordCount\":180,\"commentCount\":0,\"image\":{\"@id\":\"https:\/\/www.nova-groupe.fr\/fr\/retrouvez-nos-equipes-au-salon-medagri-du-18-au-20-octobre-2022\/#primaryimage\"},\"thumbnailUrl\":\"https:\/\/www.nova-groupe.fr\/wp-content\/uploads\/2022\/09\/Publication-600x600px.jpg\",\"keywords\":[\"medagri\"],\"articleSection\":[\"Non classifi\u00e9(e)\"],\"inLanguage\":\"fr-FR\",\"potentialAction\":[{\"@type\":\"CommentAction\",\"name\":\"Comment\",\"target\":[\"https:\/\/www.nova-groupe.fr\/fr\/retrouvez-nos-equipes-au-salon-medagri-du-18-au-20-octobre-2022\/#respond\"]}]},{\"@type\":\"WebPage\",\"@id\":\"https:\/\/www.nova-groupe.fr\/fr\/retrouvez-nos-equipes-au-salon-medagri-du-18-au-20-octobre-2022\/\",\"url\":\"https:\/\/www.nova-groupe.fr\/fr\/retrouvez-nos-equipes-au-salon-medagri-du-18-au-20-octobre-2022\/\",\"name\":\"Retrouvez nos \u00e9quipes au salon MEDAGRI 2022\",\"isPartOf\":{\"@id\":\"https:\/\/www.nova-groupe.fr\/fr\/#website\"},\"primaryImageOfPage\":{\"@id\":\"https:\/\/www.nova-groupe.fr\/fr\/retrouvez-nos-equipes-au-salon-medagri-du-18-au-20-octobre-2022\/#primaryimage\"},\"image\":{\"@id\":\"https:\/\/www.nova-groupe.fr\/fr\/retrouvez-nos-equipes-au-salon-medagri-du-18-au-20-octobre-2022\/#primaryimage\"},\"thumbnailUrl\":\"https:\/\/www.nova-groupe.fr\/wp-content\/uploads\/2022\/09\/Publication-600x600px.jpg\",\"datePublished\":\"2022-10-03T13:36:07+00:00\",\"author\":{\"@id\":\"https:\/\/www.nova-groupe.fr\/fr\/#\/schema\/person\/914fc2542c7631658cdf6631980b00e6\"},\"description\":\"Retrouvez nos \u00e9quipes au salon MEDAGRI du 18 au 20 octobre 2022 stand N\u00b09 en collaboration avec NAIO TECHNOLOGIES.\",\"breadcrumb\":{\"@id\":\"https:\/\/www.nova-groupe.fr\/fr\/retrouvez-nos-equipes-au-salon-medagri-du-18-au-20-octobre-2022\/#breadcrumb\"},\"inLanguage\":\"fr-FR\",\"potentialAction\":[{\"@type\":\"ReadAction\",\"target\":[\"https:\/\/www.nova-groupe.fr\/fr\/retrouvez-nos-equipes-au-salon-medagri-du-18-au-20-octobre-2022\/\"]}]},{\"@type\":\"ImageObject\",\"inLanguage\":\"fr-FR\",\"@id\":\"https:\/\/www.nova-groupe.fr\/fr\/retrouvez-nos-equipes-au-salon-medagri-du-18-au-20-octobre-2022\/#primaryimage\",\"url\":\"https:\/\/www.nova-groupe.fr\/wp-content\/uploads\/2022\/09\/Publication-600x600px.jpg\",\"contentUrl\":\"https:\/\/www.nova-groupe.fr\/wp-content\/uploads\/2022\/09\/Publication-600x600px.jpg\",\"width\":2475,\"height\":2475},{\"@type\":\"BreadcrumbList\",\"@id\":\"https:\/\/www.nova-groupe.fr\/fr\/retrouvez-nos-equipes-au-salon-medagri-du-18-au-20-octobre-2022\/#breadcrumb\",\"itemListElement\":[{\"@type\":\"ListItem\",\"position\":1,\"name\":\"Accueil\",\"item\":\"https:\/\/www.nova-groupe.fr\/fr\/\"},{\"@type\":\"ListItem\",\"position\":2,\"name\":\"Retrouvez nos \u00e9quipes au salon MEDAGRI du 18 au 20 octobre 2022\"}]},{\"@type\":\"WebSite\",\"@id\":\"https:\/\/www.nova-groupe.fr\/fr\/#website\",\"url\":\"https:\/\/www.nova-groupe.fr\/fr\/\",\"name\":\"Nova-Groupe\",\"description\":\"Vente et location de mat\u00e9riel agricole, BTP, espaces verts et environnement\",\"potentialAction\":[{\"@type\":\"SearchAction\",\"target\":{\"@type\":\"EntryPoint\",\"urlTemplate\":\"https:\/\/www.nova-groupe.fr\/fr\/?s={search_term_string}\"},\"query-input\":{\"@type\":\"PropertyValueSpecification\",\"valueRequired\":true,\"valueName\":\"search_term_string\"}}],\"inLanguage\":\"fr-FR\"},{\"@type\":\"Person\",\"@id\":\"https:\/\/www.nova-groupe.fr\/fr\/#\/schema\/person\/914fc2542c7631658cdf6631980b00e6\",\"name\":\"Camille Zammit\",\"image\":{\"@type\":\"ImageObject\",\"inLanguage\":\"fr-FR\",\"@id\":\"https:\/\/secure.gravatar.com\/avatar\/0aa14d93c1a779e5d4dc40013b1fad108020ae901341f326debe748d1ec71daf?s=96&d=mm&r=g\",\"url\":\"https:\/\/secure.gravatar.com\/avatar\/0aa14d93c1a779e5d4dc40013b1fad108020ae901341f326debe748d1ec71daf?s=96&d=mm&r=g\",\"contentUrl\":\"https:\/\/secure.gravatar.com\/avatar\/0aa14d93c1a779e5d4dc40013b1fad108020ae901341f326debe748d1ec71daf?s=96&d=mm&r=g\",\"caption\":\"Camille Zammit\"}}]}<\/script>\n<!-- \/ Yoast SEO plugin. -->","yoast_head_json":{"title":"Retrouvez nos \u00e9quipes au salon MEDAGRI 2022","description":"Retrouvez nos \u00e9quipes au salon MEDAGRI du 18 au 20 octobre 2022 stand N\u00b09 en collaboration avec NAIO TECHNOLOGIES.","robots":{"index":"index","follow":"follow","max-snippet":"max-snippet:-1","max-image-preview":"max-image-preview:large","max-video-preview":"max-video-preview:-1"},"canonical":"https:\/\/www.nova-groupe.fr\/fr\/retrouvez-nos-equipes-au-salon-medagri-du-18-au-20-octobre-2022\/","og_locale":"fr_FR","og_type":"article","og_title":"Retrouvez nos \u00e9quipes au salon MEDAGRI 2022","og_description":"Retrouvez nos \u00e9quipes au salon MEDAGRI du 18 au 20 octobre 2022 stand N\u00b09 en collaboration avec NAIO TECHNOLOGIES.","og_url":"https:\/\/www.nova-groupe.fr\/fr\/retrouvez-nos-equipes-au-salon-medagri-du-18-au-20-octobre-2022\/","og_site_name":"Nova-Groupe","article_publisher":"https:\/\/www.facebook.com\/Nova-Groupe-170173286757302\/","article_published_time":"2022-10-03T13:36:07+00:00","og_image":[{"width":2475,"height":2475,"url":"https:\/\/www.nova-groupe.fr\/wp-content\/uploads\/2022\/09\/Publication-600x600px.jpg","type":"image\/jpeg"}],"author":"Camille Zammit","twitter_card":"summary_large_image","twitter_misc":{"\u00c9crit par":"Camille Zammit","Dur\u00e9e de lecture estim\u00e9e":"2 minutes"},"schema":{"@context":"https:\/\/schema.org","@graph":[{"@type":"Article","@id":"https:\/\/www.nova-groupe.fr\/fr\/retrouvez-nos-equipes-au-salon-medagri-du-18-au-20-octobre-2022\/#article","isPartOf":{"@id":"https:\/\/www.nova-groupe.fr\/fr\/retrouvez-nos-equipes-au-salon-medagri-du-18-au-20-octobre-2022\/"},"author":{"name":"Camille Zammit","@id":"https:\/\/www.nova-groupe.fr\/fr\/#\/schema\/person\/914fc2542c7631658cdf6631980b00e6"},"headline":"Retrouvez nos \u00e9quipes au salon MEDAGRI du 18 au 20 octobre 2022","datePublished":"2022-10-03T13:36:07+00:00","mainEntityOfPage":{"@id":"https:\/\/www.nova-groupe.fr\/fr\/retrouvez-nos-equipes-au-salon-medagri-du-18-au-20-octobre-2022\/"},"wordCount":180,"commentCount":0,"image":{"@id":"https:\/\/www.nova-groupe.fr\/fr\/retrouvez-nos-equipes-au-salon-medagri-du-18-au-20-octobre-2022\/#primaryimage"},"thumbnailUrl":"https:\/\/www.nova-groupe.fr\/wp-content\/uploads\/2022\/09\/Publication-600x600px.jpg","keywords":["medagri"],"articleSection":["Non classifi\u00e9(e)"],"inLanguage":"fr-FR","potentialAction":[{"@type":"CommentAction","name":"Comment","target":["https:\/\/www.nova-groupe.fr\/fr\/retrouvez-nos-equipes-au-salon-medagri-du-18-au-20-octobre-2022\/#respond"]}]},{"@type":"WebPage","@id":"https:\/\/www.nova-groupe.fr\/fr\/retrouvez-nos-equipes-au-salon-medagri-du-18-au-20-octobre-2022\/","url":"https:\/\/www.nova-groupe.fr\/fr\/retrouvez-nos-equipes-au-salon-medagri-du-18-au-20-octobre-2022\/","name":"Retrouvez nos \u00e9quipes au salon MEDAGRI 2022","isPartOf":{"@id":"https:\/\/www.nova-groupe.fr\/fr\/#website"},"primaryImageOfPage":{"@id":"https:\/\/www.nova-groupe.fr\/fr\/retrouvez-nos-equipes-au-salon-medagri-du-18-au-20-octobre-2022\/#primaryimage"},"image":{"@id":"https:\/\/www.nova-groupe.fr\/fr\/retrouvez-nos-equipes-au-salon-medagri-du-18-au-20-octobre-2022\/#primaryimage"},"thumbnailUrl":"https:\/\/www.nova-groupe.fr\/wp-content\/uploads\/2022\/09\/Publication-600x600px.jpg","datePublished":"2022-10-03T13:36:07+00:00","author":{"@id":"https:\/\/www.nova-groupe.fr\/fr\/#\/schema\/person\/914fc2542c7631658cdf6631980b00e6"},"description":"Retrouvez nos \u00e9quipes au salon MEDAGRI du 18 au 20 octobre 2022 stand N\u00b09 en collaboration avec NAIO TECHNOLOGIES.","breadcrumb":{"@id":"https:\/\/www.nova-groupe.fr\/fr\/retrouvez-nos-equipes-au-salon-medagri-du-18-au-20-octobre-2022\/#breadcrumb"},"inLanguage":"fr-FR","potentialAction":[{"@type":"ReadAction","target":["https:\/\/www.nova-groupe.fr\/fr\/retrouvez-nos-equipes-au-salon-medagri-du-18-au-20-octobre-2022\/"]}]},{"@type":"ImageObject","inLanguage":"fr-FR","@id":"https:\/\/www.nova-groupe.fr\/fr\/retrouvez-nos-equipes-au-salon-medagri-du-18-au-20-octobre-2022\/#primaryimage","url":"https:\/\/www.nova-groupe.fr\/wp-content\/uploads\/2022\/09\/Publication-600x600px.jpg","contentUrl":"https:\/\/www.nova-groupe.fr\/wp-content\/uploads\/2022\/09\/Publication-600x600px.jpg","width":2475,"height":2475},{"@type":"BreadcrumbList","@id":"https:\/\/www.nova-groupe.fr\/fr\/retrouvez-nos-equipes-au-salon-medagri-du-18-au-20-octobre-2022\/#breadcrumb","itemListElement":[{"@type":"ListItem","position":1,"name":"Accueil","item":"https:\/\/www.nova-groupe.fr\/fr\/"},{"@type":"ListItem","position":2,"name":"Retrouvez nos \u00e9quipes au salon MEDAGRI du 18 au 20 octobre 2022"}]},{"@type":"WebSite","@id":"https:\/\/www.nova-groupe.fr\/fr\/#website","url":"https:\/\/www.nova-groupe.fr\/fr\/","name":"Nova-Groupe","description":"Vente et location de mat\u00e9riel agricole, BTP, espaces verts et environnement","potentialAction":[{"@type":"SearchAction","target":{"@type":"EntryPoint","urlTemplate":"https:\/\/www.nova-groupe.fr\/fr\/?s={search_term_string}"},"query-input":{"@type":"PropertyValueSpecification","valueRequired":true,"valueName":"search_term_string"}}],"inLanguage":"fr-FR"},{"@type":"Person","@id":"https:\/\/www.nova-groupe.fr\/fr\/#\/schema\/person\/914fc2542c7631658cdf6631980b00e6","name":"Camille Zammit","image":{"@type":"ImageObject","inLanguage":"fr-FR","@id":"https:\/\/secure.gravatar.com\/avatar\/0aa14d93c1a779e5d4dc40013b1fad108020ae901341f326debe748d1ec71daf?s=96&d=mm&r=g","url":"https:\/\/secure.gravatar.com\/avatar\/0aa14d93c1a779e5d4dc40013b1fad108020ae901341f326debe748d1ec71daf?s=96&d=mm&r=g","contentUrl":"https:\/\/secure.gravatar.com\/avatar\/0aa14d93c1a779e5d4dc40013b1fad108020ae901341f326debe748d1ec71daf?s=96&d=mm&r=g","caption":"Camille Zammit"}}]}},"_links":{"self":[{"href":"https:\/\/www.nova-groupe.fr\/fr\/wp-json\/wp\/v2\/posts\/26799","targetHints":{"allow":["GET"]}}],"collection":[{"href":"https:\/\/www.nova-groupe.fr\/fr\/wp-json\/wp\/v2\/posts"}],"about":[{"href":"https:\/\/www.nova-groupe.fr\/fr\/wp-json\/wp\/v2\/types\/post"}],"author":[{"embeddable":true,"href":"https:\/\/www.nova-groupe.fr\/fr\/wp-json\/wp\/v2\/users\/3"}],"replies":[{"embeddable":true,"href":"https:\/\/www.nova-groupe.fr\/fr\/wp-json\/wp\/v2\/comments?post=26799"}],"version-history":[{"count":2,"href":"https:\/\/www.nova-groupe.fr\/fr\/wp-json\/wp\/v2\/posts\/26799\/revisions"}],"predecessor-version":[{"id":26802,"href":"https:\/\/www.nova-groupe.fr\/fr\/wp-json\/wp\/v2\/posts\/26799\/revisions\/26802"}],"wp:featuredmedia":[{"embeddable":true,"href":"https:\/\/www.nova-groupe.fr\/fr\/wp-json\/wp\/v2\/media\/26800"}],"wp:attachment":[{"href":"https:\/\/www.nova-groupe.fr\/fr\/wp-json\/wp\/v2\/media?parent=26799"}],"wp:term":[{"taxonomy":"category","embeddable":true,"href":"https:\/\/www.nova-groupe.fr\/fr\/wp-json\/wp\/v2\/categories?post=26799"},{"taxonomy":"post_tag","embeddable":true,"href":"https:\/\/www.nova-groupe.fr\/fr\/wp-json\/wp\/v2\/tags?post=26799"}],"curies":[{"name":"wp","href":"https:\/\/api.w.org\/{rel}","templated":true}]}}