{"id":42093,"date":"2023-09-28T11:02:13","date_gmt":"2023-09-28T09:02:13","guid":{"rendered":"https:\/\/www.nova-groupe.fr\/?p=42093"},"modified":"2025-02-21T11:59:09","modified_gmt":"2025-02-21T10:59:09","slug":"offres-automne-husqvarna-2023","status":"publish","type":"post","link":"https:\/\/www.nova-groupe.fr\/fr\/offres-automne-husqvarna-2023\/","title":{"rendered":"Offres Automne HUSQVARNA 2023"},"content":{"rendered":"<div id=\"pl-16689\" class=\"panel-layout\">\n<div id=\"pg-16689-0\" class=\"panel-grid panel-no-style\">\n<div id=\"pgc-16689-0-0\" class=\"panel-grid-cell\" data-weight=\"1\">\n<div id=\"panel-16689-0-0-0\" class=\"so-panel widget widget_sow-editor panel-first-child panel-last-child\" data-index=\"0\" data-style=\"{&quot;background_image_attachment&quot;:false,&quot;background_display&quot;:&quot;tile&quot;}\">\n<div class=\"so-widget-sow-editor so-widget-sow-editor-base\">\n<div class=\"siteorigin-widget-tinymce textwidget\">\n<h1>\ud83c\udf33 FAITES EQUIPE AVEC HUSQVARNA ! \ud83c\udf42<\/h1>\n<p>\u25b6\ufe0f D\u00e9couvrez notre NOUVEAU MINIMAG HUSQVARNA automne 2023<\/p>\n<p>\ud83d\udc49 Un large choix de mat\u00e9riels r\u00e9pondant \u00e0 chacun de vos besoins et de nouvelles offres exclusives !<\/p>\n<p>\ud83d\udccd Retrouvez votre agence la plus proche sur : https:\/\/www.nova-groupe.fr\/fr\/nos-agences<\/p>\n<p>#automne #hiver #husqvarna #catalogue #minimag #entretien #tronconneuse #taillehaies #tondeuse #batterie #souffleur #elagage #broyeur<\/p>\n<div id=\"0\" class=\"onepager-details\">\n<div class=\"col_50 floating\">\n<p><span style=\"color: #ff9900;\">D\u00e9couvrez vite toutes nos offres dans notre <a href=\"https:\/\/www.calameo.com\/read\/005545164a59f492d85bb\">Catalogue NOVA HUSQVARNA OFFRES AUTOMNE 2023<\/a><\/span><\/p>\n<p>Toutes nos nouveaut\u00e9s et offres \ud83d\udc47<\/p>\n<p>\ud83d\udcd6 \u00c0 \u201cFeuilleter\u201d sans mod\u00e9ration ! \ud83d\ude1c<\/p>\n<div style=\"text-align: center; width:480px; margin: 12px auto;\"><div style=\"margin: 4px 0px;\"><a href=\"http:\/\/calameo.com\/books\/005545164a59f492d85bb\">View this publication on Calam&eacute;o<\/a><\/div><iframe src=\"\/\/v.calameo.com\/?bkcode=005545164a59f492d85bb&amp;language=fr&amp;page=&amp;showsharemenu=true&amp;clickTo=public&amp;clickTarget=_self&amp;clickToUrl=&amp;autoFlip=0&amp;mode=mini&amp;wmode=transparent\" width=\"480\" height=\"300\" style=\"width:480px;height:300px\" frameborder=\"0\" scrolling=\"no\" allowtransparency allowfullscreen><\/iframe><div style=\"margin: 4px 0px; font-size: 90%;\"><a rel=\"nofollow\" href=\"http:\/\/calameo.com\/upload\">Publish<\/a> at <a href=\"http:\/\/calameo.com\">Calam&eacute;o<\/a> or <a href=\"http:\/\/calameo.com\/browse\/weekly\/?o=7&amp;w=DESC\">browse<\/a> the library.<\/div><\/div>\n<\/div>\n<\/div>\n<\/div>\n<\/div>\n<\/div>\n<\/div>\n<\/div>\n<div id=\"pg-16689-1\" class=\"panel-grid panel-no-style\">\n<div id=\"pgc-16689-1-0\" class=\"panel-grid-cell\" data-weight=\"1\">\n<div id=\"panel-16689-1-0-0\" class=\"so-panel widget widget_sow-editor panel-first-child panel-last-child\" data-index=\"1\" data-style=\"{&quot;background_image_attachment&quot;:false,&quot;background_display&quot;:&quot;tile&quot;}\">\n<div class=\"so-widget-sow-editor so-widget-sow-editor-base\">\n<div class=\"siteorigin-widget-tinymce textwidget\">\n<p>&nbsp;<\/p>\n<hr \/>\n<div>\n<h4>Le r\u00e9seau NOVA<\/h4>\n<p>Le groupe\u00a0<strong>NOVA\u00a0<\/strong>vous accompagne dans le choix de mat\u00e9riels d<strong>&lsquo;entretien des espaces verts STIHL<\/strong>\u00a0<strong>sur la r\u00e9gion PACA<\/strong>, et \u00e0 proximit\u00e9 de\u00a0<strong>Marseille, Aix-En-Provence, Avignon, Istres, Martigues, Vitrolles, Marignane, Salon de Provence, Mallemort, Gardanne, Cabri\u00e8s, Allauch, Aubagne, N\u00eemes, Orange, Manosque, Sisteron, S\u00e9nas, Cavaillon, Nice, Monaco, Grasse, Cannes, Fr\u00e9jus, Toulon, Al\u00e8s et Tallard au travers de nos agences r\u00e9gionales de Saint-Cannat, Arles, Pierrelatte, Oraison, Gap, Carpentras, Saint Hilaire De Brethmas, Cogolin, Le Muy et sur les d\u00e9partements 04 alpes de Hautes Provence, 05 Hautes Alpes, 06 Alpes Maritimes, 13 Bouches du Rh\u00f4ne, 26 Dr\u00f4me, 30 Gard , 83 Var et 84 Vaucluse.<br \/>\n<\/strong><\/p>\n<p><a href=\"https:\/\/www.nova-groupe.fr\/fr\/nos-agences\" target=\"_blank\" rel=\"noopener noreferrer\"><img decoding=\"async\" class=\"alignnone wp-image-11800 size-large\" src=\"https:\/\/www.nova-groupe.fr\/wp-content\/uploads\/2023\/12\/Nos-agences-NOVA-en-PACA-Votre-Distributeur-en-Materiels-Agricole-BTP-Espaces-Verts-manutention-2024.png\" sizes=\"(max-width: 1024px) 100vw, 1024px\" srcset=\"https:\/\/www.nova-groupe.fr\/wp-content\/uploads\/2023\/12\/Nos-agences-NOVA-en-PACA-Votre-Distributeur-en-Materiels-Agricole-BTP-Espaces-Verts-manutention-2024.png 1024w, https:\/\/www.nova-groupe.fr\/wp-content\/uploads\/2023\/12\/Nos-agences-NOVA-en-PACA-Votre-Distributeur-en-Materiels-Agricole-BTP-Espaces-Verts-manutention-2024-150x150.png 300w, https:\/\/www.nova-groupe.fr\/wp-content\/uploads\/2023\/12\/Nos-agences-NOVA-en-PACA-Votre-Distributeur-en-Materiels-Agricole-BTP-Espaces-Verts-manutention-2024-768x440.png 768w, https:\/\/www.nova-groupe.fr\/wp-content\/uploads\/2023\/12\/Nos-agences-NOVA-en-PACA-Votre-Distributeur-en-Materiels-Agricole-BTP-Espaces-Verts-manutention-2024.png 1191w\" alt=\"carte map liste agences nova\" width=\"1024\" height=\"757\" \/><\/a><\/p>\n<hr \/>\n<div id=\"pg-9082-1\" class=\"panel-grid panel-has-style\" data-style=\"{&quot;padding&quot;:&quot;3% 0% 2% 0%&quot;,&quot;background&quot;:&quot;#f3f2eb&quot;,&quot;background_display&quot;:&quot;tile&quot;,&quot;lsow_dark_bg&quot;:&quot;&quot;,&quot;row_stretch&quot;:&quot;full&quot;}\">\n<div class=\"siteorigin-panels-stretch panel-row-style panel-row-style-for-9082-1\" data-stretch-type=\"full\">\n<div id=\"pgc-9082-1-0\" class=\"panel-grid-cell\" data-weight=\"1\">\n<div id=\"panel-9082-1-0-0\" class=\"so-panel widget widget_sow-post-carousel panel-first-child panel-last-child\" data-index=\"3\" data-style=\"{&quot;background_display&quot;:&quot;tile&quot;}\"><\/div>\n<\/div>\n<\/div>\n<\/div>\n<div id=\"pg-9082-2\" class=\"panel-grid panel-has-style\" data-style=\"{&quot;background_display&quot;:&quot;tile&quot;,&quot;lsow_dark_bg&quot;:&quot;&quot;,&quot;row_stretch&quot;:&quot;full-stretched&quot;,&quot;cell_alignment&quot;:&quot;flex-start&quot;}\">\n<div class=\"siteorigin-panels-stretch panel-row-style panel-row-style-for-9082-2\" data-stretch-type=\"full-stretched\">\n<div id=\"pgc-9082-2-0\" class=\"panel-grid-cell\" data-weight=\"1\">\n<div id=\"panel-9082-2-0-0\" class=\"so-panel widget widget_sow-image panel-first-child panel-last-child\" data-index=\"4\" data-style=\"{&quot;background_display&quot;:&quot;tile&quot;}\"><\/div>\n<\/div>\n<\/div>\n<\/div>\n<\/div>\n<\/div>\n<\/div>\n<\/div>\n<\/div>\n<\/div>\n<\/div>\n","protected":false},"excerpt":{"rendered":"<p>\ud83c\udf33 FAITES EQUIPE AVEC HUSQVARNA ! \ud83c\udf42 \u25b6\ufe0f D\u00e9couvrez notre NOUVEAU MINIMAG HUSQVARNA automne 2023 \ud83d\udc49 Un large choix de mat\u00e9riels r\u00e9pondant \u00e0 chacun de vos besoins et de nouvelles offres exclusives ! \ud83d\udccd Retrouvez votre agence la plus proche sur : https:\/\/www.nova-groupe.fr\/fr\/nos-agences #automne #hiver #husqvarna #catalogue #minimag #entretien #tronconneuse #taillehaies #tondeuse #batterie #souffleur #elagage [&hellip;]<\/p>\n","protected":false},"author":3,"featured_media":42094,"comment_status":"open","ping_status":"closed","sticky":false,"template":"","format":"image","meta":{"_acf_changed":false,"_et_pb_use_builder":"","_et_pb_old_content":"","_et_gb_content_width":"","om_disable_all_campaigns":false,"_monsterinsights_skip_tracking":false,"_monsterinsights_sitenote_active":false,"_monsterinsights_sitenote_note":"","_monsterinsights_sitenote_category":0,"_uf_show_specific_survey":0,"_uf_disable_surveys":false,"footnotes":""},"categories":[1366],"tags":[1517,1192,1088,1198,1188,2045,2043,1186,1190,848,1657,1194,1635,1130,854],"class_list":["post-42093","post","type-post","status-publish","format-image","has-post-thumbnail","hentry","category-promotions","tag-automne","tag-batterie","tag-broyeur","tag-debroussailleuse","tag-entretien","tag-forfait","tag-hiver","tag-jardin","tag-paca","tag-promotion","tag-revision","tag-sans-fil","tag-taille-haies","tag-tondeuse","tag-tronconneuse","post_format-post-format-image"],"acf":[],"yoast_head":"<!-- This site is optimized with the Yoast SEO plugin v27.2 - https:\/\/yoast.com\/product\/yoast-seo-wordpress\/ -->\n<title>Offres Automne HUSQVARNA 2023 chez NOVA ! PROMOTIONS<\/title>\n<meta name=\"description\" content=\"D\u00e9couvrez nos offres automne 2023 sur le mat\u00e9riel d&#039;entretien des espaces verts HUSQVARNA. Des prix exceptionnels sur une s\u00e9lection de mat\u00e9riels.\" \/>\n<meta name=\"robots\" content=\"index, follow, max-snippet:-1, max-image-preview:large, max-video-preview:-1\" \/>\n<link rel=\"canonical\" href=\"https:\/\/www.nova-groupe.fr\/fr\/offres-automne-husqvarna-2023\/\" \/>\n<meta property=\"og:locale\" content=\"fr_FR\" \/>\n<meta property=\"og:type\" content=\"article\" \/>\n<meta property=\"og:title\" content=\"Offres Automne HUSQVARNA 2023 chez NOVA ! PROMOTIONS\" \/>\n<meta property=\"og:description\" content=\"D\u00e9couvrez nos offres automne 2023 sur le mat\u00e9riel d&#039;entretien des espaces verts HUSQVARNA. Des prix exceptionnels sur une s\u00e9lection de mat\u00e9riels.\" \/>\n<meta property=\"og:url\" content=\"https:\/\/www.nova-groupe.fr\/fr\/offres-automne-husqvarna-2023\/\" \/>\n<meta property=\"og:site_name\" content=\"Nova-Groupe\" \/>\n<meta property=\"article:publisher\" content=\"https:\/\/www.facebook.com\/Nova-Groupe-170173286757302\/\" \/>\n<meta property=\"article:published_time\" content=\"2023-09-28T09:02:13+00:00\" \/>\n<meta property=\"article:modified_time\" content=\"2025-02-21T10:59:09+00:00\" \/>\n<meta property=\"og:image\" content=\"https:\/\/www.nova-groupe.fr\/wp-content\/uploads\/2023\/09\/HUSQVARNA-MINI-MAG-AUTOMNE-HIVER-2023.jpg\" \/>\n\t<meta property=\"og:image:width\" content=\"1182\" \/>\n\t<meta property=\"og:image:height\" content=\"1754\" \/>\n\t<meta property=\"og:image:type\" content=\"image\/jpeg\" \/>\n<meta name=\"author\" content=\"Camille Zammit\" \/>\n<meta name=\"twitter:card\" content=\"summary_large_image\" \/>\n<meta name=\"twitter:label1\" content=\"\u00c9crit par\" \/>\n\t<meta name=\"twitter:data1\" content=\"Camille Zammit\" \/>\n\t<meta name=\"twitter:label2\" content=\"Dur\u00e9e de lecture estim\u00e9e\" \/>\n\t<meta name=\"twitter:data2\" content=\"2 minutes\" \/>\n<script type=\"application\/ld+json\" class=\"yoast-schema-graph\">{\"@context\":\"https:\/\/schema.org\",\"@graph\":[{\"@type\":\"Article\",\"@id\":\"https:\/\/www.nova-groupe.fr\/fr\/offres-automne-husqvarna-2023\/#article\",\"isPartOf\":{\"@id\":\"https:\/\/www.nova-groupe.fr\/fr\/offres-automne-husqvarna-2023\/\"},\"author\":{\"name\":\"Camille Zammit\",\"@id\":\"https:\/\/www.nova-groupe.fr\/fr\/#\/schema\/person\/914fc2542c7631658cdf6631980b00e6\"},\"headline\":\"Offres Automne HUSQVARNA 2023\",\"datePublished\":\"2023-09-28T09:02:13+00:00\",\"dateModified\":\"2025-02-21T10:59:09+00:00\",\"mainEntityOfPage\":{\"@id\":\"https:\/\/www.nova-groupe.fr\/fr\/offres-automne-husqvarna-2023\/\"},\"wordCount\":199,\"commentCount\":0,\"image\":{\"@id\":\"https:\/\/www.nova-groupe.fr\/fr\/offres-automne-husqvarna-2023\/#primaryimage\"},\"thumbnailUrl\":\"https:\/\/www.nova-groupe.fr\/wp-content\/uploads\/2023\/09\/HUSQVARNA-MINI-MAG-AUTOMNE-HIVER-2023.jpg\",\"keywords\":[\"automne\",\"batterie\",\"broyeur\",\"d\u00e9broussailleuse\",\"entretien\",\"forfait\",\"hiver\",\"jardin\",\"paca\",\"promotion\",\"revision\",\"sans fil\",\"taille haies\",\"tondeuse\",\"tronconneuse\"],\"articleSection\":[\"PROMOTIONS\"],\"inLanguage\":\"fr-FR\",\"potentialAction\":[{\"@type\":\"CommentAction\",\"name\":\"Comment\",\"target\":[\"https:\/\/www.nova-groupe.fr\/fr\/offres-automne-husqvarna-2023\/#respond\"]}]},{\"@type\":\"WebPage\",\"@id\":\"https:\/\/www.nova-groupe.fr\/fr\/offres-automne-husqvarna-2023\/\",\"url\":\"https:\/\/www.nova-groupe.fr\/fr\/offres-automne-husqvarna-2023\/\",\"name\":\"Offres Automne HUSQVARNA 2023 chez NOVA ! PROMOTIONS\",\"isPartOf\":{\"@id\":\"https:\/\/www.nova-groupe.fr\/fr\/#website\"},\"primaryImageOfPage\":{\"@id\":\"https:\/\/www.nova-groupe.fr\/fr\/offres-automne-husqvarna-2023\/#primaryimage\"},\"image\":{\"@id\":\"https:\/\/www.nova-groupe.fr\/fr\/offres-automne-husqvarna-2023\/#primaryimage\"},\"thumbnailUrl\":\"https:\/\/www.nova-groupe.fr\/wp-content\/uploads\/2023\/09\/HUSQVARNA-MINI-MAG-AUTOMNE-HIVER-2023.jpg\",\"datePublished\":\"2023-09-28T09:02:13+00:00\",\"dateModified\":\"2025-02-21T10:59:09+00:00\",\"author\":{\"@id\":\"https:\/\/www.nova-groupe.fr\/fr\/#\/schema\/person\/914fc2542c7631658cdf6631980b00e6\"},\"description\":\"D\u00e9couvrez nos offres automne 2023 sur le mat\u00e9riel d'entretien des espaces verts HUSQVARNA. Des prix exceptionnels sur une s\u00e9lection de mat\u00e9riels.\",\"breadcrumb\":{\"@id\":\"https:\/\/www.nova-groupe.fr\/fr\/offres-automne-husqvarna-2023\/#breadcrumb\"},\"inLanguage\":\"fr-FR\",\"potentialAction\":[{\"@type\":\"ReadAction\",\"target\":[\"https:\/\/www.nova-groupe.fr\/fr\/offres-automne-husqvarna-2023\/\"]}]},{\"@type\":\"ImageObject\",\"inLanguage\":\"fr-FR\",\"@id\":\"https:\/\/www.nova-groupe.fr\/fr\/offres-automne-husqvarna-2023\/#primaryimage\",\"url\":\"https:\/\/www.nova-groupe.fr\/wp-content\/uploads\/2023\/09\/HUSQVARNA-MINI-MAG-AUTOMNE-HIVER-2023.jpg\",\"contentUrl\":\"https:\/\/www.nova-groupe.fr\/wp-content\/uploads\/2023\/09\/HUSQVARNA-MINI-MAG-AUTOMNE-HIVER-2023.jpg\",\"width\":1182,\"height\":1754,\"caption\":\"HUSQVARNA MINI MAG AUTOMNE HIVER 2023\"},{\"@type\":\"BreadcrumbList\",\"@id\":\"https:\/\/www.nova-groupe.fr\/fr\/offres-automne-husqvarna-2023\/#breadcrumb\",\"itemListElement\":[{\"@type\":\"ListItem\",\"position\":1,\"name\":\"Accueil\",\"item\":\"https:\/\/www.nova-groupe.fr\/fr\/\"},{\"@type\":\"ListItem\",\"position\":2,\"name\":\"Offres Automne HUSQVARNA 2023\"}]},{\"@type\":\"WebSite\",\"@id\":\"https:\/\/www.nova-groupe.fr\/fr\/#website\",\"url\":\"https:\/\/www.nova-groupe.fr\/fr\/\",\"name\":\"Nova-Groupe\",\"description\":\"Vente et location de mat\u00e9riel agricole, BTP, espaces verts et environnement\",\"potentialAction\":[{\"@type\":\"SearchAction\",\"target\":{\"@type\":\"EntryPoint\",\"urlTemplate\":\"https:\/\/www.nova-groupe.fr\/fr\/?s={search_term_string}\"},\"query-input\":{\"@type\":\"PropertyValueSpecification\",\"valueRequired\":true,\"valueName\":\"search_term_string\"}}],\"inLanguage\":\"fr-FR\"},{\"@type\":\"Person\",\"@id\":\"https:\/\/www.nova-groupe.fr\/fr\/#\/schema\/person\/914fc2542c7631658cdf6631980b00e6\",\"name\":\"Camille Zammit\",\"image\":{\"@type\":\"ImageObject\",\"inLanguage\":\"fr-FR\",\"@id\":\"https:\/\/secure.gravatar.com\/avatar\/0aa14d93c1a779e5d4dc40013b1fad108020ae901341f326debe748d1ec71daf?s=96&d=mm&r=g\",\"url\":\"https:\/\/secure.gravatar.com\/avatar\/0aa14d93c1a779e5d4dc40013b1fad108020ae901341f326debe748d1ec71daf?s=96&d=mm&r=g\",\"contentUrl\":\"https:\/\/secure.gravatar.com\/avatar\/0aa14d93c1a779e5d4dc40013b1fad108020ae901341f326debe748d1ec71daf?s=96&d=mm&r=g\",\"caption\":\"Camille Zammit\"}}]}<\/script>\n<!-- \/ Yoast SEO plugin. -->","yoast_head_json":{"title":"Offres Automne HUSQVARNA 2023 chez NOVA ! PROMOTIONS","description":"D\u00e9couvrez nos offres automne 2023 sur le mat\u00e9riel d'entretien des espaces verts HUSQVARNA. Des prix exceptionnels sur une s\u00e9lection de mat\u00e9riels.","robots":{"index":"index","follow":"follow","max-snippet":"max-snippet:-1","max-image-preview":"max-image-preview:large","max-video-preview":"max-video-preview:-1"},"canonical":"https:\/\/www.nova-groupe.fr\/fr\/offres-automne-husqvarna-2023\/","og_locale":"fr_FR","og_type":"article","og_title":"Offres Automne HUSQVARNA 2023 chez NOVA ! PROMOTIONS","og_description":"D\u00e9couvrez nos offres automne 2023 sur le mat\u00e9riel d'entretien des espaces verts HUSQVARNA. Des prix exceptionnels sur une s\u00e9lection de mat\u00e9riels.","og_url":"https:\/\/www.nova-groupe.fr\/fr\/offres-automne-husqvarna-2023\/","og_site_name":"Nova-Groupe","article_publisher":"https:\/\/www.facebook.com\/Nova-Groupe-170173286757302\/","article_published_time":"2023-09-28T09:02:13+00:00","article_modified_time":"2025-02-21T10:59:09+00:00","og_image":[{"width":1182,"height":1754,"url":"https:\/\/www.nova-groupe.fr\/wp-content\/uploads\/2023\/09\/HUSQVARNA-MINI-MAG-AUTOMNE-HIVER-2023.jpg","type":"image\/jpeg"}],"author":"Camille Zammit","twitter_card":"summary_large_image","twitter_misc":{"\u00c9crit par":"Camille Zammit","Dur\u00e9e de lecture estim\u00e9e":"2 minutes"},"schema":{"@context":"https:\/\/schema.org","@graph":[{"@type":"Article","@id":"https:\/\/www.nova-groupe.fr\/fr\/offres-automne-husqvarna-2023\/#article","isPartOf":{"@id":"https:\/\/www.nova-groupe.fr\/fr\/offres-automne-husqvarna-2023\/"},"author":{"name":"Camille Zammit","@id":"https:\/\/www.nova-groupe.fr\/fr\/#\/schema\/person\/914fc2542c7631658cdf6631980b00e6"},"headline":"Offres Automne HUSQVARNA 2023","datePublished":"2023-09-28T09:02:13+00:00","dateModified":"2025-02-21T10:59:09+00:00","mainEntityOfPage":{"@id":"https:\/\/www.nova-groupe.fr\/fr\/offres-automne-husqvarna-2023\/"},"wordCount":199,"commentCount":0,"image":{"@id":"https:\/\/www.nova-groupe.fr\/fr\/offres-automne-husqvarna-2023\/#primaryimage"},"thumbnailUrl":"https:\/\/www.nova-groupe.fr\/wp-content\/uploads\/2023\/09\/HUSQVARNA-MINI-MAG-AUTOMNE-HIVER-2023.jpg","keywords":["automne","batterie","broyeur","d\u00e9broussailleuse","entretien","forfait","hiver","jardin","paca","promotion","revision","sans fil","taille haies","tondeuse","tronconneuse"],"articleSection":["PROMOTIONS"],"inLanguage":"fr-FR","potentialAction":[{"@type":"CommentAction","name":"Comment","target":["https:\/\/www.nova-groupe.fr\/fr\/offres-automne-husqvarna-2023\/#respond"]}]},{"@type":"WebPage","@id":"https:\/\/www.nova-groupe.fr\/fr\/offres-automne-husqvarna-2023\/","url":"https:\/\/www.nova-groupe.fr\/fr\/offres-automne-husqvarna-2023\/","name":"Offres Automne HUSQVARNA 2023 chez NOVA ! PROMOTIONS","isPartOf":{"@id":"https:\/\/www.nova-groupe.fr\/fr\/#website"},"primaryImageOfPage":{"@id":"https:\/\/www.nova-groupe.fr\/fr\/offres-automne-husqvarna-2023\/#primaryimage"},"image":{"@id":"https:\/\/www.nova-groupe.fr\/fr\/offres-automne-husqvarna-2023\/#primaryimage"},"thumbnailUrl":"https:\/\/www.nova-groupe.fr\/wp-content\/uploads\/2023\/09\/HUSQVARNA-MINI-MAG-AUTOMNE-HIVER-2023.jpg","datePublished":"2023-09-28T09:02:13+00:00","dateModified":"2025-02-21T10:59:09+00:00","author":{"@id":"https:\/\/www.nova-groupe.fr\/fr\/#\/schema\/person\/914fc2542c7631658cdf6631980b00e6"},"description":"D\u00e9couvrez nos offres automne 2023 sur le mat\u00e9riel d'entretien des espaces verts HUSQVARNA. Des prix exceptionnels sur une s\u00e9lection de mat\u00e9riels.","breadcrumb":{"@id":"https:\/\/www.nova-groupe.fr\/fr\/offres-automne-husqvarna-2023\/#breadcrumb"},"inLanguage":"fr-FR","potentialAction":[{"@type":"ReadAction","target":["https:\/\/www.nova-groupe.fr\/fr\/offres-automne-husqvarna-2023\/"]}]},{"@type":"ImageObject","inLanguage":"fr-FR","@id":"https:\/\/www.nova-groupe.fr\/fr\/offres-automne-husqvarna-2023\/#primaryimage","url":"https:\/\/www.nova-groupe.fr\/wp-content\/uploads\/2023\/09\/HUSQVARNA-MINI-MAG-AUTOMNE-HIVER-2023.jpg","contentUrl":"https:\/\/www.nova-groupe.fr\/wp-content\/uploads\/2023\/09\/HUSQVARNA-MINI-MAG-AUTOMNE-HIVER-2023.jpg","width":1182,"height":1754,"caption":"HUSQVARNA MINI MAG AUTOMNE HIVER 2023"},{"@type":"BreadcrumbList","@id":"https:\/\/www.nova-groupe.fr\/fr\/offres-automne-husqvarna-2023\/#breadcrumb","itemListElement":[{"@type":"ListItem","position":1,"name":"Accueil","item":"https:\/\/www.nova-groupe.fr\/fr\/"},{"@type":"ListItem","position":2,"name":"Offres Automne HUSQVARNA 2023"}]},{"@type":"WebSite","@id":"https:\/\/www.nova-groupe.fr\/fr\/#website","url":"https:\/\/www.nova-groupe.fr\/fr\/","name":"Nova-Groupe","description":"Vente et location de mat\u00e9riel agricole, BTP, espaces verts et environnement","potentialAction":[{"@type":"SearchAction","target":{"@type":"EntryPoint","urlTemplate":"https:\/\/www.nova-groupe.fr\/fr\/?s={search_term_string}"},"query-input":{"@type":"PropertyValueSpecification","valueRequired":true,"valueName":"search_term_string"}}],"inLanguage":"fr-FR"},{"@type":"Person","@id":"https:\/\/www.nova-groupe.fr\/fr\/#\/schema\/person\/914fc2542c7631658cdf6631980b00e6","name":"Camille Zammit","image":{"@type":"ImageObject","inLanguage":"fr-FR","@id":"https:\/\/secure.gravatar.com\/avatar\/0aa14d93c1a779e5d4dc40013b1fad108020ae901341f326debe748d1ec71daf?s=96&d=mm&r=g","url":"https:\/\/secure.gravatar.com\/avatar\/0aa14d93c1a779e5d4dc40013b1fad108020ae901341f326debe748d1ec71daf?s=96&d=mm&r=g","contentUrl":"https:\/\/secure.gravatar.com\/avatar\/0aa14d93c1a779e5d4dc40013b1fad108020ae901341f326debe748d1ec71daf?s=96&d=mm&r=g","caption":"Camille Zammit"}}]}},"_links":{"self":[{"href":"https:\/\/www.nova-groupe.fr\/fr\/wp-json\/wp\/v2\/posts\/42093","targetHints":{"allow":["GET"]}}],"collection":[{"href":"https:\/\/www.nova-groupe.fr\/fr\/wp-json\/wp\/v2\/posts"}],"about":[{"href":"https:\/\/www.nova-groupe.fr\/fr\/wp-json\/wp\/v2\/types\/post"}],"author":[{"embeddable":true,"href":"https:\/\/www.nova-groupe.fr\/fr\/wp-json\/wp\/v2\/users\/3"}],"replies":[{"embeddable":true,"href":"https:\/\/www.nova-groupe.fr\/fr\/wp-json\/wp\/v2\/comments?post=42093"}],"version-history":[{"count":3,"href":"https:\/\/www.nova-groupe.fr\/fr\/wp-json\/wp\/v2\/posts\/42093\/revisions"}],"predecessor-version":[{"id":43412,"href":"https:\/\/www.nova-groupe.fr\/fr\/wp-json\/wp\/v2\/posts\/42093\/revisions\/43412"}],"wp:featuredmedia":[{"embeddable":true,"href":"https:\/\/www.nova-groupe.fr\/fr\/wp-json\/wp\/v2\/media\/42094"}],"wp:attachment":[{"href":"https:\/\/www.nova-groupe.fr\/fr\/wp-json\/wp\/v2\/media?parent=42093"}],"wp:term":[{"taxonomy":"category","embeddable":true,"href":"https:\/\/www.nova-groupe.fr\/fr\/wp-json\/wp\/v2\/categories?post=42093"},{"taxonomy":"post_tag","embeddable":true,"href":"https:\/\/www.nova-groupe.fr\/fr\/wp-json\/wp\/v2\/tags?post=42093"}],"curies":[{"name":"wp","href":"https:\/\/api.w.org\/{rel}","templated":true}]}}