{"id":42559,"date":"2024-01-31T14:57:24","date_gmt":"2024-01-31T13:57:24","guid":{"rendered":"https:\/\/www.nova-groupe.fr\/?p=42559"},"modified":"2024-01-31T16:12:21","modified_gmt":"2024-01-31T15:12:21","slug":"offres-batteries-stihl-ap-pour-professionnels-du-1er-fevrier-au-31-juillet-2024","status":"publish","type":"post","link":"https:\/\/www.nova-groupe.fr\/fr\/offres-batteries-stihl-ap-pour-professionnels-du-1er-fevrier-au-31-juillet-2024\/","title":{"rendered":"Offres batteries STIHL AP pour Professionnels du 1er F\u00e9vrier au 31 Juillet 2024"},"content":{"rendered":"<div id=\"pl-8878\" class=\"panel-layout\">\n<div id=\"pg-8878-0\" class=\"panel-grid panel-no-style\">\n<div id=\"pgc-8878-0-0\" class=\"panel-grid-cell\" data-weight=\"1\">\n<div id=\"panel-8878-0-0-0\" class=\"so-panel widget widget_sow-editor panel-first-child panel-last-child\" data-index=\"0\" data-style=\"{&quot;background_display&quot;:&quot;tile&quot;}\">\n<div class=\"so-widget-sow-editor so-widget-sow-editor-base\">\n<div class=\"_5pbx userContent _3576\" data-ft=\"{&quot;tn&quot;:&quot;K&quot;}\"><\/div>\n<\/div>\n<\/div>\n<\/div>\n<\/div>\n<\/div>\n<h2>\ud83d\udce3 Profitez de l&rsquo;OFFRE SP\u00c9CIALE BATTERIES STIHL chez NOVA pour les PROFESSIONNELS \ud83d\udd0b<\/h2>\n<p>Du <strong>1\u1d49\u02b3 f\u00e9vrier au 31 juillet 2024<\/strong>, NOVA accompagne les clients professionnels dans leur <strong>transition technologique<\/strong> avec des offres exceptionnelles sur les <strong>batteries STIHL<\/strong> :<\/p>\n<p>\ud83d\udc49 <span style=\"text-decoration: underline;\"><strong>OP\u00c9RATION n\u00b01<\/strong><\/span> : Pour l&rsquo;achat d&rsquo;<strong>une machine<\/strong> et d&rsquo;<strong>une batterie AP<\/strong>, une<strong> 2\u1d49 batterie AP vous sera<\/strong> <strong>offerte<\/strong> + une <strong>mallette<\/strong> de stockage.*<\/p>\n<p>\ud83d\udc49 <span style=\"text-decoration: underline;\"><strong>OP\u00c9RATION n\u00b02<\/strong><\/span> : Pour l&rsquo;achat <strong>de deux batteries (AP ou AR)<\/strong>, obtenez une <strong>3\u1d49 batterie OFFERTE.*<\/strong><\/p>\n<p>Pour en savoir plus et d\u00e9couvrir nos produits, rendez-vous dans nos agences : <a class=\"fui-Link ___1rxvrpe f2hkw1w f3rmtva f1ewtqcl fyind8e f1k6fduh f1w7gpdv fk6fouc fjoy568 figsok6 f1hu3pq6 f11qmguv f19f4twv f1tyq0we f1g0x7ka fhxju0i f1qch9an f1cnd47f fqv5qza f1vmzxwi f1o700av f13mvf36 f1cmlufx f9n3di6 f1ids18y f1tx3yz7 f1deo86v f1eh06m1 f1iescvh fhgqx19 f1olyrje f1p93eir f1nev41a f1h8hb77 f1lqvz6u f10aw75t fsle3fq f17ae5zn\" title=\"https:\/\/www.nova-groupe.fr\/fr\/nos-agences\/\" href=\"https:\/\/www.nova-groupe.fr\/fr\/nos-agences\/\" target=\"_blank\" rel=\"noreferrer noopener\" aria-label=\"Lien https:\/\/www.nova-groupe.fr\/fr\/nos-agences\/\">https:\/\/www.nova-groupe.fr\/fr\/nos-agences\/<\/a><\/p>\n<p>* Dans la limite des stocks disponibles.<\/p>\n<p>#offres #NOVA #novagroupe #STIHL #batteries #gammeAP #gammeAK<\/p>\n<p>&nbsp;<\/p>\n<div id=\"pl-8878\" class=\"panel-layout\">\n<div id=\"pg-8878-0\" class=\"panel-grid panel-no-style\">\n<div id=\"pgc-8878-0-0\" class=\"panel-grid-cell\" data-weight=\"1\">\n<div id=\"panel-8878-0-0-0\" class=\"so-panel widget widget_sow-editor panel-first-child panel-last-child\" data-index=\"0\" data-style=\"{&quot;background_display&quot;:&quot;tile&quot;}\">\n<div class=\"so-widget-sow-editor so-widget-sow-editor-base\">\n<div class=\"siteorigin-widget-tinymce textwidget\">\n<div id=\"0\" class=\"onepager-details\">\n<div>\n<p>Vos agences NOVA vous proposent une s\u00e9lection de mat\u00e9riels en solde <strong>sur <\/strong><strong>la r\u00e9gion PACA, et \u00e0 proximit\u00e9 de Marseille, Aix-En-Provence, Avignon, Istres, Martigues, Vitrolles, Marignane, Salon de Provence, Mallemort, Gardanne, Cabri\u00e8s, Allauch, Aubagne, N\u00eemes, Orange, Manosque, Sisteron, S\u00e9nas, Cavaillon, Nice, Monaco, Grasse, Cannes, Fr\u00e9jus, Toulon, Al\u00e8s et Tallard au travers de <a href=\"https:\/\/www.nova-groupe.fr\/fr\/nos-agences\/\" target=\"_blank\" rel=\"noopener noreferrer\">nos agences r\u00e9gionales<\/a> de Saint-Cannat, Arles, Oraison,\u00a0 Gap, Carpentras, Saint Hilaire De Brethmas, Pierrelatte, Cogolin, Le Muy et sur les d\u00e9partements 04 alpes de Hautes Provence, 05 Hautes Alpes, 06 Alpes Maritimes, 13 Bouches du Rh\u00f4ne, 26 Dr\u00f4me, 30 Gard , 83 Var et 84 Vaucluse.<\/strong><\/p>\n<hr \/>\n<div id=\"pg-9082-1\" class=\"panel-grid panel-has-style\" data-style=\"{&quot;padding&quot;:&quot;3% 0% 2% 0%&quot;,&quot;background&quot;:&quot;#f3f2eb&quot;,&quot;background_display&quot;:&quot;tile&quot;,&quot;lsow_dark_bg&quot;:&quot;&quot;,&quot;row_stretch&quot;:&quot;full&quot;}\">\n<div class=\"siteorigin-panels-stretch panel-row-style panel-row-style-for-9082-1\" data-stretch-type=\"full\">\n<div id=\"pgc-9082-1-0\" class=\"panel-grid-cell\" data-weight=\"1\">\n<div id=\"panel-9082-1-0-0\" class=\"so-panel widget widget_sow-post-carousel panel-first-child panel-last-child\" data-index=\"3\" data-style=\"{&quot;background_display&quot;:&quot;tile&quot;}\"><\/div>\n<\/div>\n<\/div>\n<\/div>\n<div id=\"pg-9082-2\" class=\"panel-grid panel-has-style\" data-style=\"{&quot;background_display&quot;:&quot;tile&quot;,&quot;lsow_dark_bg&quot;:&quot;&quot;,&quot;row_stretch&quot;:&quot;full-stretched&quot;,&quot;cell_alignment&quot;:&quot;flex-start&quot;}\">\n<div class=\"siteorigin-panels-stretch panel-row-style panel-row-style-for-9082-2\" data-stretch-type=\"full-stretched\">\n<div id=\"pgc-9082-2-0\" class=\"panel-grid-cell\" data-weight=\"1\">\n<div id=\"panel-9082-2-0-0\" class=\"so-panel widget widget_sow-image panel-first-child panel-last-child\" data-index=\"4\" data-style=\"{&quot;background_display&quot;:&quot;tile&quot;}\"><\/div>\n<\/div>\n<\/div>\n<\/div>\n<\/div>\n<\/div>\n<\/div>\n<\/div>\n<\/div>\n<\/div>\n<\/div>\n<\/div>\n","protected":false},"excerpt":{"rendered":"<p>\ud83d\udce3 Profitez de l&rsquo;OFFRE SP\u00c9CIALE BATTERIES STIHL chez NOVA pour les PROFESSIONNELS \ud83d\udd0b Du 1\u1d49\u02b3 f\u00e9vrier au 31 juillet 2024, NOVA accompagne les clients professionnels dans leur transition technologique avec des offres exceptionnelles sur les batteries STIHL : \ud83d\udc49 OP\u00c9RATION n\u00b01 : Pour l&rsquo;achat d&rsquo;une machine et d&rsquo;une batterie AP, une 2\u1d49 batterie AP vous [&hellip;]<\/p>\n","protected":false},"author":3,"featured_media":42560,"comment_status":"open","ping_status":"closed","sticky":false,"template":"","format":"image","meta":{"_acf_changed":false,"_et_pb_use_builder":"","_et_pb_old_content":"","_et_gb_content_width":"","om_disable_all_campaigns":false,"_monsterinsights_skip_tracking":false,"_monsterinsights_sitenote_active":false,"_monsterinsights_sitenote_note":"","_monsterinsights_sitenote_category":0,"_uf_show_specific_survey":0,"_uf_disable_surveys":false,"footnotes":""},"categories":[1366],"tags":[2742,2743,2107,1337,848,850,2631],"class_list":["post-42559","post","type-post","status-publish","format-image","has-post-thumbnail","hentry","category-promotions","tag-gamme-ap","tag-jardiniers","tag-professionnels","tag-promo","tag-promotion","tag-stihl","tag-stock-limite","post_format-post-format-image"],"acf":[],"yoast_head":"<!-- This site is optimized with the Yoast SEO plugin v27.2 - https:\/\/yoast.com\/product\/yoast-seo-wordpress\/ -->\n<title>Offres batteries STIHL AP pour Professionnels du 1er F\u00e9vrier au 31 Juillet 2024<\/title>\n<meta name=\"description\" content=\"Offres batteries STIHL AP pour Professionnels du 1er F\u00e9vrier au 31 Juillet 2024\" \/>\n<meta name=\"robots\" content=\"index, follow, max-snippet:-1, max-image-preview:large, max-video-preview:-1\" \/>\n<link rel=\"canonical\" href=\"https:\/\/www.nova-groupe.fr\/fr\/offres-batteries-stihl-ap-pour-professionnels-du-1er-fevrier-au-31-juillet-2024\/\" \/>\n<meta property=\"og:locale\" content=\"fr_FR\" \/>\n<meta property=\"og:type\" content=\"article\" \/>\n<meta property=\"og:title\" content=\"Offres batteries STIHL AP pour Professionnels du 1er F\u00e9vrier au 31 Juillet 2024\" \/>\n<meta property=\"og:description\" content=\"Offres batteries STIHL AP pour Professionnels du 1er F\u00e9vrier au 31 Juillet 2024\" \/>\n<meta property=\"og:url\" content=\"https:\/\/www.nova-groupe.fr\/fr\/offres-batteries-stihl-ap-pour-professionnels-du-1er-fevrier-au-31-juillet-2024\/\" \/>\n<meta property=\"og:site_name\" content=\"Nova-Groupe\" \/>\n<meta property=\"article:publisher\" content=\"https:\/\/www.facebook.com\/Nova-Groupe-170173286757302\/\" \/>\n<meta property=\"article:published_time\" content=\"2024-01-31T13:57:24+00:00\" \/>\n<meta property=\"article:modified_time\" content=\"2024-01-31T15:12:21+00:00\" \/>\n<meta property=\"og:image\" content=\"https:\/\/www.nova-groupe.fr\/wp-content\/uploads\/2024\/01\/Offres-STIHL-PRO-printemps-2024.jpg\" \/>\n\t<meta property=\"og:image:width\" content=\"1649\" \/>\n\t<meta property=\"og:image:height\" content=\"1000\" \/>\n\t<meta property=\"og:image:type\" content=\"image\/jpeg\" \/>\n<meta name=\"author\" content=\"Camille Zammit\" \/>\n<meta name=\"twitter:card\" content=\"summary_large_image\" \/>\n<meta name=\"twitter:label1\" content=\"\u00c9crit par\" \/>\n\t<meta name=\"twitter:data1\" content=\"Camille Zammit\" \/>\n\t<meta name=\"twitter:label2\" content=\"Dur\u00e9e de lecture estim\u00e9e\" \/>\n\t<meta name=\"twitter:data2\" content=\"2 minutes\" \/>\n<script type=\"application\/ld+json\" class=\"yoast-schema-graph\">{\"@context\":\"https:\/\/schema.org\",\"@graph\":[{\"@type\":\"Article\",\"@id\":\"https:\/\/www.nova-groupe.fr\/fr\/offres-batteries-stihl-ap-pour-professionnels-du-1er-fevrier-au-31-juillet-2024\/#article\",\"isPartOf\":{\"@id\":\"https:\/\/www.nova-groupe.fr\/fr\/offres-batteries-stihl-ap-pour-professionnels-du-1er-fevrier-au-31-juillet-2024\/\"},\"author\":{\"name\":\"Camille Zammit\",\"@id\":\"https:\/\/www.nova-groupe.fr\/fr\/#\/schema\/person\/914fc2542c7631658cdf6631980b00e6\"},\"headline\":\"Offres batteries STIHL AP pour Professionnels du 1er F\u00e9vrier au 31 Juillet 2024\",\"datePublished\":\"2024-01-31T13:57:24+00:00\",\"dateModified\":\"2024-01-31T15:12:21+00:00\",\"mainEntityOfPage\":{\"@id\":\"https:\/\/www.nova-groupe.fr\/fr\/offres-batteries-stihl-ap-pour-professionnels-du-1er-fevrier-au-31-juillet-2024\/\"},\"wordCount\":220,\"commentCount\":0,\"image\":{\"@id\":\"https:\/\/www.nova-groupe.fr\/fr\/offres-batteries-stihl-ap-pour-professionnels-du-1er-fevrier-au-31-juillet-2024\/#primaryimage\"},\"thumbnailUrl\":\"https:\/\/www.nova-groupe.fr\/wp-content\/uploads\/2024\/01\/Offres-STIHL-PRO-printemps-2024.jpg\",\"keywords\":[\"gamme ap\",\"jardiniers\",\"Professionnels\",\"promo\",\"promotion\",\"stihl\",\"stock limit\u00e9\"],\"articleSection\":[\"PROMOTIONS\"],\"inLanguage\":\"fr-FR\",\"potentialAction\":[{\"@type\":\"CommentAction\",\"name\":\"Comment\",\"target\":[\"https:\/\/www.nova-groupe.fr\/fr\/offres-batteries-stihl-ap-pour-professionnels-du-1er-fevrier-au-31-juillet-2024\/#respond\"]}]},{\"@type\":\"WebPage\",\"@id\":\"https:\/\/www.nova-groupe.fr\/fr\/offres-batteries-stihl-ap-pour-professionnels-du-1er-fevrier-au-31-juillet-2024\/\",\"url\":\"https:\/\/www.nova-groupe.fr\/fr\/offres-batteries-stihl-ap-pour-professionnels-du-1er-fevrier-au-31-juillet-2024\/\",\"name\":\"Offres batteries STIHL AP pour Professionnels du 1er F\u00e9vrier au 31 Juillet 2024\",\"isPartOf\":{\"@id\":\"https:\/\/www.nova-groupe.fr\/fr\/#website\"},\"primaryImageOfPage\":{\"@id\":\"https:\/\/www.nova-groupe.fr\/fr\/offres-batteries-stihl-ap-pour-professionnels-du-1er-fevrier-au-31-juillet-2024\/#primaryimage\"},\"image\":{\"@id\":\"https:\/\/www.nova-groupe.fr\/fr\/offres-batteries-stihl-ap-pour-professionnels-du-1er-fevrier-au-31-juillet-2024\/#primaryimage\"},\"thumbnailUrl\":\"https:\/\/www.nova-groupe.fr\/wp-content\/uploads\/2024\/01\/Offres-STIHL-PRO-printemps-2024.jpg\",\"datePublished\":\"2024-01-31T13:57:24+00:00\",\"dateModified\":\"2024-01-31T15:12:21+00:00\",\"author\":{\"@id\":\"https:\/\/www.nova-groupe.fr\/fr\/#\/schema\/person\/914fc2542c7631658cdf6631980b00e6\"},\"description\":\"Offres batteries STIHL AP pour Professionnels du 1er F\u00e9vrier au 31 Juillet 2024\",\"breadcrumb\":{\"@id\":\"https:\/\/www.nova-groupe.fr\/fr\/offres-batteries-stihl-ap-pour-professionnels-du-1er-fevrier-au-31-juillet-2024\/#breadcrumb\"},\"inLanguage\":\"fr-FR\",\"potentialAction\":[{\"@type\":\"ReadAction\",\"target\":[\"https:\/\/www.nova-groupe.fr\/fr\/offres-batteries-stihl-ap-pour-professionnels-du-1er-fevrier-au-31-juillet-2024\/\"]}]},{\"@type\":\"ImageObject\",\"inLanguage\":\"fr-FR\",\"@id\":\"https:\/\/www.nova-groupe.fr\/fr\/offres-batteries-stihl-ap-pour-professionnels-du-1er-fevrier-au-31-juillet-2024\/#primaryimage\",\"url\":\"https:\/\/www.nova-groupe.fr\/wp-content\/uploads\/2024\/01\/Offres-STIHL-PRO-printemps-2024.jpg\",\"contentUrl\":\"https:\/\/www.nova-groupe.fr\/wp-content\/uploads\/2024\/01\/Offres-STIHL-PRO-printemps-2024.jpg\",\"width\":1649,\"height\":1000,\"caption\":\"FORMAT | BANDEAU - 16\"},{\"@type\":\"BreadcrumbList\",\"@id\":\"https:\/\/www.nova-groupe.fr\/fr\/offres-batteries-stihl-ap-pour-professionnels-du-1er-fevrier-au-31-juillet-2024\/#breadcrumb\",\"itemListElement\":[{\"@type\":\"ListItem\",\"position\":1,\"name\":\"Accueil\",\"item\":\"https:\/\/www.nova-groupe.fr\/fr\/\"},{\"@type\":\"ListItem\",\"position\":2,\"name\":\"Offres batteries STIHL AP pour Professionnels du 1er F\u00e9vrier au 31 Juillet 2024\"}]},{\"@type\":\"WebSite\",\"@id\":\"https:\/\/www.nova-groupe.fr\/fr\/#website\",\"url\":\"https:\/\/www.nova-groupe.fr\/fr\/\",\"name\":\"Nova-Groupe\",\"description\":\"Vente et location de mat\u00e9riel agricole, BTP, espaces verts et environnement\",\"potentialAction\":[{\"@type\":\"SearchAction\",\"target\":{\"@type\":\"EntryPoint\",\"urlTemplate\":\"https:\/\/www.nova-groupe.fr\/fr\/?s={search_term_string}\"},\"query-input\":{\"@type\":\"PropertyValueSpecification\",\"valueRequired\":true,\"valueName\":\"search_term_string\"}}],\"inLanguage\":\"fr-FR\"},{\"@type\":\"Person\",\"@id\":\"https:\/\/www.nova-groupe.fr\/fr\/#\/schema\/person\/914fc2542c7631658cdf6631980b00e6\",\"name\":\"Camille Zammit\",\"image\":{\"@type\":\"ImageObject\",\"inLanguage\":\"fr-FR\",\"@id\":\"https:\/\/secure.gravatar.com\/avatar\/0aa14d93c1a779e5d4dc40013b1fad108020ae901341f326debe748d1ec71daf?s=96&d=mm&r=g\",\"url\":\"https:\/\/secure.gravatar.com\/avatar\/0aa14d93c1a779e5d4dc40013b1fad108020ae901341f326debe748d1ec71daf?s=96&d=mm&r=g\",\"contentUrl\":\"https:\/\/secure.gravatar.com\/avatar\/0aa14d93c1a779e5d4dc40013b1fad108020ae901341f326debe748d1ec71daf?s=96&d=mm&r=g\",\"caption\":\"Camille Zammit\"}}]}<\/script>\n<!-- \/ Yoast SEO plugin. -->","yoast_head_json":{"title":"Offres batteries STIHL AP pour Professionnels du 1er F\u00e9vrier au 31 Juillet 2024","description":"Offres batteries STIHL AP pour Professionnels du 1er F\u00e9vrier au 31 Juillet 2024","robots":{"index":"index","follow":"follow","max-snippet":"max-snippet:-1","max-image-preview":"max-image-preview:large","max-video-preview":"max-video-preview:-1"},"canonical":"https:\/\/www.nova-groupe.fr\/fr\/offres-batteries-stihl-ap-pour-professionnels-du-1er-fevrier-au-31-juillet-2024\/","og_locale":"fr_FR","og_type":"article","og_title":"Offres batteries STIHL AP pour Professionnels du 1er F\u00e9vrier au 31 Juillet 2024","og_description":"Offres batteries STIHL AP pour Professionnels du 1er F\u00e9vrier au 31 Juillet 2024","og_url":"https:\/\/www.nova-groupe.fr\/fr\/offres-batteries-stihl-ap-pour-professionnels-du-1er-fevrier-au-31-juillet-2024\/","og_site_name":"Nova-Groupe","article_publisher":"https:\/\/www.facebook.com\/Nova-Groupe-170173286757302\/","article_published_time":"2024-01-31T13:57:24+00:00","article_modified_time":"2024-01-31T15:12:21+00:00","og_image":[{"width":1649,"height":1000,"url":"https:\/\/www.nova-groupe.fr\/wp-content\/uploads\/2024\/01\/Offres-STIHL-PRO-printemps-2024.jpg","type":"image\/jpeg"}],"author":"Camille Zammit","twitter_card":"summary_large_image","twitter_misc":{"\u00c9crit par":"Camille Zammit","Dur\u00e9e de lecture estim\u00e9e":"2 minutes"},"schema":{"@context":"https:\/\/schema.org","@graph":[{"@type":"Article","@id":"https:\/\/www.nova-groupe.fr\/fr\/offres-batteries-stihl-ap-pour-professionnels-du-1er-fevrier-au-31-juillet-2024\/#article","isPartOf":{"@id":"https:\/\/www.nova-groupe.fr\/fr\/offres-batteries-stihl-ap-pour-professionnels-du-1er-fevrier-au-31-juillet-2024\/"},"author":{"name":"Camille Zammit","@id":"https:\/\/www.nova-groupe.fr\/fr\/#\/schema\/person\/914fc2542c7631658cdf6631980b00e6"},"headline":"Offres batteries STIHL AP pour Professionnels du 1er F\u00e9vrier au 31 Juillet 2024","datePublished":"2024-01-31T13:57:24+00:00","dateModified":"2024-01-31T15:12:21+00:00","mainEntityOfPage":{"@id":"https:\/\/www.nova-groupe.fr\/fr\/offres-batteries-stihl-ap-pour-professionnels-du-1er-fevrier-au-31-juillet-2024\/"},"wordCount":220,"commentCount":0,"image":{"@id":"https:\/\/www.nova-groupe.fr\/fr\/offres-batteries-stihl-ap-pour-professionnels-du-1er-fevrier-au-31-juillet-2024\/#primaryimage"},"thumbnailUrl":"https:\/\/www.nova-groupe.fr\/wp-content\/uploads\/2024\/01\/Offres-STIHL-PRO-printemps-2024.jpg","keywords":["gamme ap","jardiniers","Professionnels","promo","promotion","stihl","stock limit\u00e9"],"articleSection":["PROMOTIONS"],"inLanguage":"fr-FR","potentialAction":[{"@type":"CommentAction","name":"Comment","target":["https:\/\/www.nova-groupe.fr\/fr\/offres-batteries-stihl-ap-pour-professionnels-du-1er-fevrier-au-31-juillet-2024\/#respond"]}]},{"@type":"WebPage","@id":"https:\/\/www.nova-groupe.fr\/fr\/offres-batteries-stihl-ap-pour-professionnels-du-1er-fevrier-au-31-juillet-2024\/","url":"https:\/\/www.nova-groupe.fr\/fr\/offres-batteries-stihl-ap-pour-professionnels-du-1er-fevrier-au-31-juillet-2024\/","name":"Offres batteries STIHL AP pour Professionnels du 1er F\u00e9vrier au 31 Juillet 2024","isPartOf":{"@id":"https:\/\/www.nova-groupe.fr\/fr\/#website"},"primaryImageOfPage":{"@id":"https:\/\/www.nova-groupe.fr\/fr\/offres-batteries-stihl-ap-pour-professionnels-du-1er-fevrier-au-31-juillet-2024\/#primaryimage"},"image":{"@id":"https:\/\/www.nova-groupe.fr\/fr\/offres-batteries-stihl-ap-pour-professionnels-du-1er-fevrier-au-31-juillet-2024\/#primaryimage"},"thumbnailUrl":"https:\/\/www.nova-groupe.fr\/wp-content\/uploads\/2024\/01\/Offres-STIHL-PRO-printemps-2024.jpg","datePublished":"2024-01-31T13:57:24+00:00","dateModified":"2024-01-31T15:12:21+00:00","author":{"@id":"https:\/\/www.nova-groupe.fr\/fr\/#\/schema\/person\/914fc2542c7631658cdf6631980b00e6"},"description":"Offres batteries STIHL AP pour Professionnels du 1er F\u00e9vrier au 31 Juillet 2024","breadcrumb":{"@id":"https:\/\/www.nova-groupe.fr\/fr\/offres-batteries-stihl-ap-pour-professionnels-du-1er-fevrier-au-31-juillet-2024\/#breadcrumb"},"inLanguage":"fr-FR","potentialAction":[{"@type":"ReadAction","target":["https:\/\/www.nova-groupe.fr\/fr\/offres-batteries-stihl-ap-pour-professionnels-du-1er-fevrier-au-31-juillet-2024\/"]}]},{"@type":"ImageObject","inLanguage":"fr-FR","@id":"https:\/\/www.nova-groupe.fr\/fr\/offres-batteries-stihl-ap-pour-professionnels-du-1er-fevrier-au-31-juillet-2024\/#primaryimage","url":"https:\/\/www.nova-groupe.fr\/wp-content\/uploads\/2024\/01\/Offres-STIHL-PRO-printemps-2024.jpg","contentUrl":"https:\/\/www.nova-groupe.fr\/wp-content\/uploads\/2024\/01\/Offres-STIHL-PRO-printemps-2024.jpg","width":1649,"height":1000,"caption":"FORMAT | BANDEAU - 16"},{"@type":"BreadcrumbList","@id":"https:\/\/www.nova-groupe.fr\/fr\/offres-batteries-stihl-ap-pour-professionnels-du-1er-fevrier-au-31-juillet-2024\/#breadcrumb","itemListElement":[{"@type":"ListItem","position":1,"name":"Accueil","item":"https:\/\/www.nova-groupe.fr\/fr\/"},{"@type":"ListItem","position":2,"name":"Offres batteries STIHL AP pour Professionnels du 1er F\u00e9vrier au 31 Juillet 2024"}]},{"@type":"WebSite","@id":"https:\/\/www.nova-groupe.fr\/fr\/#website","url":"https:\/\/www.nova-groupe.fr\/fr\/","name":"Nova-Groupe","description":"Vente et location de mat\u00e9riel agricole, BTP, espaces verts et environnement","potentialAction":[{"@type":"SearchAction","target":{"@type":"EntryPoint","urlTemplate":"https:\/\/www.nova-groupe.fr\/fr\/?s={search_term_string}"},"query-input":{"@type":"PropertyValueSpecification","valueRequired":true,"valueName":"search_term_string"}}],"inLanguage":"fr-FR"},{"@type":"Person","@id":"https:\/\/www.nova-groupe.fr\/fr\/#\/schema\/person\/914fc2542c7631658cdf6631980b00e6","name":"Camille Zammit","image":{"@type":"ImageObject","inLanguage":"fr-FR","@id":"https:\/\/secure.gravatar.com\/avatar\/0aa14d93c1a779e5d4dc40013b1fad108020ae901341f326debe748d1ec71daf?s=96&d=mm&r=g","url":"https:\/\/secure.gravatar.com\/avatar\/0aa14d93c1a779e5d4dc40013b1fad108020ae901341f326debe748d1ec71daf?s=96&d=mm&r=g","contentUrl":"https:\/\/secure.gravatar.com\/avatar\/0aa14d93c1a779e5d4dc40013b1fad108020ae901341f326debe748d1ec71daf?s=96&d=mm&r=g","caption":"Camille Zammit"}}]}},"_links":{"self":[{"href":"https:\/\/www.nova-groupe.fr\/fr\/wp-json\/wp\/v2\/posts\/42559","targetHints":{"allow":["GET"]}}],"collection":[{"href":"https:\/\/www.nova-groupe.fr\/fr\/wp-json\/wp\/v2\/posts"}],"about":[{"href":"https:\/\/www.nova-groupe.fr\/fr\/wp-json\/wp\/v2\/types\/post"}],"author":[{"embeddable":true,"href":"https:\/\/www.nova-groupe.fr\/fr\/wp-json\/wp\/v2\/users\/3"}],"replies":[{"embeddable":true,"href":"https:\/\/www.nova-groupe.fr\/fr\/wp-json\/wp\/v2\/comments?post=42559"}],"version-history":[{"count":4,"href":"https:\/\/www.nova-groupe.fr\/fr\/wp-json\/wp\/v2\/posts\/42559\/revisions"}],"predecessor-version":[{"id":42566,"href":"https:\/\/www.nova-groupe.fr\/fr\/wp-json\/wp\/v2\/posts\/42559\/revisions\/42566"}],"wp:featuredmedia":[{"embeddable":true,"href":"https:\/\/www.nova-groupe.fr\/fr\/wp-json\/wp\/v2\/media\/42560"}],"wp:attachment":[{"href":"https:\/\/www.nova-groupe.fr\/fr\/wp-json\/wp\/v2\/media?parent=42559"}],"wp:term":[{"taxonomy":"category","embeddable":true,"href":"https:\/\/www.nova-groupe.fr\/fr\/wp-json\/wp\/v2\/categories?post=42559"},{"taxonomy":"post_tag","embeddable":true,"href":"https:\/\/www.nova-groupe.fr\/fr\/wp-json\/wp\/v2\/tags?post=42559"}],"curies":[{"name":"wp","href":"https:\/\/api.w.org\/{rel}","templated":true}]}}