{"id":7579,"date":"2017-11-13T15:28:11","date_gmt":"2017-11-13T14:28:11","guid":{"rendered":"https:\/\/www.nova-groupe.fr\/?p=7579"},"modified":"2019-09-26T15:56:35","modified_gmt":"2019-09-26T13:56:35","slug":"demonstration-materiels-travail-du-sol-intercep-a-lambesc-le-mardi-14-novembre-2017","status":"publish","type":"post","link":"https:\/\/www.nova-groupe.fr\/fr\/demonstration-materiels-travail-du-sol-intercep-a-lambesc-le-mardi-14-novembre-2017\/","title":{"rendered":"D\u00e9monstration mat\u00e9riels travail du sol INTERCEP \u00e0 Lambesc le Mardi 14 Novembre 2017"},"content":{"rendered":"<h3>Mardi 14 Novembre \u00e0 13h30<\/h3>\n<p>NOVA participera \u00e0 la D\u00c9MONSTRATION de mat\u00e9riels du travail du sol INTERCEP le\u00a0 \u00e0 cot\u00e9 du restaurant l&rsquo;escale des vins, RN7 entre Cazan et Lambesc.<br \/>\nEn partenariat avec la chambre d\u2019agriculture 13 <a class=\"profileLink\" href=\"https:\/\/www.facebook.com\/agri13\/?fref=mentions\" data-hovercard=\"\/ajax\/hovercard\/page.php?id=388508611241885&amp;extragetparams=%7B%22fref%22%3A%22mentions%22%7D\" data-hovercard-prefer-more-content-show=\"1\">Agri13<\/a><br \/>\n&gt;&gt;&gt; Venez nombreux voir nos tracteurs John Deere en action ! &lt;&lt;&lt;<\/p>\n<p><img decoding=\"async\" class=\"alignnone wp-image-7580 size-large\" src=\"https:\/\/www.nova-groupe.fr\/wp-content\/uploads\/2017\/11\/flyer-d\u00e9mos-INTERCEPT-LAMBESC-724x1024.jpg\" alt=\"\" width=\"724\" height=\"1024\" srcset=\"https:\/\/www.nova-groupe.fr\/wp-content\/uploads\/2017\/11\/flyer-d\u00e9mos-INTERCEPT-LAMBESC-724x1024.jpg 724w, https:\/\/www.nova-groupe.fr\/wp-content\/uploads\/2017\/11\/flyer-d\u00e9mos-INTERCEPT-LAMBESC-212x300.jpg 212w, https:\/\/www.nova-groupe.fr\/wp-content\/uploads\/2017\/11\/flyer-d\u00e9mos-INTERCEPT-LAMBESC-768x1086.jpg 768w\" sizes=\"(max-width: 724px) 100vw, 724px\" \/><\/p>\n<p><strong>Infos et r\u00e9servations<\/strong> : vos contacts NOVA<br \/>\nAlain DURAND : 06.22.31.50.47<br \/>\nS\u00e9bastien VIDAL : 06.73.66.33.70<\/p>\n<p><strong>Lieu<\/strong>: \u00e0 cot\u00e9 du restaurant l&rsquo;escale des vins, RN7 entre Cazan et Lambesc.<\/p>\n<p><strong>Plan d&rsquo;acc\u00e8s<\/strong>:<\/p>\n<p><iframe style=\"border: 0;\" src=\"https:\/\/www.google.com\/maps\/embed?pb=!1m14!1m8!1m3!1d1442.8168145271861!2d5.2277082!3d43.6765889!3m2!1i1024!2i768!4f13.1!3m3!1m2!1s0x0%3A0x0!2zNDPCsDQwJzM2LjkiTiA1wrAxMyc0MC41IkU!5e0!3m2!1sfr!2sfr!4v1510583202818\" width=\"600\" height=\"450\" frameborder=\"0\" allowfullscreen=\"allowfullscreen\"><\/iframe><\/p>\n<hr \/>\n<p>[siteorigin_widget class=\u00a0\u00bbSiteOrigin_Widget_Image_Widget\u00a0\u00bb][\/siteorigin_widget]<\/p>\n","protected":false},"excerpt":{"rendered":"<p>Mardi 14 Novembre \u00e0 13h30 NOVA participera \u00e0 la D\u00c9MONSTRATION de mat\u00e9riels du travail du sol INTERCEP le\u00a0 \u00e0 cot\u00e9 du restaurant l&rsquo;escale des vins, RN7 entre Cazan et Lambesc. En partenariat avec la chambre d\u2019agriculture 13 Agri13 &gt;&gt;&gt; Venez nombreux voir nos tracteurs John Deere en action ! &lt;&lt;&lt; Infos et r\u00e9servations : vos [&hellip;]<\/p>\n","protected":false},"author":3,"featured_media":7580,"comment_status":"open","ping_status":"closed","sticky":false,"template":"","format":"image","meta":{"_acf_changed":false,"_et_pb_use_builder":"","_et_pb_old_content":"","_et_gb_content_width":"","om_disable_all_campaigns":false,"_monsterinsights_skip_tracking":false,"_monsterinsights_sitenote_active":false,"_monsterinsights_sitenote_note":"","_monsterinsights_sitenote_category":0,"_uf_show_specific_survey":0,"_uf_disable_surveys":false,"footnotes":""},"categories":[1],"tags":[],"class_list":["post-7579","post","type-post","status-publish","format-image","has-post-thumbnail","hentry","category-non-classifiee","post_format-post-format-image"],"acf":[],"yoast_head":"<!-- This site is optimized with the Yoast SEO plugin v27.2 - https:\/\/yoast.com\/product\/yoast-seo-wordpress\/ -->\n<title>D\u00e9monstration mat\u00e9riels travail du sol INTERCEP \u00e0 Lambesc le Mardi 14 Novembre 2017 - Nova-Groupe<\/title>\n<meta name=\"description\" content=\"D\u00e9monstration mat\u00e9riels travail du sol INTERCEP \u00e0 Lambesc le Mardi 14 Novembre 2017 john deere cazan lambesc chambre agriculture 13\" \/>\n<meta name=\"robots\" content=\"index, follow, max-snippet:-1, max-image-preview:large, max-video-preview:-1\" \/>\n<link rel=\"canonical\" href=\"https:\/\/www.nova-groupe.fr\/fr\/demonstration-materiels-travail-du-sol-intercep-a-lambesc-le-mardi-14-novembre-2017\/\" \/>\n<meta property=\"og:locale\" content=\"fr_FR\" \/>\n<meta property=\"og:type\" content=\"article\" \/>\n<meta property=\"og:title\" content=\"D\u00e9monstration mat\u00e9riels travail du sol INTERCEP \u00e0 Lambesc le Mardi 14 Novembre 2017 - Nova-Groupe\" \/>\n<meta property=\"og:description\" content=\"D\u00e9monstration mat\u00e9riels travail du sol INTERCEP \u00e0 Lambesc le Mardi 14 Novembre 2017 john deere cazan lambesc chambre agriculture 13\" \/>\n<meta property=\"og:url\" content=\"https:\/\/www.nova-groupe.fr\/fr\/demonstration-materiels-travail-du-sol-intercep-a-lambesc-le-mardi-14-novembre-2017\/\" \/>\n<meta property=\"og:site_name\" content=\"Nova-Groupe\" \/>\n<meta property=\"article:publisher\" content=\"https:\/\/www.facebook.com\/Nova-Groupe-170173286757302\/\" \/>\n<meta property=\"article:published_time\" content=\"2017-11-13T14:28:11+00:00\" \/>\n<meta property=\"article:modified_time\" content=\"2019-09-26T13:56:35+00:00\" \/>\n<meta property=\"og:image\" content=\"https:\/\/www.nova-groupe.fr\/wp-content\/uploads\/2017\/11\/flyer-d\u00e9mos-INTERCEPT-LAMBESC.jpg\" \/>\n\t<meta property=\"og:image:width\" content=\"2480\" \/>\n\t<meta property=\"og:image:height\" content=\"3508\" \/>\n\t<meta property=\"og:image:type\" content=\"image\/jpeg\" \/>\n<meta name=\"author\" content=\"Camille Zammit\" \/>\n<meta name=\"twitter:card\" content=\"summary_large_image\" \/>\n<meta name=\"twitter:label1\" content=\"\u00c9crit par\" \/>\n\t<meta name=\"twitter:data1\" content=\"Camille Zammit\" \/>\n<script type=\"application\/ld+json\" class=\"yoast-schema-graph\">{\"@context\":\"https:\/\/schema.org\",\"@graph\":[{\"@type\":\"Article\",\"@id\":\"https:\/\/www.nova-groupe.fr\/fr\/demonstration-materiels-travail-du-sol-intercep-a-lambesc-le-mardi-14-novembre-2017\/#article\",\"isPartOf\":{\"@id\":\"https:\/\/www.nova-groupe.fr\/fr\/demonstration-materiels-travail-du-sol-intercep-a-lambesc-le-mardi-14-novembre-2017\/\"},\"author\":{\"name\":\"Camille Zammit\",\"@id\":\"https:\/\/www.nova-groupe.fr\/fr\/#\/schema\/person\/914fc2542c7631658cdf6631980b00e6\"},\"headline\":\"D\u00e9monstration mat\u00e9riels travail du sol INTERCEP \u00e0 Lambesc le Mardi 14 Novembre 2017\",\"datePublished\":\"2017-11-13T14:28:11+00:00\",\"dateModified\":\"2019-09-26T13:56:35+00:00\",\"mainEntityOfPage\":{\"@id\":\"https:\/\/www.nova-groupe.fr\/fr\/demonstration-materiels-travail-du-sol-intercep-a-lambesc-le-mardi-14-novembre-2017\/\"},\"wordCount\":102,\"commentCount\":0,\"image\":{\"@id\":\"https:\/\/www.nova-groupe.fr\/fr\/demonstration-materiels-travail-du-sol-intercep-a-lambesc-le-mardi-14-novembre-2017\/#primaryimage\"},\"thumbnailUrl\":\"https:\/\/www.nova-groupe.fr\/wp-content\/uploads\/2017\/11\/flyer-d\u00e9mos-INTERCEPT-LAMBESC.jpg\",\"articleSection\":[\"Non classifi\u00e9(e)\"],\"inLanguage\":\"fr-FR\",\"potentialAction\":[{\"@type\":\"CommentAction\",\"name\":\"Comment\",\"target\":[\"https:\/\/www.nova-groupe.fr\/fr\/demonstration-materiels-travail-du-sol-intercep-a-lambesc-le-mardi-14-novembre-2017\/#respond\"]}]},{\"@type\":\"WebPage\",\"@id\":\"https:\/\/www.nova-groupe.fr\/fr\/demonstration-materiels-travail-du-sol-intercep-a-lambesc-le-mardi-14-novembre-2017\/\",\"url\":\"https:\/\/www.nova-groupe.fr\/fr\/demonstration-materiels-travail-du-sol-intercep-a-lambesc-le-mardi-14-novembre-2017\/\",\"name\":\"D\u00e9monstration mat\u00e9riels travail du sol INTERCEP \u00e0 Lambesc le Mardi 14 Novembre 2017 - Nova-Groupe\",\"isPartOf\":{\"@id\":\"https:\/\/www.nova-groupe.fr\/fr\/#website\"},\"primaryImageOfPage\":{\"@id\":\"https:\/\/www.nova-groupe.fr\/fr\/demonstration-materiels-travail-du-sol-intercep-a-lambesc-le-mardi-14-novembre-2017\/#primaryimage\"},\"image\":{\"@id\":\"https:\/\/www.nova-groupe.fr\/fr\/demonstration-materiels-travail-du-sol-intercep-a-lambesc-le-mardi-14-novembre-2017\/#primaryimage\"},\"thumbnailUrl\":\"https:\/\/www.nova-groupe.fr\/wp-content\/uploads\/2017\/11\/flyer-d\u00e9mos-INTERCEPT-LAMBESC.jpg\",\"datePublished\":\"2017-11-13T14:28:11+00:00\",\"dateModified\":\"2019-09-26T13:56:35+00:00\",\"author\":{\"@id\":\"https:\/\/www.nova-groupe.fr\/fr\/#\/schema\/person\/914fc2542c7631658cdf6631980b00e6\"},\"description\":\"D\u00e9monstration mat\u00e9riels travail du sol INTERCEP \u00e0 Lambesc le Mardi 14 Novembre 2017 john deere cazan lambesc chambre agriculture 13\",\"breadcrumb\":{\"@id\":\"https:\/\/www.nova-groupe.fr\/fr\/demonstration-materiels-travail-du-sol-intercep-a-lambesc-le-mardi-14-novembre-2017\/#breadcrumb\"},\"inLanguage\":\"fr-FR\",\"potentialAction\":[{\"@type\":\"ReadAction\",\"target\":[\"https:\/\/www.nova-groupe.fr\/fr\/demonstration-materiels-travail-du-sol-intercep-a-lambesc-le-mardi-14-novembre-2017\/\"]}]},{\"@type\":\"ImageObject\",\"inLanguage\":\"fr-FR\",\"@id\":\"https:\/\/www.nova-groupe.fr\/fr\/demonstration-materiels-travail-du-sol-intercep-a-lambesc-le-mardi-14-novembre-2017\/#primaryimage\",\"url\":\"https:\/\/www.nova-groupe.fr\/wp-content\/uploads\/2017\/11\/flyer-d\u00e9mos-INTERCEPT-LAMBESC.jpg\",\"contentUrl\":\"https:\/\/www.nova-groupe.fr\/wp-content\/uploads\/2017\/11\/flyer-d\u00e9mos-INTERCEPT-LAMBESC.jpg\",\"width\":2480,\"height\":3508,\"caption\":\"NOVA participera \u00e0 la DEMONSTRATION de mat\u00e9riels du travail du sol INTERCEP le Mardi 14 Novembre \u00e0 13h30 \u00e0 cot\u00e9 du restaurant l'escale des vins, RN7 entre Cazan et Lambesc. En partenariat avec la chambre d\u2019agriculture 13\"},{\"@type\":\"BreadcrumbList\",\"@id\":\"https:\/\/www.nova-groupe.fr\/fr\/demonstration-materiels-travail-du-sol-intercep-a-lambesc-le-mardi-14-novembre-2017\/#breadcrumb\",\"itemListElement\":[{\"@type\":\"ListItem\",\"position\":1,\"name\":\"Accueil\",\"item\":\"https:\/\/www.nova-groupe.fr\/fr\/\"},{\"@type\":\"ListItem\",\"position\":2,\"name\":\"D\u00e9monstration mat\u00e9riels travail du sol INTERCEP \u00e0 Lambesc le Mardi 14 Novembre 2017\"}]},{\"@type\":\"WebSite\",\"@id\":\"https:\/\/www.nova-groupe.fr\/fr\/#website\",\"url\":\"https:\/\/www.nova-groupe.fr\/fr\/\",\"name\":\"Nova-Groupe\",\"description\":\"Vente et location de mat\u00e9riel agricole, BTP, espaces verts et environnement\",\"potentialAction\":[{\"@type\":\"SearchAction\",\"target\":{\"@type\":\"EntryPoint\",\"urlTemplate\":\"https:\/\/www.nova-groupe.fr\/fr\/?s={search_term_string}\"},\"query-input\":{\"@type\":\"PropertyValueSpecification\",\"valueRequired\":true,\"valueName\":\"search_term_string\"}}],\"inLanguage\":\"fr-FR\"},{\"@type\":\"Person\",\"@id\":\"https:\/\/www.nova-groupe.fr\/fr\/#\/schema\/person\/914fc2542c7631658cdf6631980b00e6\",\"name\":\"Camille Zammit\",\"image\":{\"@type\":\"ImageObject\",\"inLanguage\":\"fr-FR\",\"@id\":\"https:\/\/secure.gravatar.com\/avatar\/0aa14d93c1a779e5d4dc40013b1fad108020ae901341f326debe748d1ec71daf?s=96&d=mm&r=g\",\"url\":\"https:\/\/secure.gravatar.com\/avatar\/0aa14d93c1a779e5d4dc40013b1fad108020ae901341f326debe748d1ec71daf?s=96&d=mm&r=g\",\"contentUrl\":\"https:\/\/secure.gravatar.com\/avatar\/0aa14d93c1a779e5d4dc40013b1fad108020ae901341f326debe748d1ec71daf?s=96&d=mm&r=g\",\"caption\":\"Camille Zammit\"}}]}<\/script>\n<!-- \/ Yoast SEO plugin. -->","yoast_head_json":{"title":"D\u00e9monstration mat\u00e9riels travail du sol INTERCEP \u00e0 Lambesc le Mardi 14 Novembre 2017 - Nova-Groupe","description":"D\u00e9monstration mat\u00e9riels travail du sol INTERCEP \u00e0 Lambesc le Mardi 14 Novembre 2017 john deere cazan lambesc chambre agriculture 13","robots":{"index":"index","follow":"follow","max-snippet":"max-snippet:-1","max-image-preview":"max-image-preview:large","max-video-preview":"max-video-preview:-1"},"canonical":"https:\/\/www.nova-groupe.fr\/fr\/demonstration-materiels-travail-du-sol-intercep-a-lambesc-le-mardi-14-novembre-2017\/","og_locale":"fr_FR","og_type":"article","og_title":"D\u00e9monstration mat\u00e9riels travail du sol INTERCEP \u00e0 Lambesc le Mardi 14 Novembre 2017 - Nova-Groupe","og_description":"D\u00e9monstration mat\u00e9riels travail du sol INTERCEP \u00e0 Lambesc le Mardi 14 Novembre 2017 john deere cazan lambesc chambre agriculture 13","og_url":"https:\/\/www.nova-groupe.fr\/fr\/demonstration-materiels-travail-du-sol-intercep-a-lambesc-le-mardi-14-novembre-2017\/","og_site_name":"Nova-Groupe","article_publisher":"https:\/\/www.facebook.com\/Nova-Groupe-170173286757302\/","article_published_time":"2017-11-13T14:28:11+00:00","article_modified_time":"2019-09-26T13:56:35+00:00","og_image":[{"width":2480,"height":3508,"url":"https:\/\/www.nova-groupe.fr\/wp-content\/uploads\/2017\/11\/flyer-d\u00e9mos-INTERCEPT-LAMBESC.jpg","type":"image\/jpeg"}],"author":"Camille Zammit","twitter_card":"summary_large_image","twitter_misc":{"\u00c9crit par":"Camille Zammit"},"schema":{"@context":"https:\/\/schema.org","@graph":[{"@type":"Article","@id":"https:\/\/www.nova-groupe.fr\/fr\/demonstration-materiels-travail-du-sol-intercep-a-lambesc-le-mardi-14-novembre-2017\/#article","isPartOf":{"@id":"https:\/\/www.nova-groupe.fr\/fr\/demonstration-materiels-travail-du-sol-intercep-a-lambesc-le-mardi-14-novembre-2017\/"},"author":{"name":"Camille Zammit","@id":"https:\/\/www.nova-groupe.fr\/fr\/#\/schema\/person\/914fc2542c7631658cdf6631980b00e6"},"headline":"D\u00e9monstration mat\u00e9riels travail du sol INTERCEP \u00e0 Lambesc le Mardi 14 Novembre 2017","datePublished":"2017-11-13T14:28:11+00:00","dateModified":"2019-09-26T13:56:35+00:00","mainEntityOfPage":{"@id":"https:\/\/www.nova-groupe.fr\/fr\/demonstration-materiels-travail-du-sol-intercep-a-lambesc-le-mardi-14-novembre-2017\/"},"wordCount":102,"commentCount":0,"image":{"@id":"https:\/\/www.nova-groupe.fr\/fr\/demonstration-materiels-travail-du-sol-intercep-a-lambesc-le-mardi-14-novembre-2017\/#primaryimage"},"thumbnailUrl":"https:\/\/www.nova-groupe.fr\/wp-content\/uploads\/2017\/11\/flyer-d\u00e9mos-INTERCEPT-LAMBESC.jpg","articleSection":["Non classifi\u00e9(e)"],"inLanguage":"fr-FR","potentialAction":[{"@type":"CommentAction","name":"Comment","target":["https:\/\/www.nova-groupe.fr\/fr\/demonstration-materiels-travail-du-sol-intercep-a-lambesc-le-mardi-14-novembre-2017\/#respond"]}]},{"@type":"WebPage","@id":"https:\/\/www.nova-groupe.fr\/fr\/demonstration-materiels-travail-du-sol-intercep-a-lambesc-le-mardi-14-novembre-2017\/","url":"https:\/\/www.nova-groupe.fr\/fr\/demonstration-materiels-travail-du-sol-intercep-a-lambesc-le-mardi-14-novembre-2017\/","name":"D\u00e9monstration mat\u00e9riels travail du sol INTERCEP \u00e0 Lambesc le Mardi 14 Novembre 2017 - Nova-Groupe","isPartOf":{"@id":"https:\/\/www.nova-groupe.fr\/fr\/#website"},"primaryImageOfPage":{"@id":"https:\/\/www.nova-groupe.fr\/fr\/demonstration-materiels-travail-du-sol-intercep-a-lambesc-le-mardi-14-novembre-2017\/#primaryimage"},"image":{"@id":"https:\/\/www.nova-groupe.fr\/fr\/demonstration-materiels-travail-du-sol-intercep-a-lambesc-le-mardi-14-novembre-2017\/#primaryimage"},"thumbnailUrl":"https:\/\/www.nova-groupe.fr\/wp-content\/uploads\/2017\/11\/flyer-d\u00e9mos-INTERCEPT-LAMBESC.jpg","datePublished":"2017-11-13T14:28:11+00:00","dateModified":"2019-09-26T13:56:35+00:00","author":{"@id":"https:\/\/www.nova-groupe.fr\/fr\/#\/schema\/person\/914fc2542c7631658cdf6631980b00e6"},"description":"D\u00e9monstration mat\u00e9riels travail du sol INTERCEP \u00e0 Lambesc le Mardi 14 Novembre 2017 john deere cazan lambesc chambre agriculture 13","breadcrumb":{"@id":"https:\/\/www.nova-groupe.fr\/fr\/demonstration-materiels-travail-du-sol-intercep-a-lambesc-le-mardi-14-novembre-2017\/#breadcrumb"},"inLanguage":"fr-FR","potentialAction":[{"@type":"ReadAction","target":["https:\/\/www.nova-groupe.fr\/fr\/demonstration-materiels-travail-du-sol-intercep-a-lambesc-le-mardi-14-novembre-2017\/"]}]},{"@type":"ImageObject","inLanguage":"fr-FR","@id":"https:\/\/www.nova-groupe.fr\/fr\/demonstration-materiels-travail-du-sol-intercep-a-lambesc-le-mardi-14-novembre-2017\/#primaryimage","url":"https:\/\/www.nova-groupe.fr\/wp-content\/uploads\/2017\/11\/flyer-d\u00e9mos-INTERCEPT-LAMBESC.jpg","contentUrl":"https:\/\/www.nova-groupe.fr\/wp-content\/uploads\/2017\/11\/flyer-d\u00e9mos-INTERCEPT-LAMBESC.jpg","width":2480,"height":3508,"caption":"NOVA participera \u00e0 la DEMONSTRATION de mat\u00e9riels du travail du sol INTERCEP le Mardi 14 Novembre \u00e0 13h30 \u00e0 cot\u00e9 du restaurant l'escale des vins, RN7 entre Cazan et Lambesc. En partenariat avec la chambre d\u2019agriculture 13"},{"@type":"BreadcrumbList","@id":"https:\/\/www.nova-groupe.fr\/fr\/demonstration-materiels-travail-du-sol-intercep-a-lambesc-le-mardi-14-novembre-2017\/#breadcrumb","itemListElement":[{"@type":"ListItem","position":1,"name":"Accueil","item":"https:\/\/www.nova-groupe.fr\/fr\/"},{"@type":"ListItem","position":2,"name":"D\u00e9monstration mat\u00e9riels travail du sol INTERCEP \u00e0 Lambesc le Mardi 14 Novembre 2017"}]},{"@type":"WebSite","@id":"https:\/\/www.nova-groupe.fr\/fr\/#website","url":"https:\/\/www.nova-groupe.fr\/fr\/","name":"Nova-Groupe","description":"Vente et location de mat\u00e9riel agricole, BTP, espaces verts et environnement","potentialAction":[{"@type":"SearchAction","target":{"@type":"EntryPoint","urlTemplate":"https:\/\/www.nova-groupe.fr\/fr\/?s={search_term_string}"},"query-input":{"@type":"PropertyValueSpecification","valueRequired":true,"valueName":"search_term_string"}}],"inLanguage":"fr-FR"},{"@type":"Person","@id":"https:\/\/www.nova-groupe.fr\/fr\/#\/schema\/person\/914fc2542c7631658cdf6631980b00e6","name":"Camille Zammit","image":{"@type":"ImageObject","inLanguage":"fr-FR","@id":"https:\/\/secure.gravatar.com\/avatar\/0aa14d93c1a779e5d4dc40013b1fad108020ae901341f326debe748d1ec71daf?s=96&d=mm&r=g","url":"https:\/\/secure.gravatar.com\/avatar\/0aa14d93c1a779e5d4dc40013b1fad108020ae901341f326debe748d1ec71daf?s=96&d=mm&r=g","contentUrl":"https:\/\/secure.gravatar.com\/avatar\/0aa14d93c1a779e5d4dc40013b1fad108020ae901341f326debe748d1ec71daf?s=96&d=mm&r=g","caption":"Camille Zammit"}}]}},"_links":{"self":[{"href":"https:\/\/www.nova-groupe.fr\/fr\/wp-json\/wp\/v2\/posts\/7579","targetHints":{"allow":["GET"]}}],"collection":[{"href":"https:\/\/www.nova-groupe.fr\/fr\/wp-json\/wp\/v2\/posts"}],"about":[{"href":"https:\/\/www.nova-groupe.fr\/fr\/wp-json\/wp\/v2\/types\/post"}],"author":[{"embeddable":true,"href":"https:\/\/www.nova-groupe.fr\/fr\/wp-json\/wp\/v2\/users\/3"}],"replies":[{"embeddable":true,"href":"https:\/\/www.nova-groupe.fr\/fr\/wp-json\/wp\/v2\/comments?post=7579"}],"version-history":[{"count":0,"href":"https:\/\/www.nova-groupe.fr\/fr\/wp-json\/wp\/v2\/posts\/7579\/revisions"}],"wp:featuredmedia":[{"embeddable":true,"href":"https:\/\/www.nova-groupe.fr\/fr\/wp-json\/wp\/v2\/media\/7580"}],"wp:attachment":[{"href":"https:\/\/www.nova-groupe.fr\/fr\/wp-json\/wp\/v2\/media?parent=7579"}],"wp:term":[{"taxonomy":"category","embeddable":true,"href":"https:\/\/www.nova-groupe.fr\/fr\/wp-json\/wp\/v2\/categories?post=7579"},{"taxonomy":"post_tag","embeddable":true,"href":"https:\/\/www.nova-groupe.fr\/fr\/wp-json\/wp\/v2\/tags?post=7579"}],"curies":[{"name":"wp","href":"https:\/\/api.w.org\/{rel}","templated":true}]}}