{"id":8745,"date":"2018-02-16T08:33:21","date_gmt":"2018-02-16T07:33:21","guid":{"rendered":"https:\/\/www.nova-groupe.fr\/?p=8745"},"modified":"2019-09-26T15:39:32","modified_gmt":"2019-09-26T13:39:32","slug":"mardi-20-fevrier-demonstrations-journee-de-presentation-materiels-agricole","status":"publish","type":"post","link":"https:\/\/www.nova-groupe.fr\/fr\/mardi-20-fevrier-demonstrations-journee-de-presentation-materiels-agricole\/","title":{"rendered":"Mardi 20 F\u00e9vrier: D\u00e9monstrations et Journ\u00e9e de Pr\u00e9sentation mat\u00e9riels Agricole"},"content":{"rendered":"<div id=\"pl-8745\"  class=\"panel-layout\" >\n<div id=\"pg-8745-0\"  class=\"panel-grid panel-no-style\" >\n<div id=\"pgc-8745-0-0\"  class=\"panel-grid-cell\"  data-weight=\"1\" >\n<div id=\"panel-8745-0-0-0\" class=\"so-panel widget widget_sow-editor panel-first-child panel-last-child\" data-index=\"0\" data-style=\"{&quot;background_image_attachment&quot;:false,&quot;background_display&quot;:&quot;tile&quot;}\" >\n<div class=\"so-widget-sow-editor so-widget-sow-editor-base\">\n<div class=\"siteorigin-widget-tinymce textwidget\">\n<h2>Journ\u00e9e pr\u00e9sentation &#8211; d\u00e9monstration Mardi 20 f\u00e9vrier<\/h2>\n<p>Retrouvez nous Mardi 20 F\u00e9vrier lors de deux rencontres :<\/p>\n<ul>\n<li>Sur l&rsquo;<strong>agence de Saint Hilare de Brethmas\u00a0<\/strong>(30560) de 10h \u00e0 18h\u00a0 lors d&rsquo;une <strong>journ\u00e9e de Pr\u00e9sentation en statique des charrues AMAZONE<\/strong><br \/>\n&#8211; XS 5 corps non stop hydraulique versoir clair-voie<br \/>\n&#8211; XM 4 corps non stop hydraulique<br \/>\n&#8211; XS PRO 4 corps hydraulique varie large<\/li>\n<\/ul>\n<ul>\n<li>Sur <strong>le secteur de Riez<\/strong> (dept.04) pour une <strong>d\u00e9monstration \u00ab\u00a0modulation intra-parcellaire\u00a0\u00bb<\/strong> John Deere S\u00e9rie 6 et Amazone ZAV 3200 organis\u00e9e par Raison&rsquo;Alpes au GAEC Des Fabres.<br \/>\n&#8211; Le groupe Nova vous pr\u00e9sentera la compatibilit\u00e9 ISOBUS, la modulation intra-parcellaire, la coupure de tron\u00e7ons et le syst\u00e8me de guidage John Deere.<\/li>\n<\/ul>\n<p><img decoding=\"async\" class=\"alignnone wp-image-8748 size-large\" src=\"https:\/\/www.nova-groupe.fr\/wp-content\/uploads\/2018\/02\/flyer-d\u00e9mo-GAEC-DES-FABRES-724x1024.jpg\" alt=\"\" width=\"724\" height=\"1024\" srcset=\"https:\/\/www.nova-groupe.fr\/wp-content\/uploads\/2018\/02\/flyer-d\u00e9mo-GAEC-DES-FABRES-724x1024.jpg 724w, https:\/\/www.nova-groupe.fr\/wp-content\/uploads\/2018\/02\/flyer-d\u00e9mo-GAEC-DES-FABRES-212x300.jpg 212w, https:\/\/www.nova-groupe.fr\/wp-content\/uploads\/2018\/02\/flyer-d\u00e9mo-GAEC-DES-FABRES-768x1086.jpg 768w\" sizes=\"(max-width: 724px) 100vw, 724px\" \/><\/p>\n<hr \/>\n<p>[siteorigin_widget class=\u00a0\u00bbSiteOrigin_Widget_Image_Widget\u00a0\u00bb][\/siteorigin_widget]<\/p>\n<\/div>\n<\/div>\n<\/div>\n<\/div>\n<\/div>\n<\/div>\n","protected":false},"excerpt":{"rendered":"<p>Journ\u00e9e pr\u00e9sentation &#8211; d\u00e9monstration Mardi 20 f\u00e9vrier Retrouvez nous Mardi 20 F\u00e9vrier lors de deux rencontres : Sur l&rsquo;agence de Saint Hilare de Brethmas\u00a0(30560) de 10h \u00e0 18h\u00a0 lors d&rsquo;une journ\u00e9e de Pr\u00e9sentation en statique des charrues AMAZONE &#8211; XS 5 corps non stop hydraulique versoir clair-voie &#8211; XM 4 corps non stop hydraulique &#8211; [&hellip;]<\/p>\n","protected":false},"author":3,"featured_media":8747,"comment_status":"open","ping_status":"closed","sticky":false,"template":"","format":"gallery","meta":{"_acf_changed":false,"_et_pb_use_builder":"","_et_pb_old_content":"","_et_gb_content_width":"","om_disable_all_campaigns":false,"_monsterinsights_skip_tracking":false,"_monsterinsights_sitenote_active":false,"_monsterinsights_sitenote_note":"","_monsterinsights_sitenote_category":0,"_uf_show_specific_survey":0,"_uf_disable_surveys":false,"footnotes":""},"categories":[1],"tags":[1072,1076,1078,1074],"class_list":["post-8745","post","type-post","status-publish","format-gallery","has-post-thumbnail","hentry","category-non-classifiee","tag-demonstration","tag-evenement","tag-invitation","tag-journee-presentation","post_format-post-format-gallery"],"acf":[],"yoast_head":"<!-- This site is optimized with the Yoast SEO plugin v27.2 - https:\/\/yoast.com\/product\/yoast-seo-wordpress\/ -->\n<title>Mardi 20 F\u00e9vrier: D\u00e9monstrations et Journ\u00e9e de Pr\u00e9sentation mat\u00e9riels Agricole - Nova-Groupe<\/title>\n<meta name=\"description\" content=\"journ\u00e9e pr\u00e9sentation d\u00e9monstration 20 f\u00e9vrier au gaec des Fabres (secteur riez , dept. 04) lors d&#039;une journ\u00e9e de d\u00e9monstrations modulation intra parcellaire (isobus, modulation intra parcellaire, coupure de tron\u00e7ons, syst\u00e8me de guidage ams john deere) et lors d&#039;une pr\u00e9sentation en statique des charrues Amazone sur l&#039;agence Nova de Saint Hilaire de Brethmas (xs, xs pro, xm)\" \/>\n<meta name=\"robots\" content=\"index, follow, max-snippet:-1, max-image-preview:large, max-video-preview:-1\" \/>\n<link rel=\"canonical\" href=\"https:\/\/www.nova-groupe.fr\/fr\/mardi-20-fevrier-demonstrations-journee-de-presentation-materiels-agricole\/\" \/>\n<meta property=\"og:locale\" content=\"fr_FR\" \/>\n<meta property=\"og:type\" content=\"article\" \/>\n<meta property=\"og:title\" content=\"Mardi 20 F\u00e9vrier: D\u00e9monstrations et Journ\u00e9e de Pr\u00e9sentation mat\u00e9riels Agricole - Nova-Groupe\" \/>\n<meta property=\"og:description\" content=\"journ\u00e9e pr\u00e9sentation d\u00e9monstration 20 f\u00e9vrier au gaec des Fabres (secteur riez , dept. 04) lors d&#039;une journ\u00e9e de d\u00e9monstrations modulation intra parcellaire (isobus, modulation intra parcellaire, coupure de tron\u00e7ons, syst\u00e8me de guidage ams john deere) et lors d&#039;une pr\u00e9sentation en statique des charrues Amazone sur l&#039;agence Nova de Saint Hilaire de Brethmas (xs, xs pro, xm)\" \/>\n<meta property=\"og:url\" content=\"https:\/\/www.nova-groupe.fr\/fr\/mardi-20-fevrier-demonstrations-journee-de-presentation-materiels-agricole\/\" \/>\n<meta property=\"og:site_name\" content=\"Nova-Groupe\" \/>\n<meta property=\"article:publisher\" content=\"https:\/\/www.facebook.com\/Nova-Groupe-170173286757302\/\" \/>\n<meta property=\"article:published_time\" content=\"2018-02-16T07:33:21+00:00\" \/>\n<meta property=\"article:modified_time\" content=\"2019-09-26T13:39:32+00:00\" \/>\n<meta property=\"og:image\" content=\"https:\/\/www.nova-groupe.fr\/wp-content\/uploads\/2018\/02\/flyer-demo-statique-amazone-jd-st-hilaire-20-02-2018.jpg\" \/>\n\t<meta property=\"og:image:width\" content=\"2480\" \/>\n\t<meta property=\"og:image:height\" content=\"3508\" \/>\n\t<meta property=\"og:image:type\" content=\"image\/jpeg\" \/>\n<meta name=\"author\" content=\"Camille Zammit\" \/>\n<meta name=\"twitter:card\" content=\"summary_large_image\" \/>\n<meta name=\"twitter:label1\" content=\"\u00c9crit par\" \/>\n\t<meta name=\"twitter:data1\" content=\"Camille Zammit\" \/>\n\t<meta name=\"twitter:label2\" content=\"Dur\u00e9e de lecture estim\u00e9e\" \/>\n\t<meta name=\"twitter:data2\" content=\"1 minute\" \/>\n<script type=\"application\/ld+json\" class=\"yoast-schema-graph\">{\"@context\":\"https:\/\/schema.org\",\"@graph\":[{\"@type\":\"Article\",\"@id\":\"https:\/\/www.nova-groupe.fr\/fr\/mardi-20-fevrier-demonstrations-journee-de-presentation-materiels-agricole\/#article\",\"isPartOf\":{\"@id\":\"https:\/\/www.nova-groupe.fr\/fr\/mardi-20-fevrier-demonstrations-journee-de-presentation-materiels-agricole\/\"},\"author\":{\"name\":\"Camille Zammit\",\"@id\":\"https:\/\/www.nova-groupe.fr\/fr\/#\/schema\/person\/914fc2542c7631658cdf6631980b00e6\"},\"headline\":\"Mardi 20 F\u00e9vrier: D\u00e9monstrations et Journ\u00e9e de Pr\u00e9sentation mat\u00e9riels Agricole\",\"datePublished\":\"2018-02-16T07:33:21+00:00\",\"dateModified\":\"2019-09-26T13:39:32+00:00\",\"mainEntityOfPage\":{\"@id\":\"https:\/\/www.nova-groupe.fr\/fr\/mardi-20-fevrier-demonstrations-journee-de-presentation-materiels-agricole\/\"},\"wordCount\":141,\"commentCount\":0,\"image\":{\"@id\":\"https:\/\/www.nova-groupe.fr\/fr\/mardi-20-fevrier-demonstrations-journee-de-presentation-materiels-agricole\/#primaryimage\"},\"thumbnailUrl\":\"https:\/\/www.nova-groupe.fr\/wp-content\/uploads\/2018\/02\/flyer-demo-statique-amazone-jd-st-hilaire-20-02-2018.jpg\",\"keywords\":[\"demonstration\",\"evenement\",\"invitation\",\"journ\u00e9e presentation\"],\"articleSection\":[\"Non classifi\u00e9(e)\"],\"inLanguage\":\"fr-FR\",\"potentialAction\":[{\"@type\":\"CommentAction\",\"name\":\"Comment\",\"target\":[\"https:\/\/www.nova-groupe.fr\/fr\/mardi-20-fevrier-demonstrations-journee-de-presentation-materiels-agricole\/#respond\"]}]},{\"@type\":\"WebPage\",\"@id\":\"https:\/\/www.nova-groupe.fr\/fr\/mardi-20-fevrier-demonstrations-journee-de-presentation-materiels-agricole\/\",\"url\":\"https:\/\/www.nova-groupe.fr\/fr\/mardi-20-fevrier-demonstrations-journee-de-presentation-materiels-agricole\/\",\"name\":\"Mardi 20 F\u00e9vrier: D\u00e9monstrations et Journ\u00e9e de Pr\u00e9sentation mat\u00e9riels Agricole - Nova-Groupe\",\"isPartOf\":{\"@id\":\"https:\/\/www.nova-groupe.fr\/fr\/#website\"},\"primaryImageOfPage\":{\"@id\":\"https:\/\/www.nova-groupe.fr\/fr\/mardi-20-fevrier-demonstrations-journee-de-presentation-materiels-agricole\/#primaryimage\"},\"image\":{\"@id\":\"https:\/\/www.nova-groupe.fr\/fr\/mardi-20-fevrier-demonstrations-journee-de-presentation-materiels-agricole\/#primaryimage\"},\"thumbnailUrl\":\"https:\/\/www.nova-groupe.fr\/wp-content\/uploads\/2018\/02\/flyer-demo-statique-amazone-jd-st-hilaire-20-02-2018.jpg\",\"datePublished\":\"2018-02-16T07:33:21+00:00\",\"dateModified\":\"2019-09-26T13:39:32+00:00\",\"author\":{\"@id\":\"https:\/\/www.nova-groupe.fr\/fr\/#\/schema\/person\/914fc2542c7631658cdf6631980b00e6\"},\"description\":\"journ\u00e9e pr\u00e9sentation d\u00e9monstration 20 f\u00e9vrier au gaec des Fabres (secteur riez , dept. 04) lors d'une journ\u00e9e de d\u00e9monstrations modulation intra parcellaire (isobus, modulation intra parcellaire, coupure de tron\u00e7ons, syst\u00e8me de guidage ams john deere) et lors d'une pr\u00e9sentation en statique des charrues Amazone sur l'agence Nova de Saint Hilaire de Brethmas (xs, xs pro, xm)\",\"breadcrumb\":{\"@id\":\"https:\/\/www.nova-groupe.fr\/fr\/mardi-20-fevrier-demonstrations-journee-de-presentation-materiels-agricole\/#breadcrumb\"},\"inLanguage\":\"fr-FR\",\"potentialAction\":[{\"@type\":\"ReadAction\",\"target\":[\"https:\/\/www.nova-groupe.fr\/fr\/mardi-20-fevrier-demonstrations-journee-de-presentation-materiels-agricole\/\"]}]},{\"@type\":\"ImageObject\",\"inLanguage\":\"fr-FR\",\"@id\":\"https:\/\/www.nova-groupe.fr\/fr\/mardi-20-fevrier-demonstrations-journee-de-presentation-materiels-agricole\/#primaryimage\",\"url\":\"https:\/\/www.nova-groupe.fr\/wp-content\/uploads\/2018\/02\/flyer-demo-statique-amazone-jd-st-hilaire-20-02-2018.jpg\",\"contentUrl\":\"https:\/\/www.nova-groupe.fr\/wp-content\/uploads\/2018\/02\/flyer-demo-statique-amazone-jd-st-hilaire-20-02-2018.jpg\",\"width\":2480,\"height\":3508},{\"@type\":\"BreadcrumbList\",\"@id\":\"https:\/\/www.nova-groupe.fr\/fr\/mardi-20-fevrier-demonstrations-journee-de-presentation-materiels-agricole\/#breadcrumb\",\"itemListElement\":[{\"@type\":\"ListItem\",\"position\":1,\"name\":\"Accueil\",\"item\":\"https:\/\/www.nova-groupe.fr\/fr\/\"},{\"@type\":\"ListItem\",\"position\":2,\"name\":\"Mardi 20 F\u00e9vrier: D\u00e9monstrations et Journ\u00e9e de Pr\u00e9sentation mat\u00e9riels Agricole\"}]},{\"@type\":\"WebSite\",\"@id\":\"https:\/\/www.nova-groupe.fr\/fr\/#website\",\"url\":\"https:\/\/www.nova-groupe.fr\/fr\/\",\"name\":\"Nova-Groupe\",\"description\":\"Vente et location de mat\u00e9riel agricole, BTP, espaces verts et environnement\",\"potentialAction\":[{\"@type\":\"SearchAction\",\"target\":{\"@type\":\"EntryPoint\",\"urlTemplate\":\"https:\/\/www.nova-groupe.fr\/fr\/?s={search_term_string}\"},\"query-input\":{\"@type\":\"PropertyValueSpecification\",\"valueRequired\":true,\"valueName\":\"search_term_string\"}}],\"inLanguage\":\"fr-FR\"},{\"@type\":\"Person\",\"@id\":\"https:\/\/www.nova-groupe.fr\/fr\/#\/schema\/person\/914fc2542c7631658cdf6631980b00e6\",\"name\":\"Camille Zammit\",\"image\":{\"@type\":\"ImageObject\",\"inLanguage\":\"fr-FR\",\"@id\":\"https:\/\/secure.gravatar.com\/avatar\/0aa14d93c1a779e5d4dc40013b1fad108020ae901341f326debe748d1ec71daf?s=96&d=mm&r=g\",\"url\":\"https:\/\/secure.gravatar.com\/avatar\/0aa14d93c1a779e5d4dc40013b1fad108020ae901341f326debe748d1ec71daf?s=96&d=mm&r=g\",\"contentUrl\":\"https:\/\/secure.gravatar.com\/avatar\/0aa14d93c1a779e5d4dc40013b1fad108020ae901341f326debe748d1ec71daf?s=96&d=mm&r=g\",\"caption\":\"Camille Zammit\"}}]}<\/script>\n<!-- \/ Yoast SEO plugin. -->","yoast_head_json":{"title":"Mardi 20 F\u00e9vrier: D\u00e9monstrations et Journ\u00e9e de Pr\u00e9sentation mat\u00e9riels Agricole - Nova-Groupe","description":"journ\u00e9e pr\u00e9sentation d\u00e9monstration 20 f\u00e9vrier au gaec des Fabres (secteur riez , dept. 04) lors d'une journ\u00e9e de d\u00e9monstrations modulation intra parcellaire (isobus, modulation intra parcellaire, coupure de tron\u00e7ons, syst\u00e8me de guidage ams john deere) et lors d'une pr\u00e9sentation en statique des charrues Amazone sur l'agence Nova de Saint Hilaire de Brethmas (xs, xs pro, xm)","robots":{"index":"index","follow":"follow","max-snippet":"max-snippet:-1","max-image-preview":"max-image-preview:large","max-video-preview":"max-video-preview:-1"},"canonical":"https:\/\/www.nova-groupe.fr\/fr\/mardi-20-fevrier-demonstrations-journee-de-presentation-materiels-agricole\/","og_locale":"fr_FR","og_type":"article","og_title":"Mardi 20 F\u00e9vrier: D\u00e9monstrations et Journ\u00e9e de Pr\u00e9sentation mat\u00e9riels Agricole - Nova-Groupe","og_description":"journ\u00e9e pr\u00e9sentation d\u00e9monstration 20 f\u00e9vrier au gaec des Fabres (secteur riez , dept. 04) lors d'une journ\u00e9e de d\u00e9monstrations modulation intra parcellaire (isobus, modulation intra parcellaire, coupure de tron\u00e7ons, syst\u00e8me de guidage ams john deere) et lors d'une pr\u00e9sentation en statique des charrues Amazone sur l'agence Nova de Saint Hilaire de Brethmas (xs, xs pro, xm)","og_url":"https:\/\/www.nova-groupe.fr\/fr\/mardi-20-fevrier-demonstrations-journee-de-presentation-materiels-agricole\/","og_site_name":"Nova-Groupe","article_publisher":"https:\/\/www.facebook.com\/Nova-Groupe-170173286757302\/","article_published_time":"2018-02-16T07:33:21+00:00","article_modified_time":"2019-09-26T13:39:32+00:00","og_image":[{"width":2480,"height":3508,"url":"https:\/\/www.nova-groupe.fr\/wp-content\/uploads\/2018\/02\/flyer-demo-statique-amazone-jd-st-hilaire-20-02-2018.jpg","type":"image\/jpeg"}],"author":"Camille Zammit","twitter_card":"summary_large_image","twitter_misc":{"\u00c9crit par":"Camille Zammit","Dur\u00e9e de lecture estim\u00e9e":"1 minute"},"schema":{"@context":"https:\/\/schema.org","@graph":[{"@type":"Article","@id":"https:\/\/www.nova-groupe.fr\/fr\/mardi-20-fevrier-demonstrations-journee-de-presentation-materiels-agricole\/#article","isPartOf":{"@id":"https:\/\/www.nova-groupe.fr\/fr\/mardi-20-fevrier-demonstrations-journee-de-presentation-materiels-agricole\/"},"author":{"name":"Camille Zammit","@id":"https:\/\/www.nova-groupe.fr\/fr\/#\/schema\/person\/914fc2542c7631658cdf6631980b00e6"},"headline":"Mardi 20 F\u00e9vrier: D\u00e9monstrations et Journ\u00e9e de Pr\u00e9sentation mat\u00e9riels Agricole","datePublished":"2018-02-16T07:33:21+00:00","dateModified":"2019-09-26T13:39:32+00:00","mainEntityOfPage":{"@id":"https:\/\/www.nova-groupe.fr\/fr\/mardi-20-fevrier-demonstrations-journee-de-presentation-materiels-agricole\/"},"wordCount":141,"commentCount":0,"image":{"@id":"https:\/\/www.nova-groupe.fr\/fr\/mardi-20-fevrier-demonstrations-journee-de-presentation-materiels-agricole\/#primaryimage"},"thumbnailUrl":"https:\/\/www.nova-groupe.fr\/wp-content\/uploads\/2018\/02\/flyer-demo-statique-amazone-jd-st-hilaire-20-02-2018.jpg","keywords":["demonstration","evenement","invitation","journ\u00e9e presentation"],"articleSection":["Non classifi\u00e9(e)"],"inLanguage":"fr-FR","potentialAction":[{"@type":"CommentAction","name":"Comment","target":["https:\/\/www.nova-groupe.fr\/fr\/mardi-20-fevrier-demonstrations-journee-de-presentation-materiels-agricole\/#respond"]}]},{"@type":"WebPage","@id":"https:\/\/www.nova-groupe.fr\/fr\/mardi-20-fevrier-demonstrations-journee-de-presentation-materiels-agricole\/","url":"https:\/\/www.nova-groupe.fr\/fr\/mardi-20-fevrier-demonstrations-journee-de-presentation-materiels-agricole\/","name":"Mardi 20 F\u00e9vrier: D\u00e9monstrations et Journ\u00e9e de Pr\u00e9sentation mat\u00e9riels Agricole - Nova-Groupe","isPartOf":{"@id":"https:\/\/www.nova-groupe.fr\/fr\/#website"},"primaryImageOfPage":{"@id":"https:\/\/www.nova-groupe.fr\/fr\/mardi-20-fevrier-demonstrations-journee-de-presentation-materiels-agricole\/#primaryimage"},"image":{"@id":"https:\/\/www.nova-groupe.fr\/fr\/mardi-20-fevrier-demonstrations-journee-de-presentation-materiels-agricole\/#primaryimage"},"thumbnailUrl":"https:\/\/www.nova-groupe.fr\/wp-content\/uploads\/2018\/02\/flyer-demo-statique-amazone-jd-st-hilaire-20-02-2018.jpg","datePublished":"2018-02-16T07:33:21+00:00","dateModified":"2019-09-26T13:39:32+00:00","author":{"@id":"https:\/\/www.nova-groupe.fr\/fr\/#\/schema\/person\/914fc2542c7631658cdf6631980b00e6"},"description":"journ\u00e9e pr\u00e9sentation d\u00e9monstration 20 f\u00e9vrier au gaec des Fabres (secteur riez , dept. 04) lors d'une journ\u00e9e de d\u00e9monstrations modulation intra parcellaire (isobus, modulation intra parcellaire, coupure de tron\u00e7ons, syst\u00e8me de guidage ams john deere) et lors d'une pr\u00e9sentation en statique des charrues Amazone sur l'agence Nova de Saint Hilaire de Brethmas (xs, xs pro, xm)","breadcrumb":{"@id":"https:\/\/www.nova-groupe.fr\/fr\/mardi-20-fevrier-demonstrations-journee-de-presentation-materiels-agricole\/#breadcrumb"},"inLanguage":"fr-FR","potentialAction":[{"@type":"ReadAction","target":["https:\/\/www.nova-groupe.fr\/fr\/mardi-20-fevrier-demonstrations-journee-de-presentation-materiels-agricole\/"]}]},{"@type":"ImageObject","inLanguage":"fr-FR","@id":"https:\/\/www.nova-groupe.fr\/fr\/mardi-20-fevrier-demonstrations-journee-de-presentation-materiels-agricole\/#primaryimage","url":"https:\/\/www.nova-groupe.fr\/wp-content\/uploads\/2018\/02\/flyer-demo-statique-amazone-jd-st-hilaire-20-02-2018.jpg","contentUrl":"https:\/\/www.nova-groupe.fr\/wp-content\/uploads\/2018\/02\/flyer-demo-statique-amazone-jd-st-hilaire-20-02-2018.jpg","width":2480,"height":3508},{"@type":"BreadcrumbList","@id":"https:\/\/www.nova-groupe.fr\/fr\/mardi-20-fevrier-demonstrations-journee-de-presentation-materiels-agricole\/#breadcrumb","itemListElement":[{"@type":"ListItem","position":1,"name":"Accueil","item":"https:\/\/www.nova-groupe.fr\/fr\/"},{"@type":"ListItem","position":2,"name":"Mardi 20 F\u00e9vrier: D\u00e9monstrations et Journ\u00e9e de Pr\u00e9sentation mat\u00e9riels Agricole"}]},{"@type":"WebSite","@id":"https:\/\/www.nova-groupe.fr\/fr\/#website","url":"https:\/\/www.nova-groupe.fr\/fr\/","name":"Nova-Groupe","description":"Vente et location de mat\u00e9riel agricole, BTP, espaces verts et environnement","potentialAction":[{"@type":"SearchAction","target":{"@type":"EntryPoint","urlTemplate":"https:\/\/www.nova-groupe.fr\/fr\/?s={search_term_string}"},"query-input":{"@type":"PropertyValueSpecification","valueRequired":true,"valueName":"search_term_string"}}],"inLanguage":"fr-FR"},{"@type":"Person","@id":"https:\/\/www.nova-groupe.fr\/fr\/#\/schema\/person\/914fc2542c7631658cdf6631980b00e6","name":"Camille Zammit","image":{"@type":"ImageObject","inLanguage":"fr-FR","@id":"https:\/\/secure.gravatar.com\/avatar\/0aa14d93c1a779e5d4dc40013b1fad108020ae901341f326debe748d1ec71daf?s=96&d=mm&r=g","url":"https:\/\/secure.gravatar.com\/avatar\/0aa14d93c1a779e5d4dc40013b1fad108020ae901341f326debe748d1ec71daf?s=96&d=mm&r=g","contentUrl":"https:\/\/secure.gravatar.com\/avatar\/0aa14d93c1a779e5d4dc40013b1fad108020ae901341f326debe748d1ec71daf?s=96&d=mm&r=g","caption":"Camille Zammit"}}]}},"_links":{"self":[{"href":"https:\/\/www.nova-groupe.fr\/fr\/wp-json\/wp\/v2\/posts\/8745","targetHints":{"allow":["GET"]}}],"collection":[{"href":"https:\/\/www.nova-groupe.fr\/fr\/wp-json\/wp\/v2\/posts"}],"about":[{"href":"https:\/\/www.nova-groupe.fr\/fr\/wp-json\/wp\/v2\/types\/post"}],"author":[{"embeddable":true,"href":"https:\/\/www.nova-groupe.fr\/fr\/wp-json\/wp\/v2\/users\/3"}],"replies":[{"embeddable":true,"href":"https:\/\/www.nova-groupe.fr\/fr\/wp-json\/wp\/v2\/comments?post=8745"}],"version-history":[{"count":0,"href":"https:\/\/www.nova-groupe.fr\/fr\/wp-json\/wp\/v2\/posts\/8745\/revisions"}],"wp:featuredmedia":[{"embeddable":true,"href":"https:\/\/www.nova-groupe.fr\/fr\/wp-json\/wp\/v2\/media\/8747"}],"wp:attachment":[{"href":"https:\/\/www.nova-groupe.fr\/fr\/wp-json\/wp\/v2\/media?parent=8745"}],"wp:term":[{"taxonomy":"category","embeddable":true,"href":"https:\/\/www.nova-groupe.fr\/fr\/wp-json\/wp\/v2\/categories?post=8745"},{"taxonomy":"post_tag","embeddable":true,"href":"https:\/\/www.nova-groupe.fr\/fr\/wp-json\/wp\/v2\/tags?post=8745"}],"curies":[{"name":"wp","href":"https:\/\/api.w.org\/{rel}","templated":true}]}}