{"id":8835,"date":"2018-03-07T09:21:28","date_gmt":"2018-03-07T08:21:28","guid":{"rendered":"https:\/\/www.nova-groupe.fr\/?p=8835"},"modified":"2019-09-26T15:35:46","modified_gmt":"2019-09-26T13:35:46","slug":"inauguration-de-votre-nouvelle-agence-de-gap-le-samedi-17-mars","status":"publish","type":"post","link":"https:\/\/www.nova-groupe.fr\/fr\/inauguration-de-votre-nouvelle-agence-de-gap-le-samedi-17-mars\/","title":{"rendered":"Inauguration de Votre Nouvelle agence de GAP Le Samedi 17 Mars"},"content":{"rendered":"<h2>Nova inaugure sa nouvelle agence sur GAP !<\/h2>\n<h3><span style=\"color: #ff6600;\"><strong>Rendez vous le Samedi 17 Mars \u00e0 partir de 09h00<br \/>\n<\/strong><\/span><\/h3>\n<p><span class=\"_4n-j _3cht fsl\" data-testid=\"event-permalink-details\">???? JOURN\u00c9E D\u2019INAUGURATION\u00a0 ????<\/span><\/p>\n<p>Nova a le plaisir de vous convier \u00e0 l\u2019inauguration de votre nouvelle agence de Gap<\/p>\n<p>Retrouvez-nous autour d\u2019un buffet pour un moment de convivialit\u00e9.<\/p>\n<p><span class=\"_4n-j _3cht fsl\" data-testid=\"event-permalink-details\">Venez d\u00e9couvrir nos gammes de mat\u00e9riels <a href=\"https:\/\/www.nova-groupe.fr\/fr\/nos-marques\/agricole\/\">Agricoles<\/a>, <a href=\"https:\/\/www.nova-groupe.fr\/fr\/nos-marques\/btp\/\">BTP<\/a> et <a href=\"https:\/\/www.nova-groupe.fr\/fr\/nos-marques\/espaces-verts\/\">Espaces Verts<\/a>.<\/span><\/p>\n<p>En pr\u00e9sence de m. DIDIER roger, Maire de Gap, Vice &#8211; Pr\u00e9sident de la r\u00e9gion PACA et Pr\u00e9sident de la communaut\u00e9 d\u2019agglom\u00e9ration Gap-Tallard-Durance.<\/p>\n<p><img decoding=\"async\" class=\"alignnone wp-image-8840 size-large\" src=\"https:\/\/www.nova-groupe.fr\/wp-content\/uploads\/2018\/03\/couv-event-fb-1024x576.jpg\" alt=\"journ\u00e9ee inauguration samedi 17 mars 2018 \u00e0 Gap de votre nouvelle agence Nova , vente location reparation materiels agricoles, btp et espaces verts\" width=\"1024\" height=\"576\" srcset=\"https:\/\/www.nova-groupe.fr\/wp-content\/uploads\/2018\/03\/couv-event-fb-1024x576.jpg 1024w, https:\/\/www.nova-groupe.fr\/wp-content\/uploads\/2018\/03\/couv-event-fb-300x169.jpg 300w, https:\/\/www.nova-groupe.fr\/wp-content\/uploads\/2018\/03\/couv-event-fb-768x432.jpg 768w\" sizes=\"(max-width: 1024px) 100vw, 1024px\" \/><\/p>\n<p><span class=\"_4n-j _3cht fsl\" data-testid=\"event-permalink-details\"><img decoding=\"async\" class=\"alignnone size-medium wp-image-8836\" style=\"display: none !important;\" src=\"https:\/\/www.nova-groupe.fr\/wp-content\/uploads\/2018\/03\/bandeau-pub-event-fb-300x169.png\" alt=\"\" width=\"300\" height=\"169\" \/><\/span><\/p>\n<p>Contactez votre agence pour plus d&rsquo;informations.<\/p>\n<p>NOVA &#8211; ZA Plaine de Lachaup &#8211; Ouest<br \/>\n05000 GAP<br \/>\nTel. 04 92 51 02 90<br \/>\n<a href=\"https:\/\/l.facebook.com\/l.php?u=http%3A%2F%2Fwww.nova-groupe.fr%2F&amp;h=ATOo9OpJ2XUfKIwGopUdO1s4MD-vpLLEnCuFPYvrKDTFmg1EDtWT0RgceRL3PDf91MZbeGOGjoV2bdjwNbXyYrOQch73ezlXtpmHuYfPktrxvudnY4fA-A\" target=\"_blank\" rel=\"nofollow noopener noreferrer\" data-lynx-mode=\"asynclazy\">www.nova-groupe.fr<\/a><\/p>\n<p>Plan d&rsquo;acc\u00e8s:<br \/>\n<iframe src=\"https:\/\/www.google.com\/maps\/embed?pb=!1m18!1m12!1m3!1d1422.633114756496!2d6.043290658300992!3d44.50969999477536!2m3!1f0!2f0!3f0!3m2!1i1024!2i768!4f13.1!3m3!1m2!1s0x0%3A0x0!2zNDTCsDMwJzM0LjkiTiA2wrAwMiczOS44IkU!5e0!3m2!1sfr!2sfr!4v1519025938666\" width=\"600\" height=\"450\" frameborder=\"0\" allowfullscreen=\"allowfullscreen\"><\/iframe><\/p>\n<p>&nbsp;<\/p>\n<p>Retrouvez les images de la construction de notre agence en vid\u00e9o:<\/p>\n<p><iframe style=\"border: none; overflow: hidden;\" src=\"https:\/\/www.facebook.com\/plugins\/video.php?href=https%3A%2F%2Fwww.facebook.com%2F170173286757302%2Fvideos%2F402884180152877%2F&amp;show_text=0&amp;width=560\" width=\"560\" height=\"315\" frameborder=\"0\" scrolling=\"no\" allowfullscreen=\"allowfullscreen\"><\/iframe><\/p>\n<p>&nbsp;<\/p>\n<p>Vente achat location sav: les services propos\u00e9s par cette nouvelle agence s&rsquo;orientent autours de 3 domaines d&rsquo;expertise: Agricole , Espaces Verts et BTP.<\/p>\n<p>Chacune de nos bases est constitu\u00e9e d\u2019un <strong>atelier<\/strong> en charge des <strong>r\u00e9visions et r\u00e9parations de machines de toutes marques<\/strong>.<\/p>\n<p>Nova dispose \u00e9galement d\u2019<strong>ateliers mobiles<\/strong> permettant \u00e0 nos techniciens d\u2019intervenir directement chez <strong>nos clients<\/strong> dans les meilleurs d\u00e9lais.<\/p>\n<p>Nova c\u2019est \u00e9galement un service d\u2019<strong>astreinte 6j\/7<\/strong> pour r\u00e9pondre aux urgences.<\/p>\n<p><span style=\"color: #ff6600;\">Notre objectif<\/span>\u00a0: optimiser le service apr\u00e8s-vente et vous permettre de retourner \u00e0 vos activit\u00e9s le plus rapidement possible.<\/p>\n<p>Le libre-service propose du mat\u00e9riel d\u2019espaces verts et agricole, de l\u2019outillage, de la boulonnerie, des pi\u00e8ces d\u00e9tach\u00e9es toutes marques, de la cl\u00f4ture, des jouets et du textile\u2026<\/p>\n<p><strong>Des magasiniers <\/strong>vous <strong>accueillent <\/strong>et vous conseillent pour vous procurer le meilleur des services.<\/p>\n<p>Nova vous garantit un rapide <strong>approvisionnement<\/strong> de pi\u00e8ces qui s\u2019effectue en g\u00e9n\u00e9ral, <strong>sous 48h<\/strong> pour les plus grandes marques telles que JOHN DEERE, BOBCAT,STIHL, VIKING, AMAZONE, POTTINGER, KUHN, SUPERTINO, ERO, CALVET PULVE, ROLLAND, GREGOIRE &amp; BESSON, ALPEGO, JOSKIN, KRONE, FERRAND &#8230;<\/p>\n<p>Les pi\u00e8ces command\u00e9es peuvent \u00eatre aussi <strong>directement exp\u00e9di\u00e9es chez nos clients<\/strong>.<\/p>\n<p><span style=\"color: #ff6600;\">Notre but<\/span>\u00a0: vous satisfaire pleinement et dans les plus brefs d\u00e9lais.<\/p>\n<hr \/>\n<div id=\"pg-9082-1\" class=\"panel-grid panel-has-style\" data-style=\"{&quot;padding&quot;:&quot;3% 0% 2% 0%&quot;,&quot;background&quot;:&quot;#f3f2eb&quot;,&quot;background_display&quot;:&quot;tile&quot;,&quot;lsow_dark_bg&quot;:&quot;&quot;,&quot;row_stretch&quot;:&quot;full&quot;}\">\n<div class=\"siteorigin-panels-stretch panel-row-style panel-row-style-for-9082-1\" data-stretch-type=\"full\">\n<div id=\"pgc-9082-1-0\" class=\"panel-grid-cell\" data-weight=\"1\">\n<div id=\"panel-9082-1-0-0\" class=\"so-panel widget widget_sow-post-carousel panel-first-child panel-last-child\" data-index=\"3\" data-style=\"{&quot;background_display&quot;:&quot;tile&quot;}\">\n<\/div>\n<\/div>\n<\/div>\n<\/div>\n<div id=\"pg-9082-2\" class=\"panel-grid panel-has-style\" data-style=\"{&quot;background_display&quot;:&quot;tile&quot;,&quot;lsow_dark_bg&quot;:&quot;&quot;,&quot;row_stretch&quot;:&quot;full-stretched&quot;,&quot;cell_alignment&quot;:&quot;flex-start&quot;}\">\n<div class=\"siteorigin-panels-stretch panel-row-style panel-row-style-for-9082-2\" data-stretch-type=\"full-stretched\">\n<div id=\"pgc-9082-2-0\" class=\"panel-grid-cell\" data-weight=\"1\">\n<div id=\"panel-9082-2-0-0\" class=\"so-panel widget widget_sow-image panel-first-child panel-last-child\" data-index=\"4\" data-style=\"{&quot;background_display&quot;:&quot;tile&quot;}\"><\/div>\n<\/div>\n<\/div>\n<\/div>\n","protected":false},"excerpt":{"rendered":"<p>Nova inaugure sa nouvelle agence sur GAP ! Rendez vous le Samedi 17 Mars \u00e0 partir de 09h00 ???? JOURN\u00c9E D\u2019INAUGURATION\u00a0 ???? Nova a le plaisir de vous convier \u00e0 l\u2019inauguration de votre nouvelle agence de Gap Retrouvez-nous autour d\u2019un buffet pour un moment de convivialit\u00e9. Venez d\u00e9couvrir nos gammes de mat\u00e9riels Agricoles, BTP et [&hellip;]<\/p>\n","protected":false},"author":3,"featured_media":8849,"comment_status":"open","ping_status":"closed","sticky":false,"template":"","format":"image","meta":{"_acf_changed":false,"_et_pb_use_builder":"","_et_pb_old_content":"","_et_gb_content_width":"","om_disable_all_campaigns":false,"_monsterinsights_skip_tracking":false,"_monsterinsights_sitenote_active":false,"_monsterinsights_sitenote_note":"","_monsterinsights_sitenote_category":0,"_uf_show_specific_survey":0,"_uf_disable_surveys":false,"footnotes":""},"categories":[1],"tags":[1122,1120,1124,1080,1118,1082,994,1084],"class_list":["post-8835","post","type-post","status-publish","format-image","has-post-thumbnail","hentry","category-non-classifiee","tag-agricole","tag-btp","tag-espace-vert","tag-gap","tag-inauguration","tag-nouvelle-agence","tag-nova","tag-ouverture-agence","post_format-post-format-image"],"acf":[],"yoast_head":"<!-- This site is optimized with the Yoast SEO plugin v27.2 - https:\/\/yoast.com\/product\/yoast-seo-wordpress\/ -->\n<title>Inauguration de Votre Nouvelle agence de GAP Le Samedi 17 Mars - Nova-Groupe<\/title>\n<meta name=\"description\" content=\"JOURN\u00c9E D\u2019INAUGURATION SAMEDI 17 MARS \u00c0 PARTIR DE 9h Nova a le plaisir de vous convier \u00e0 l\u2019inauguration de votre nouvelle agence de Gap. Retrouvez-nous autour d\u2019un buffet pour un moment de convivialit\u00e9. Venez d\u00e9couvrir nos gammes de mat\u00e9riels Agricoles, BTP et Espaces Verts. En pr\u00e9sence de m. DIDIER roger, Maire de Gap, Vice - Pr\u00e9sident de la r\u00e9gion PACA et Pr\u00e9sident de la communaut\u00e9 d\u2019agglom\u00e9ration Gap-Tallard-Durance. Contactez votre agence pour plus d&#039;informations. NOVA - ZA Plaine de Lachaup - Ouest 05000 GAP Tel. 04 92 51 02 90\" \/>\n<meta name=\"robots\" content=\"index, follow, max-snippet:-1, max-image-preview:large, max-video-preview:-1\" \/>\n<link rel=\"canonical\" href=\"https:\/\/www.nova-groupe.fr\/fr\/inauguration-de-votre-nouvelle-agence-de-gap-le-samedi-17-mars\/\" \/>\n<meta property=\"og:locale\" content=\"fr_FR\" \/>\n<meta property=\"og:type\" content=\"article\" \/>\n<meta property=\"og:title\" content=\"Inauguration de Votre Nouvelle agence de GAP Le Samedi 17 Mars - Nova-Groupe\" \/>\n<meta property=\"og:description\" content=\"JOURN\u00c9E D\u2019INAUGURATION SAMEDI 17 MARS \u00c0 PARTIR DE 9h Nova a le plaisir de vous convier \u00e0 l\u2019inauguration de votre nouvelle agence de Gap. Retrouvez-nous autour d\u2019un buffet pour un moment de convivialit\u00e9. Venez d\u00e9couvrir nos gammes de mat\u00e9riels Agricoles, BTP et Espaces Verts. En pr\u00e9sence de m. DIDIER roger, Maire de Gap, Vice - Pr\u00e9sident de la r\u00e9gion PACA et Pr\u00e9sident de la communaut\u00e9 d\u2019agglom\u00e9ration Gap-Tallard-Durance. Contactez votre agence pour plus d&#039;informations. NOVA - ZA Plaine de Lachaup - Ouest 05000 GAP Tel. 04 92 51 02 90\" \/>\n<meta property=\"og:url\" content=\"https:\/\/www.nova-groupe.fr\/fr\/inauguration-de-votre-nouvelle-agence-de-gap-le-samedi-17-mars\/\" \/>\n<meta property=\"og:site_name\" content=\"Nova-Groupe\" \/>\n<meta property=\"article:publisher\" content=\"https:\/\/www.facebook.com\/Nova-Groupe-170173286757302\/\" \/>\n<meta property=\"article:published_time\" content=\"2018-03-07T08:21:28+00:00\" \/>\n<meta property=\"article:modified_time\" content=\"2019-09-26T13:35:46+00:00\" \/>\n<meta property=\"og:image\" content=\"https:\/\/www.nova-groupe.fr\/wp-content\/uploads\/2018\/03\/nova-bandeau-wp-actualites.jpg\" \/>\n\t<meta property=\"og:image:width\" content=\"870\" \/>\n\t<meta property=\"og:image:height\" content=\"425\" \/>\n\t<meta property=\"og:image:type\" content=\"image\/jpeg\" \/>\n<meta name=\"author\" content=\"Camille Zammit\" \/>\n<meta name=\"twitter:card\" content=\"summary_large_image\" \/>\n<meta name=\"twitter:label1\" content=\"\u00c9crit par\" \/>\n\t<meta name=\"twitter:data1\" content=\"Camille Zammit\" \/>\n\t<meta name=\"twitter:label2\" content=\"Dur\u00e9e de lecture estim\u00e9e\" \/>\n\t<meta name=\"twitter:data2\" content=\"2 minutes\" \/>\n<script type=\"application\/ld+json\" class=\"yoast-schema-graph\">{\"@context\":\"https:\/\/schema.org\",\"@graph\":[{\"@type\":\"Article\",\"@id\":\"https:\/\/www.nova-groupe.fr\/fr\/inauguration-de-votre-nouvelle-agence-de-gap-le-samedi-17-mars\/#article\",\"isPartOf\":{\"@id\":\"https:\/\/www.nova-groupe.fr\/fr\/inauguration-de-votre-nouvelle-agence-de-gap-le-samedi-17-mars\/\"},\"author\":{\"name\":\"Camille Zammit\",\"@id\":\"https:\/\/www.nova-groupe.fr\/fr\/#\/schema\/person\/914fc2542c7631658cdf6631980b00e6\"},\"headline\":\"Inauguration de Votre Nouvelle agence de GAP Le Samedi 17 Mars\",\"datePublished\":\"2018-03-07T08:21:28+00:00\",\"dateModified\":\"2019-09-26T13:35:46+00:00\",\"mainEntityOfPage\":{\"@id\":\"https:\/\/www.nova-groupe.fr\/fr\/inauguration-de-votre-nouvelle-agence-de-gap-le-samedi-17-mars\/\"},\"wordCount\":354,\"commentCount\":0,\"image\":{\"@id\":\"https:\/\/www.nova-groupe.fr\/fr\/inauguration-de-votre-nouvelle-agence-de-gap-le-samedi-17-mars\/#primaryimage\"},\"thumbnailUrl\":\"https:\/\/www.nova-groupe.fr\/wp-content\/uploads\/2018\/03\/nova-bandeau-wp-actualites.jpg\",\"keywords\":[\"agricole\",\"btp\",\"espace vert\",\"gap\",\"inauguration\",\"nouvelle agence\",\"nova\",\"ouverture agence\"],\"articleSection\":[\"Non classifi\u00e9(e)\"],\"inLanguage\":\"fr-FR\",\"potentialAction\":[{\"@type\":\"CommentAction\",\"name\":\"Comment\",\"target\":[\"https:\/\/www.nova-groupe.fr\/fr\/inauguration-de-votre-nouvelle-agence-de-gap-le-samedi-17-mars\/#respond\"]}]},{\"@type\":\"WebPage\",\"@id\":\"https:\/\/www.nova-groupe.fr\/fr\/inauguration-de-votre-nouvelle-agence-de-gap-le-samedi-17-mars\/\",\"url\":\"https:\/\/www.nova-groupe.fr\/fr\/inauguration-de-votre-nouvelle-agence-de-gap-le-samedi-17-mars\/\",\"name\":\"Inauguration de Votre Nouvelle agence de GAP Le Samedi 17 Mars - Nova-Groupe\",\"isPartOf\":{\"@id\":\"https:\/\/www.nova-groupe.fr\/fr\/#website\"},\"primaryImageOfPage\":{\"@id\":\"https:\/\/www.nova-groupe.fr\/fr\/inauguration-de-votre-nouvelle-agence-de-gap-le-samedi-17-mars\/#primaryimage\"},\"image\":{\"@id\":\"https:\/\/www.nova-groupe.fr\/fr\/inauguration-de-votre-nouvelle-agence-de-gap-le-samedi-17-mars\/#primaryimage\"},\"thumbnailUrl\":\"https:\/\/www.nova-groupe.fr\/wp-content\/uploads\/2018\/03\/nova-bandeau-wp-actualites.jpg\",\"datePublished\":\"2018-03-07T08:21:28+00:00\",\"dateModified\":\"2019-09-26T13:35:46+00:00\",\"author\":{\"@id\":\"https:\/\/www.nova-groupe.fr\/fr\/#\/schema\/person\/914fc2542c7631658cdf6631980b00e6\"},\"description\":\"JOURN\u00c9E D\u2019INAUGURATION SAMEDI 17 MARS \u00c0 PARTIR DE 9h Nova a le plaisir de vous convier \u00e0 l\u2019inauguration de votre nouvelle agence de Gap. Retrouvez-nous autour d\u2019un buffet pour un moment de convivialit\u00e9. Venez d\u00e9couvrir nos gammes de mat\u00e9riels Agricoles, BTP et Espaces Verts. En pr\u00e9sence de m. DIDIER roger, Maire de Gap, Vice - Pr\u00e9sident de la r\u00e9gion PACA et Pr\u00e9sident de la communaut\u00e9 d\u2019agglom\u00e9ration Gap-Tallard-Durance. Contactez votre agence pour plus d'informations. NOVA - ZA Plaine de Lachaup - Ouest 05000 GAP Tel. 04 92 51 02 90\",\"breadcrumb\":{\"@id\":\"https:\/\/www.nova-groupe.fr\/fr\/inauguration-de-votre-nouvelle-agence-de-gap-le-samedi-17-mars\/#breadcrumb\"},\"inLanguage\":\"fr-FR\",\"potentialAction\":[{\"@type\":\"ReadAction\",\"target\":[\"https:\/\/www.nova-groupe.fr\/fr\/inauguration-de-votre-nouvelle-agence-de-gap-le-samedi-17-mars\/\"]}]},{\"@type\":\"ImageObject\",\"inLanguage\":\"fr-FR\",\"@id\":\"https:\/\/www.nova-groupe.fr\/fr\/inauguration-de-votre-nouvelle-agence-de-gap-le-samedi-17-mars\/#primaryimage\",\"url\":\"https:\/\/www.nova-groupe.fr\/wp-content\/uploads\/2018\/03\/nova-bandeau-wp-actualites.jpg\",\"contentUrl\":\"https:\/\/www.nova-groupe.fr\/wp-content\/uploads\/2018\/03\/nova-bandeau-wp-actualites.jpg\",\"width\":870,\"height\":425},{\"@type\":\"BreadcrumbList\",\"@id\":\"https:\/\/www.nova-groupe.fr\/fr\/inauguration-de-votre-nouvelle-agence-de-gap-le-samedi-17-mars\/#breadcrumb\",\"itemListElement\":[{\"@type\":\"ListItem\",\"position\":1,\"name\":\"Accueil\",\"item\":\"https:\/\/www.nova-groupe.fr\/fr\/\"},{\"@type\":\"ListItem\",\"position\":2,\"name\":\"Inauguration de Votre Nouvelle agence de GAP Le Samedi 17 Mars\"}]},{\"@type\":\"WebSite\",\"@id\":\"https:\/\/www.nova-groupe.fr\/fr\/#website\",\"url\":\"https:\/\/www.nova-groupe.fr\/fr\/\",\"name\":\"Nova-Groupe\",\"description\":\"Vente et location de mat\u00e9riel agricole, BTP, espaces verts et environnement\",\"potentialAction\":[{\"@type\":\"SearchAction\",\"target\":{\"@type\":\"EntryPoint\",\"urlTemplate\":\"https:\/\/www.nova-groupe.fr\/fr\/?s={search_term_string}\"},\"query-input\":{\"@type\":\"PropertyValueSpecification\",\"valueRequired\":true,\"valueName\":\"search_term_string\"}}],\"inLanguage\":\"fr-FR\"},{\"@type\":\"Person\",\"@id\":\"https:\/\/www.nova-groupe.fr\/fr\/#\/schema\/person\/914fc2542c7631658cdf6631980b00e6\",\"name\":\"Camille Zammit\",\"image\":{\"@type\":\"ImageObject\",\"inLanguage\":\"fr-FR\",\"@id\":\"https:\/\/secure.gravatar.com\/avatar\/0aa14d93c1a779e5d4dc40013b1fad108020ae901341f326debe748d1ec71daf?s=96&d=mm&r=g\",\"url\":\"https:\/\/secure.gravatar.com\/avatar\/0aa14d93c1a779e5d4dc40013b1fad108020ae901341f326debe748d1ec71daf?s=96&d=mm&r=g\",\"contentUrl\":\"https:\/\/secure.gravatar.com\/avatar\/0aa14d93c1a779e5d4dc40013b1fad108020ae901341f326debe748d1ec71daf?s=96&d=mm&r=g\",\"caption\":\"Camille Zammit\"}}]}<\/script>\n<!-- \/ Yoast SEO plugin. -->","yoast_head_json":{"title":"Inauguration de Votre Nouvelle agence de GAP Le Samedi 17 Mars - Nova-Groupe","description":"JOURN\u00c9E D\u2019INAUGURATION SAMEDI 17 MARS \u00c0 PARTIR DE 9h Nova a le plaisir de vous convier \u00e0 l\u2019inauguration de votre nouvelle agence de Gap. Retrouvez-nous autour d\u2019un buffet pour un moment de convivialit\u00e9. Venez d\u00e9couvrir nos gammes de mat\u00e9riels Agricoles, BTP et Espaces Verts. En pr\u00e9sence de m. DIDIER roger, Maire de Gap, Vice - Pr\u00e9sident de la r\u00e9gion PACA et Pr\u00e9sident de la communaut\u00e9 d\u2019agglom\u00e9ration Gap-Tallard-Durance. Contactez votre agence pour plus d'informations. NOVA - ZA Plaine de Lachaup - Ouest 05000 GAP Tel. 04 92 51 02 90","robots":{"index":"index","follow":"follow","max-snippet":"max-snippet:-1","max-image-preview":"max-image-preview:large","max-video-preview":"max-video-preview:-1"},"canonical":"https:\/\/www.nova-groupe.fr\/fr\/inauguration-de-votre-nouvelle-agence-de-gap-le-samedi-17-mars\/","og_locale":"fr_FR","og_type":"article","og_title":"Inauguration de Votre Nouvelle agence de GAP Le Samedi 17 Mars - Nova-Groupe","og_description":"JOURN\u00c9E D\u2019INAUGURATION SAMEDI 17 MARS \u00c0 PARTIR DE 9h Nova a le plaisir de vous convier \u00e0 l\u2019inauguration de votre nouvelle agence de Gap. Retrouvez-nous autour d\u2019un buffet pour un moment de convivialit\u00e9. Venez d\u00e9couvrir nos gammes de mat\u00e9riels Agricoles, BTP et Espaces Verts. En pr\u00e9sence de m. DIDIER roger, Maire de Gap, Vice - Pr\u00e9sident de la r\u00e9gion PACA et Pr\u00e9sident de la communaut\u00e9 d\u2019agglom\u00e9ration Gap-Tallard-Durance. Contactez votre agence pour plus d'informations. NOVA - ZA Plaine de Lachaup - Ouest 05000 GAP Tel. 04 92 51 02 90","og_url":"https:\/\/www.nova-groupe.fr\/fr\/inauguration-de-votre-nouvelle-agence-de-gap-le-samedi-17-mars\/","og_site_name":"Nova-Groupe","article_publisher":"https:\/\/www.facebook.com\/Nova-Groupe-170173286757302\/","article_published_time":"2018-03-07T08:21:28+00:00","article_modified_time":"2019-09-26T13:35:46+00:00","og_image":[{"width":870,"height":425,"url":"https:\/\/www.nova-groupe.fr\/wp-content\/uploads\/2018\/03\/nova-bandeau-wp-actualites.jpg","type":"image\/jpeg"}],"author":"Camille Zammit","twitter_card":"summary_large_image","twitter_misc":{"\u00c9crit par":"Camille Zammit","Dur\u00e9e de lecture estim\u00e9e":"2 minutes"},"schema":{"@context":"https:\/\/schema.org","@graph":[{"@type":"Article","@id":"https:\/\/www.nova-groupe.fr\/fr\/inauguration-de-votre-nouvelle-agence-de-gap-le-samedi-17-mars\/#article","isPartOf":{"@id":"https:\/\/www.nova-groupe.fr\/fr\/inauguration-de-votre-nouvelle-agence-de-gap-le-samedi-17-mars\/"},"author":{"name":"Camille Zammit","@id":"https:\/\/www.nova-groupe.fr\/fr\/#\/schema\/person\/914fc2542c7631658cdf6631980b00e6"},"headline":"Inauguration de Votre Nouvelle agence de GAP Le Samedi 17 Mars","datePublished":"2018-03-07T08:21:28+00:00","dateModified":"2019-09-26T13:35:46+00:00","mainEntityOfPage":{"@id":"https:\/\/www.nova-groupe.fr\/fr\/inauguration-de-votre-nouvelle-agence-de-gap-le-samedi-17-mars\/"},"wordCount":354,"commentCount":0,"image":{"@id":"https:\/\/www.nova-groupe.fr\/fr\/inauguration-de-votre-nouvelle-agence-de-gap-le-samedi-17-mars\/#primaryimage"},"thumbnailUrl":"https:\/\/www.nova-groupe.fr\/wp-content\/uploads\/2018\/03\/nova-bandeau-wp-actualites.jpg","keywords":["agricole","btp","espace vert","gap","inauguration","nouvelle agence","nova","ouverture agence"],"articleSection":["Non classifi\u00e9(e)"],"inLanguage":"fr-FR","potentialAction":[{"@type":"CommentAction","name":"Comment","target":["https:\/\/www.nova-groupe.fr\/fr\/inauguration-de-votre-nouvelle-agence-de-gap-le-samedi-17-mars\/#respond"]}]},{"@type":"WebPage","@id":"https:\/\/www.nova-groupe.fr\/fr\/inauguration-de-votre-nouvelle-agence-de-gap-le-samedi-17-mars\/","url":"https:\/\/www.nova-groupe.fr\/fr\/inauguration-de-votre-nouvelle-agence-de-gap-le-samedi-17-mars\/","name":"Inauguration de Votre Nouvelle agence de GAP Le Samedi 17 Mars - Nova-Groupe","isPartOf":{"@id":"https:\/\/www.nova-groupe.fr\/fr\/#website"},"primaryImageOfPage":{"@id":"https:\/\/www.nova-groupe.fr\/fr\/inauguration-de-votre-nouvelle-agence-de-gap-le-samedi-17-mars\/#primaryimage"},"image":{"@id":"https:\/\/www.nova-groupe.fr\/fr\/inauguration-de-votre-nouvelle-agence-de-gap-le-samedi-17-mars\/#primaryimage"},"thumbnailUrl":"https:\/\/www.nova-groupe.fr\/wp-content\/uploads\/2018\/03\/nova-bandeau-wp-actualites.jpg","datePublished":"2018-03-07T08:21:28+00:00","dateModified":"2019-09-26T13:35:46+00:00","author":{"@id":"https:\/\/www.nova-groupe.fr\/fr\/#\/schema\/person\/914fc2542c7631658cdf6631980b00e6"},"description":"JOURN\u00c9E D\u2019INAUGURATION SAMEDI 17 MARS \u00c0 PARTIR DE 9h Nova a le plaisir de vous convier \u00e0 l\u2019inauguration de votre nouvelle agence de Gap. Retrouvez-nous autour d\u2019un buffet pour un moment de convivialit\u00e9. Venez d\u00e9couvrir nos gammes de mat\u00e9riels Agricoles, BTP et Espaces Verts. En pr\u00e9sence de m. DIDIER roger, Maire de Gap, Vice - Pr\u00e9sident de la r\u00e9gion PACA et Pr\u00e9sident de la communaut\u00e9 d\u2019agglom\u00e9ration Gap-Tallard-Durance. Contactez votre agence pour plus d'informations. NOVA - ZA Plaine de Lachaup - Ouest 05000 GAP Tel. 04 92 51 02 90","breadcrumb":{"@id":"https:\/\/www.nova-groupe.fr\/fr\/inauguration-de-votre-nouvelle-agence-de-gap-le-samedi-17-mars\/#breadcrumb"},"inLanguage":"fr-FR","potentialAction":[{"@type":"ReadAction","target":["https:\/\/www.nova-groupe.fr\/fr\/inauguration-de-votre-nouvelle-agence-de-gap-le-samedi-17-mars\/"]}]},{"@type":"ImageObject","inLanguage":"fr-FR","@id":"https:\/\/www.nova-groupe.fr\/fr\/inauguration-de-votre-nouvelle-agence-de-gap-le-samedi-17-mars\/#primaryimage","url":"https:\/\/www.nova-groupe.fr\/wp-content\/uploads\/2018\/03\/nova-bandeau-wp-actualites.jpg","contentUrl":"https:\/\/www.nova-groupe.fr\/wp-content\/uploads\/2018\/03\/nova-bandeau-wp-actualites.jpg","width":870,"height":425},{"@type":"BreadcrumbList","@id":"https:\/\/www.nova-groupe.fr\/fr\/inauguration-de-votre-nouvelle-agence-de-gap-le-samedi-17-mars\/#breadcrumb","itemListElement":[{"@type":"ListItem","position":1,"name":"Accueil","item":"https:\/\/www.nova-groupe.fr\/fr\/"},{"@type":"ListItem","position":2,"name":"Inauguration de Votre Nouvelle agence de GAP Le Samedi 17 Mars"}]},{"@type":"WebSite","@id":"https:\/\/www.nova-groupe.fr\/fr\/#website","url":"https:\/\/www.nova-groupe.fr\/fr\/","name":"Nova-Groupe","description":"Vente et location de mat\u00e9riel agricole, BTP, espaces verts et environnement","potentialAction":[{"@type":"SearchAction","target":{"@type":"EntryPoint","urlTemplate":"https:\/\/www.nova-groupe.fr\/fr\/?s={search_term_string}"},"query-input":{"@type":"PropertyValueSpecification","valueRequired":true,"valueName":"search_term_string"}}],"inLanguage":"fr-FR"},{"@type":"Person","@id":"https:\/\/www.nova-groupe.fr\/fr\/#\/schema\/person\/914fc2542c7631658cdf6631980b00e6","name":"Camille Zammit","image":{"@type":"ImageObject","inLanguage":"fr-FR","@id":"https:\/\/secure.gravatar.com\/avatar\/0aa14d93c1a779e5d4dc40013b1fad108020ae901341f326debe748d1ec71daf?s=96&d=mm&r=g","url":"https:\/\/secure.gravatar.com\/avatar\/0aa14d93c1a779e5d4dc40013b1fad108020ae901341f326debe748d1ec71daf?s=96&d=mm&r=g","contentUrl":"https:\/\/secure.gravatar.com\/avatar\/0aa14d93c1a779e5d4dc40013b1fad108020ae901341f326debe748d1ec71daf?s=96&d=mm&r=g","caption":"Camille Zammit"}}]}},"_links":{"self":[{"href":"https:\/\/www.nova-groupe.fr\/fr\/wp-json\/wp\/v2\/posts\/8835","targetHints":{"allow":["GET"]}}],"collection":[{"href":"https:\/\/www.nova-groupe.fr\/fr\/wp-json\/wp\/v2\/posts"}],"about":[{"href":"https:\/\/www.nova-groupe.fr\/fr\/wp-json\/wp\/v2\/types\/post"}],"author":[{"embeddable":true,"href":"https:\/\/www.nova-groupe.fr\/fr\/wp-json\/wp\/v2\/users\/3"}],"replies":[{"embeddable":true,"href":"https:\/\/www.nova-groupe.fr\/fr\/wp-json\/wp\/v2\/comments?post=8835"}],"version-history":[{"count":0,"href":"https:\/\/www.nova-groupe.fr\/fr\/wp-json\/wp\/v2\/posts\/8835\/revisions"}],"wp:featuredmedia":[{"embeddable":true,"href":"https:\/\/www.nova-groupe.fr\/fr\/wp-json\/wp\/v2\/media\/8849"}],"wp:attachment":[{"href":"https:\/\/www.nova-groupe.fr\/fr\/wp-json\/wp\/v2\/media?parent=8835"}],"wp:term":[{"taxonomy":"category","embeddable":true,"href":"https:\/\/www.nova-groupe.fr\/fr\/wp-json\/wp\/v2\/categories?post=8835"},{"taxonomy":"post_tag","embeddable":true,"href":"https:\/\/www.nova-groupe.fr\/fr\/wp-json\/wp\/v2\/tags?post=8835"}],"curies":[{"name":"wp","href":"https:\/\/api.w.org\/{rel}","templated":true}]}}