{"id":9388,"date":"2018-04-17T11:58:55","date_gmt":"2018-04-17T09:58:55","guid":{"rendered":"https:\/\/www.nova-groupe.fr\/?p=9388"},"modified":"2020-12-08T15:00:22","modified_gmt":"2020-12-08T14:00:22","slug":"offres-pellenc-jusquau-30-juin-2018","status":"publish","type":"post","link":"https:\/\/www.nova-groupe.fr\/fr\/offres-pellenc-jusquau-30-juin-2018\/","title":{"rendered":"Offres PELLENC jusqu&rsquo;au 30 Juin 2018"},"content":{"rendered":"<div id=\"pl-9388\" class=\"panel-layout\">\n<div id=\"pg-9388-0\" class=\"panel-grid panel-no-style\">\n<div id=\"pgc-9388-0-0\" class=\"panel-grid-cell\" data-weight=\"1\">\n<div id=\"panel-9388-0-0-0\" class=\"so-panel widget widget_sow-editor panel-first-child panel-last-child\" data-index=\"0\" data-style=\"{&quot;background_image_attachment&quot;:false,&quot;background_display&quot;:&quot;tile&quot;}\">\n<div class=\"so-widget-sow-editor so-widget-sow-editor-base\">\n<h3 class=\"widget-title\">Offres PELLENC : tondeuse , taille haie , batterie garantie 3 ans ! Valables jusqu&rsquo;au 30 Juin 2018<\/h3>\n<div class=\"siteorigin-widget-tinymce textwidget\">\n<h1 style=\"text-align: left;\">Jusqu&rsquo;au 31 Juin chez NOVA , Venez d\u00e9couvrir les offres PELLENC !<\/h1>\n<div id=\"1\" class=\"onepager-details\">\n<div class=\"col_50 floating\">\n<h2>Tondeuse Rasion 100% \u00e9lectrique !<\/h2>\n<h3><strong>Extension de garantie jusqu&rsquo;\u00e0 3 ans<\/strong><\/h3>\n<h3>Offre bonus \u00e9cologique <strong>&#8211; 300\u20ac ht<\/strong><\/h3>\n<p><img decoding=\"async\" class=\"alignnone wp-image-9393 size-large\" src=\"https:\/\/www.nova-groupe.fr\/wp-content\/uploads\/2018\/04\/28337217_2028675420479376_277568051545679350_o-1024x536.jpg\" alt=\"offre tondeuse pellenc 300\u20ac de remise bonus ecologique \" width=\"1024\" height=\"536\" srcset=\"https:\/\/www.nova-groupe.fr\/wp-content\/uploads\/2018\/04\/28337217_2028675420479376_277568051545679350_o-1024x536.jpg 1024w, https:\/\/www.nova-groupe.fr\/wp-content\/uploads\/2018\/04\/28337217_2028675420479376_277568051545679350_o-300x157.jpg 300w, https:\/\/www.nova-groupe.fr\/wp-content\/uploads\/2018\/04\/28337217_2028675420479376_277568051545679350_o-768x402.jpg 768w, https:\/\/www.nova-groupe.fr\/wp-content\/uploads\/2018\/04\/28337217_2028675420479376_277568051545679350_o.jpg 1200w\" sizes=\"(max-width: 1024px) 100vw, 1024px\" \/><img decoding=\"async\" class=\"alignnone wp-image-9391 size-full\" src=\"https:\/\/www.nova-groupe.fr\/wp-content\/uploads\/2018\/04\/PELLENC-RASION2018_Page_2.jpg\" alt=\"tondeuse rasion pellenc descriptif\" width=\"4744\" height=\"4980\" srcset=\"https:\/\/www.nova-groupe.fr\/wp-content\/uploads\/2018\/04\/PELLENC-RASION2018_Page_2.jpg 4744w, https:\/\/www.nova-groupe.fr\/wp-content\/uploads\/2018\/04\/PELLENC-RASION2018_Page_2-286x300.jpg 286w, https:\/\/www.nova-groupe.fr\/wp-content\/uploads\/2018\/04\/PELLENC-RASION2018_Page_2-768x806.jpg 768w, https:\/\/www.nova-groupe.fr\/wp-content\/uploads\/2018\/04\/PELLENC-RASION2018_Page_2-975x1024.jpg 975w\" sizes=\"(max-width: 4744px) 100vw, 4744px\" \/><\/p>\n<p><img decoding=\"async\" class=\"alignnone wp-image-9392 size-full\" src=\"https:\/\/www.nova-groupe.fr\/wp-content\/uploads\/2018\/04\/Pellenc-Tondeuse-Rasion-Smart-IL-FRE.jpg\" alt=\"tondeuse rasion pellenc fiche tecnique\" width=\"1150\" height=\"720\" srcset=\"https:\/\/www.nova-groupe.fr\/wp-content\/uploads\/2018\/04\/Pellenc-Tondeuse-Rasion-Smart-IL-FRE.jpg 1150w, https:\/\/www.nova-groupe.fr\/wp-content\/uploads\/2018\/04\/Pellenc-Tondeuse-Rasion-Smart-IL-FRE-300x188.jpg 300w, https:\/\/www.nova-groupe.fr\/wp-content\/uploads\/2018\/04\/Pellenc-Tondeuse-Rasion-Smart-IL-FRE-768x481.jpg 768w, https:\/\/www.nova-groupe.fr\/wp-content\/uploads\/2018\/04\/Pellenc-Tondeuse-Rasion-Smart-IL-FRE-1024x641.jpg 1024w\" sizes=\"(max-width: 1150px) 100vw, 1150px\" \/><\/p>\n<\/div>\n<div class=\"col_50 floating\">\n<p>Associez <strong>productivit\u00e9<\/strong> et <strong>autonomie<\/strong> avec cette gamme de tondeuses con\u00e7ues pour am\u00e9liorer vos conditions de travail. <strong>Ultra-maniable, l\u00e9g\u00e8re et compacte, et d\u2019une puissance professionnelle<\/strong>, la gamme de <strong>tondeuses RASION<\/strong> se transporte facilement et offre une qualit\u00e9 de tonte irr\u00e9prochable.<\/p>\n<\/div>\n<\/div>\n<div class=\"flex_cell no_margin av_two_third avia-builder-el-3 el_before_av_cell_one_third avia-builder-el-first \">\n<div class=\"flex_cell_inner\">\n<div class=\"flex_column av_one_half flex_column_div first avia-builder-el-7 el_after_av_hr el_before_av_one_half \">\n<section class=\"av_textblock_section\">\n<div class=\"avia_textblock \">\n<h3>Productivit\u00e9:<\/h3>\n<ul>\n<li>Rendement de coupe sup\u00e9rieur de 30% \u00e0 une\u00a0 tondeuse classique.<\/li>\n<li>Tonte parfaite gr\u00e2ce aux <strong>doubles couteaux synchronis\u00e9s<\/strong>.<\/li>\n<li>Lames universelles (ramassage + <strong>mulching<\/strong>) de s\u00e9rie.<\/li>\n<li><strong>Compactage<\/strong> du bac optimis\u00e9 gr\u00e2ce \u00e0 une tonte plus fine : 70L soit plus de 10 kg d\u2019herbe.<\/li>\n<li>D\u00e9bourrage automatique (Brevet PELLENC).<\/li>\n<li>Tonte r\u00e9guli\u00e8re <strong>sans traces de roues au sol<\/strong>.<\/li>\n<li>Gain de temps avec une adaptation de la vitesse de rotation des couteaux en fonction de la <strong>densit\u00e9 de l\u2019herbe (D\u00e9tecteur Infra-rouge<\/strong> ICC*).<\/li>\n<li>Plus de surface couverte gr\u00e2ce \u00e0 une <strong>grande largeur de coupe<\/strong>.<\/li>\n<li>Travail par tous les temps : <strong>\u00e9tanch\u00e9it\u00e9 IP54.<\/strong><\/li>\n<\/ul>\n<p><em>*Intellingent Cutting Control Brevet PELLENC<\/em><\/p>\n<\/div>\n<\/section>\n<section class=\"av_textblock_section\">\n<div class=\"avia_textblock \">\n<h3>Autonome<\/h3>\n<div class=\"content_liste\">\n<div class=\"ligne_list\">\n<ul>\n<li>Jusqu\u2019\u00e0 <strong>5 heures de tonte<\/strong> soit <strong>5000 m2<\/strong> avec la batterie 1500.<\/li>\n<\/ul>\n<\/div>\n<\/div>\n<\/div>\n<\/section>\n<\/div>\n<div class=\"flex_column av_one_half flex_column_div avia-builder-el-10 el_after_av_one_half avia-builder-el-last \">\n<section class=\"av_textblock_section\">\n<div class=\"avia_textblock \">\n<h3>Ergonomique<\/h3>\n<ul>\n<li><strong>Ultra-maniables<\/strong> gr\u00e2ce \u00e0 la fonction roues libres avant Zero Turn et leurs poids plume.<\/li>\n<li><strong>L\u00e9g\u00e8res<\/strong> : moins de 30 kg.<\/li>\n<li>Guidon et poign\u00e9e r\u00e9glables adapt\u00e9s \u00e0 toutes les morphologies.<\/li>\n<li>Compactes<\/li>\n<li><strong>Nettoyage s\u00e9curis\u00e9.<\/strong><\/li>\n<li>Position de transport et de stockage.<\/li>\n<\/ul>\n<\/div>\n<\/section>\n<section class=\"av_textblock_section\">\n<div class=\"avia_textblock \">\n<h3>Durable<\/h3>\n<ul>\n<li>Pas de gestion, ni de consommation d\u2019essence, ce qui \u00e9vite les encrassements et r\u00e9duit l\u2019entretien.<\/li>\n<li><strong>Consommation sobre<\/strong> en \u00e9nergie gr\u00e2ce au moteur \u00e0 rendement \u00e9lev\u00e9 de 93\u202f%.<\/li>\n<li><strong>Nuisance sonore r\u00e9duite et absence de nuisance olfactive<\/strong> autorisant un travail en zone sensible et \u00e0 toutes heures de la journ\u00e9e.<\/li>\n<\/ul>\n<p><img decoding=\"async\" class=\"alignnone wp-image-9398 size-full\" src=\"https:\/\/www.nova-groupe.fr\/wp-content\/uploads\/2018\/04\/pellenc_financement_batterie_site-internet-1030x636.jpg\" alt=\"batterie Pellenc extension garantie 3 ans \" width=\"1030\" height=\"636\" srcset=\"https:\/\/www.nova-groupe.fr\/wp-content\/uploads\/2018\/04\/pellenc_financement_batterie_site-internet-1030x636.jpg 1030w, https:\/\/www.nova-groupe.fr\/wp-content\/uploads\/2018\/04\/pellenc_financement_batterie_site-internet-1030x636-300x185.jpg 300w, https:\/\/www.nova-groupe.fr\/wp-content\/uploads\/2018\/04\/pellenc_financement_batterie_site-internet-1030x636-768x474.jpg 768w, https:\/\/www.nova-groupe.fr\/wp-content\/uploads\/2018\/04\/pellenc_financement_batterie_site-internet-1030x636-1024x632.jpg 1024w\" sizes=\"(max-width: 1030px) 100vw, 1030px\" \/><\/p>\n<\/div>\n<\/section>\n<\/div>\n<\/div>\n<\/div>\n<hr \/>\n<h2>Le taille-haie <span class=\"highlightNode\">Helion<\/span> 2<\/h2>\n<h3>\u00a0UN LAMIER 63 OU 75 CM OFFERT POUR L\u2019ACHAT D\u2019UN TAILLE-HAIES HELION 2 AVEC UN LAMIER 63 cm ET D\u2019UNE BATTERIE (1500 \/ 1200 \/ 1100 \/ 700 \/ 400)<\/h3>\n<p>Compact poss\u00e8de tous les atouts pour vous s\u00e9duire : <strong>puissant, l\u00e9ger et rentable,<\/strong> il s&rsquo;adapte tout aussi bien aux hommes qu&rsquo;aux femmes<strong> pour un travail ultra pr\u00e9cis.<\/strong><\/p>\n<div class=\"hr hr-invisible avia-builder-el-6 el_after_av_one_full el_before_av_one_half \"><img decoding=\"async\" class=\"alignnone wp-image-9401 size-full\" src=\"https:\/\/www.nova-groupe.fr\/wp-content\/uploads\/2018\/04\/pellenc_helion_2018.jpg\" alt=\"offre Pellenc taille haie UN LAMIER 63 OU 75 CM OFFERT POUR L\u2019ACHAT D\u2019UN TAILLE-HAIES HELION 2 AVEC UN LAMIER 63 cm ET D\u2019UNE BATTERIE (1500 \/ 1200 \/ 1100 \/ 700 \/ 400)\" width=\"1920\" height=\"851\" srcset=\"https:\/\/www.nova-groupe.fr\/wp-content\/uploads\/2018\/04\/pellenc_helion_2018.jpg 1920w, https:\/\/www.nova-groupe.fr\/wp-content\/uploads\/2018\/04\/pellenc_helion_2018-300x133.jpg 300w, https:\/\/www.nova-groupe.fr\/wp-content\/uploads\/2018\/04\/pellenc_helion_2018-768x340.jpg 768w, https:\/\/www.nova-groupe.fr\/wp-content\/uploads\/2018\/04\/pellenc_helion_2018-1024x454.jpg 1024w\" sizes=\"(max-width: 1920px) 100vw, 1920px\" \/>\u00a0<img decoding=\"async\" class=\"alignnone wp-image-9402 size-full\" src=\"https:\/\/www.nova-groupe.fr\/wp-content\/uploads\/2018\/04\/helion-2.jpg\" alt=\"taille haie pellenc paca chez nova \" width=\"1800\" height=\"1201\" srcset=\"https:\/\/www.nova-groupe.fr\/wp-content\/uploads\/2018\/04\/helion-2.jpg 1800w, https:\/\/www.nova-groupe.fr\/wp-content\/uploads\/2018\/04\/helion-2-300x200.jpg 300w, https:\/\/www.nova-groupe.fr\/wp-content\/uploads\/2018\/04\/helion-2-768x512.jpg 768w, https:\/\/www.nova-groupe.fr\/wp-content\/uploads\/2018\/04\/helion-2-1024x683.jpg 1024w, https:\/\/www.nova-groupe.fr\/wp-content\/uploads\/2018\/04\/helion-2-272x182.jpg 272w\" sizes=\"(max-width: 1800px) 100vw, 1800px\" \/><\/div>\n<div><\/div>\n<div><img decoding=\"async\" class=\"alignnone wp-image-9406 size-full\" src=\"https:\/\/www.nova-groupe.fr\/wp-content\/uploads\/2018\/04\/Pellenc-Taille-Haie-helion-2-IL-FRE.jpg\" alt=\"fiche technique tailel haie pellenc helion\" width=\"1150\" height=\"720\" srcset=\"https:\/\/www.nova-groupe.fr\/wp-content\/uploads\/2018\/04\/Pellenc-Taille-Haie-helion-2-IL-FRE.jpg 1150w, https:\/\/www.nova-groupe.fr\/wp-content\/uploads\/2018\/04\/Pellenc-Taille-Haie-helion-2-IL-FRE-300x188.jpg 300w, https:\/\/www.nova-groupe.fr\/wp-content\/uploads\/2018\/04\/Pellenc-Taille-Haie-helion-2-IL-FRE-768x481.jpg 768w, https:\/\/www.nova-groupe.fr\/wp-content\/uploads\/2018\/04\/Pellenc-Taille-Haie-helion-2-IL-FRE-1024x641.jpg 1024w\" sizes=\"(max-width: 1150px) 100vw, 1150px\" \/><\/div>\n<div><\/div>\n<div><iframe src=\"https:\/\/www.youtube.com\/embed\/7JbzUsSXVFU\" width=\"560\" height=\"315\" frameborder=\"0\" allowfullscreen=\"allowfullscreen\"><\/iframe><\/div>\n<div class=\"flex_column av_one_half flex_column_div first avia-builder-el-7 el_after_av_hr el_before_av_one_half \">\n<section class=\"av_textblock_section\">\n<div class=\"avia_textblock \">\n<h3>Productivit\u00e9<\/h3>\n<ul>\n<li>Le syst\u00e8me d\u2019anti-blocage des lames permet de travailler sans interruption.<\/li>\n<li>Facilite le travail de l\u2019utilisateur sur la dur\u00e9e avec un meilleur compromis vibrations\/capacit\u00e9 de coupe.<\/li>\n<li>Efficace avec une puissance de coupe dimensionn\u00e9e pour le rabattage et la finition (Helion Compact 2).<\/li>\n<li>Syst\u00e8me Quick Switch qui assure le changement des 4 types de lamiers en moins d\u2019une minute.<\/li>\n<li>Autonomie d\u2019une journ\u00e9e de travail avec l\u2019ULiB 700.<\/li>\n<\/ul>\n<\/div>\n<\/section>\n<section class=\"av_textblock_section\">\n<div class=\"avia_textblock \">\n<h3>R\u00e9sistant<\/h3>\n<ul>\n<li>Syst\u00e8me d\u2019anti-blocage des lames.<\/li>\n<li>Niveau d\u2019\u00e9tanch\u00e9it\u00e9 IP54 assurant une r\u00e9sistance et une s\u00fbret\u00e9 d\u2019utilisation par tous les temps.<\/li>\n<li>But\u00e9e anti-rebond en acier inoxydable.<\/li>\n<\/ul>\n<\/div>\n<\/section>\n<\/div>\n<div class=\"flex_column av_one_half flex_column_div avia-builder-el-10 el_after_av_one_half avia-builder-el-last \">\n<section class=\"av_textblock_section\">\n<div class=\"avia_textblock \">\n<h3>Ergonomique<\/h3>\n<ul>\n<li>Fast Connector : Connexion et d\u00e9connexion rapide de l\u2019outil (H\u00e9lion Compact 2).<\/li>\n<li>Poign\u00e9e Soft Touch pivotante permettant une bonne maniabilit\u00e9.<\/li>\n<li>G\u00e2chette escamotable qui renforce la s\u00e9curit\u00e9.<\/li>\n<\/ul>\n<\/div>\n<\/section>\n<section class=\"av_textblock_section\">\n<div class=\"avia_textblock \">\n<h3>L\u00e9ger<\/h3>\n<ul>\n<li>L\u00e9ger, le taille-haies Helion p\u00e8se seulement 3,5 kg avec un lamier 63 cm.<\/li>\n<\/ul>\n<\/div>\n<\/section>\n<\/div>\n<hr \/>\n<h2>PACK ZERO PHYTO<\/h2>\n<h3>Du 1er mars au 30 juin 2018, \u00e9conomisez 384,12 \u20ac HT sur le pack Z\u00e9ro Phyto pour l&rsquo;achat d&rsquo;une d\u00e9broussailleuse Excelion 2000, d&rsquo;une bineuse-sarcleuse Cultivion et d&rsquo;une batterie ULiB 1200 avec harnais confort et sangle Excelion ou d&rsquo;une batterie ULiB 1100.<\/h3>\n<p><img decoding=\"async\" class=\"alignnone wp-image-9411 size-full\" src=\"https:\/\/www.nova-groupe.fr\/wp-content\/uploads\/2018\/04\/pellenc_zero-phyto_2018.jpg\" alt=\"pellenc_zero-phyto_2018\" width=\"1920\" height=\"851\" srcset=\"https:\/\/www.nova-groupe.fr\/wp-content\/uploads\/2018\/04\/pellenc_zero-phyto_2018.jpg 1920w, https:\/\/www.nova-groupe.fr\/wp-content\/uploads\/2018\/04\/pellenc_zero-phyto_2018-300x133.jpg 300w, https:\/\/www.nova-groupe.fr\/wp-content\/uploads\/2018\/04\/pellenc_zero-phyto_2018-768x340.jpg 768w, https:\/\/www.nova-groupe.fr\/wp-content\/uploads\/2018\/04\/pellenc_zero-phyto_2018-1024x454.jpg 1024w\" sizes=\"(max-width: 1920px) 100vw, 1920px\" \/><\/p>\n<div class=\"row\">\n<div class=\"col-md-12\">\n<div class=\"border\">\n<div class=\"post-excerpt entry-content\">\n<div class=\"wpb_text_column wpb_content_element Offre promotionnelle tondeuse robot\">\n<div class=\"wpb_wrapper\">\n<hr \/>\n<\/div>\n<\/div>\n<\/div>\n<\/div>\n<\/div>\n<\/div>\n<p>&nbsp;<\/p>\n<h4>Le r\u00e9seau NOVA<\/h4>\n<p>Le groupe\u00a0<strong>NOVA\u00a0<\/strong>vous accompagne dans le choix de votre mat\u00e9riel Pellenc<strong>\u00a0sur la r\u00e9gion PACA<\/strong>, et \u00e0 proximit\u00e9 de\u00a0<strong>Marseille, Aix-En-Provence, Avignon, Istres, Martigues, Vitrolles, Marignane, Salon de Provence, Mallemort, Gardanne, Cabri\u00e8s, Allauch, Aubagne, N\u00eemes, Orange, Manosque, Sisteron, S\u00e9nas, Cavaillon, Nice, Monaco, Grasse, Cannes, Fr\u00e9jus, Toulon, Al\u00e8s et Tallard au travers de nos agences r\u00e9gionales de Saint-Cannat, Arles, Cavaillon, Oraison, Saint Laurent Des Arbres, Gap, Carpentras, Saint Hilaire De Brethmas, Cogolin, Le Muy et Villeneuve Les Avignon, et sur les d\u00e9partements 04 alpes de Hautes Provence, 05 Hautes Alpes, 06 Alpes Maritimes, 13 Bouches du Rh\u00f4ne, 26 Dr\u00f4me, 30 Gard , 83 Var et 84 Vaucluse.<br \/>\n<\/strong><\/p>\n<p><a href=\"https:\/\/www.nova-groupe.fr\/fr\/nos-agences\" target=\"_blank\" rel=\"noopener noreferrer\"><img decoding=\"async\" class=\"alignnone wp-image-11800 size-large\" src=\"https:\/\/www.nova-groupe.fr\/wp-content\/uploads\/2023\/12\/Nos-agences-NOVA-en-PACA-Votre-Distributeur-en-Materiels-Agricole-BTP-Espaces-Verts-manutention-2024.png\" sizes=\"(max-width: 1024px) 100vw, 1024px\" srcset=\"https:\/\/www.nova-groupe.fr\/wp-content\/uploads\/2023\/12\/Nos-agences-NOVA-en-PACA-Votre-Distributeur-en-Materiels-Agricole-BTP-Espaces-Verts-manutention-2024.png 1024w, https:\/\/www.nova-groupe.fr\/wp-content\/uploads\/2023\/12\/Nos-agences-NOVA-en-PACA-Votre-Distributeur-en-Materiels-Agricole-BTP-Espaces-Verts-manutention-2024-150x150.png 300w, https:\/\/www.nova-groupe.fr\/wp-content\/uploads\/2023\/12\/Nos-agences-NOVA-en-PACA-Votre-Distributeur-en-Materiels-Agricole-BTP-Espaces-Verts-manutention-2024-768x440.png 768w, https:\/\/www.nova-groupe.fr\/wp-content\/uploads\/2023\/12\/Nos-agences-NOVA-en-PACA-Votre-Distributeur-en-Materiels-Agricole-BTP-Espaces-Verts-manutention-2024.png 1191w\" alt=\"carte map liste agences nova\" width=\"1024\" height=\"757\" \/><\/a><\/p>\n<hr \/>\n<div id=\"pg-9082-1\" class=\"panel-grid panel-has-style\" data-style=\"{&quot;padding&quot;:&quot;3% 0% 2% 0%&quot;,&quot;background&quot;:&quot;#f3f2eb&quot;,&quot;background_display&quot;:&quot;tile&quot;,&quot;lsow_dark_bg&quot;:&quot;&quot;,&quot;row_stretch&quot;:&quot;full&quot;}\">\n<div class=\"siteorigin-panels-stretch panel-row-style panel-row-style-for-9082-1\" data-stretch-type=\"full\">\n<div id=\"pgc-9082-1-0\" class=\"panel-grid-cell\" data-weight=\"1\">\n<div id=\"panel-9082-1-0-0\" class=\"so-panel widget widget_sow-post-carousel panel-first-child panel-last-child\" data-index=\"3\" data-style=\"{&quot;background_display&quot;:&quot;tile&quot;}\">\n<\/div>\n<\/div>\n<\/div>\n<\/div>\n<div id=\"pg-9082-2\" class=\"panel-grid panel-has-style\" data-style=\"{&quot;background_display&quot;:&quot;tile&quot;,&quot;lsow_dark_bg&quot;:&quot;&quot;,&quot;row_stretch&quot;:&quot;full-stretched&quot;,&quot;cell_alignment&quot;:&quot;flex-start&quot;}\">\n<div class=\"siteorigin-panels-stretch panel-row-style panel-row-style-for-9082-2\" data-stretch-type=\"full-stretched\">\n<div id=\"pgc-9082-2-0\" class=\"panel-grid-cell\" data-weight=\"1\">\n<div id=\"panel-9082-2-0-0\" class=\"so-panel widget widget_sow-image panel-first-child panel-last-child\" data-index=\"4\" data-style=\"{&quot;background_display&quot;:&quot;tile&quot;}\"><\/div>\n<\/div>\n<\/div>\n<\/div>\n<\/div>\n<\/div>\n<\/div>\n<\/div>\n<\/div>\n<\/div>\n","protected":false},"excerpt":{"rendered":"<p>Offres PELLENC : tondeuse , taille haie , batterie garantie 3 ans ! Valables jusqu&rsquo;au 30 Juin 2018 Jusqu&rsquo;au 31 Juin chez NOVA , Venez d\u00e9couvrir les offres PELLENC ! Tondeuse Rasion 100% \u00e9lectrique ! Extension de garantie jusqu&rsquo;\u00e0 3 ans Offre bonus \u00e9cologique &#8211; 300\u20ac ht Associez productivit\u00e9 et autonomie avec cette gamme de [&hellip;]<\/p>\n","protected":false},"author":3,"featured_media":9393,"comment_status":"open","ping_status":"closed","sticky":false,"template":"","format":"image","meta":{"_acf_changed":false,"_et_pb_use_builder":"","_et_pb_old_content":"","_et_gb_content_width":"","om_disable_all_campaigns":false,"_monsterinsights_skip_tracking":false,"_monsterinsights_sitenote_active":false,"_monsterinsights_sitenote_note":"","_monsterinsights_sitenote_category":0,"_uf_show_specific_survey":0,"_uf_disable_surveys":false,"footnotes":""},"categories":[1,1366],"tags":[1192,1224,1226,1228,1222,1230,1134,1130],"class_list":["post-9388","post","type-post","status-publish","format-image","has-post-thumbnail","hentry","category-non-classifiee","category-promotions","tag-batterie","tag-ecologique","tag-economique","tag-extension-garantie","tag-pellenc","tag-phyto","tag-taille-haie","tag-tondeuse","post_format-post-format-image"],"acf":[],"yoast_head":"<!-- This site is optimized with the Yoast SEO plugin v27.2 - https:\/\/yoast.com\/product\/yoast-seo-wordpress\/ -->\n<title>Offres PELLENC jusqu&#039;au 30 Juin 2018<\/title>\n<meta name=\"description\" content=\"Offres PELLENC jusqu&#039;au 30 Juin 2018: d\u00e9couvrez la tondeuse professionnelle 100% \u00e9lectrique Rasion et b\u00e9n\u00e9ficiez du bonus \u00e9cologique de 300\u20ac et d&#039;une Batterie garantie 3 ans. Taille haie HELION 2 \u00e9lectrique: coupe professionnelle, en silence, ergonomique, l\u00e9g\u00e8re, \u00e9conomique et permet l\u2019entretien des haies\" \/>\n<meta name=\"robots\" content=\"index, follow, max-snippet:-1, max-image-preview:large, max-video-preview:-1\" \/>\n<link rel=\"canonical\" href=\"https:\/\/www.nova-groupe.fr\/fr\/offres-pellenc-jusquau-30-juin-2018\/\" \/>\n<meta property=\"og:locale\" content=\"fr_FR\" \/>\n<meta property=\"og:type\" content=\"article\" \/>\n<meta property=\"og:title\" content=\"Offres PELLENC jusqu&#039;au 30 Juin 2018\" \/>\n<meta property=\"og:description\" content=\"Offres PELLENC jusqu&#039;au 30 Juin 2018: d\u00e9couvrez la tondeuse professionnelle 100% \u00e9lectrique Rasion et b\u00e9n\u00e9ficiez du bonus \u00e9cologique de 300\u20ac et d&#039;une Batterie garantie 3 ans. Taille haie HELION 2 \u00e9lectrique: coupe professionnelle, en silence, ergonomique, l\u00e9g\u00e8re, \u00e9conomique et permet l\u2019entretien des haies\" \/>\n<meta property=\"og:url\" content=\"https:\/\/www.nova-groupe.fr\/fr\/offres-pellenc-jusquau-30-juin-2018\/\" \/>\n<meta property=\"og:site_name\" content=\"Nova-Groupe\" \/>\n<meta property=\"article:publisher\" content=\"https:\/\/www.facebook.com\/Nova-Groupe-170173286757302\/\" \/>\n<meta property=\"article:published_time\" content=\"2018-04-17T09:58:55+00:00\" \/>\n<meta property=\"article:modified_time\" content=\"2020-12-08T14:00:22+00:00\" \/>\n<meta property=\"og:image\" content=\"https:\/\/www.nova-groupe.fr\/wp-content\/uploads\/2018\/04\/28337217_2028675420479376_277568051545679350_o.jpg\" \/>\n\t<meta property=\"og:image:width\" content=\"1200\" \/>\n\t<meta property=\"og:image:height\" content=\"628\" \/>\n\t<meta property=\"og:image:type\" content=\"image\/jpeg\" \/>\n<meta name=\"author\" content=\"Camille Zammit\" \/>\n<meta name=\"twitter:card\" content=\"summary_large_image\" \/>\n<meta name=\"twitter:label1\" content=\"\u00c9crit par\" \/>\n\t<meta name=\"twitter:data1\" content=\"Camille Zammit\" \/>\n\t<meta name=\"twitter:label2\" content=\"Dur\u00e9e de lecture estim\u00e9e\" \/>\n\t<meta name=\"twitter:data2\" content=\"3 minutes\" \/>\n<script type=\"application\/ld+json\" class=\"yoast-schema-graph\">{\"@context\":\"https:\/\/schema.org\",\"@graph\":[{\"@type\":\"Article\",\"@id\":\"https:\/\/www.nova-groupe.fr\/fr\/offres-pellenc-jusquau-30-juin-2018\/#article\",\"isPartOf\":{\"@id\":\"https:\/\/www.nova-groupe.fr\/fr\/offres-pellenc-jusquau-30-juin-2018\/\"},\"author\":{\"name\":\"Camille Zammit\",\"@id\":\"https:\/\/www.nova-groupe.fr\/fr\/#\/schema\/person\/914fc2542c7631658cdf6631980b00e6\"},\"headline\":\"Offres PELLENC jusqu&rsquo;au 30 Juin 2018\",\"datePublished\":\"2018-04-17T09:58:55+00:00\",\"dateModified\":\"2020-12-08T14:00:22+00:00\",\"mainEntityOfPage\":{\"@id\":\"https:\/\/www.nova-groupe.fr\/fr\/offres-pellenc-jusquau-30-juin-2018\/\"},\"wordCount\":662,\"commentCount\":0,\"image\":{\"@id\":\"https:\/\/www.nova-groupe.fr\/fr\/offres-pellenc-jusquau-30-juin-2018\/#primaryimage\"},\"thumbnailUrl\":\"https:\/\/www.nova-groupe.fr\/wp-content\/uploads\/2018\/04\/28337217_2028675420479376_277568051545679350_o.jpg\",\"keywords\":[\"batterie\",\"ecologique\",\"economique\",\"extension garantie\",\"pellenc\",\"phyto\",\"taille haie\",\"tondeuse\"],\"articleSection\":[\"Non classifi\u00e9(e)\",\"PROMOTIONS\"],\"inLanguage\":\"fr-FR\",\"potentialAction\":[{\"@type\":\"CommentAction\",\"name\":\"Comment\",\"target\":[\"https:\/\/www.nova-groupe.fr\/fr\/offres-pellenc-jusquau-30-juin-2018\/#respond\"]}]},{\"@type\":\"WebPage\",\"@id\":\"https:\/\/www.nova-groupe.fr\/fr\/offres-pellenc-jusquau-30-juin-2018\/\",\"url\":\"https:\/\/www.nova-groupe.fr\/fr\/offres-pellenc-jusquau-30-juin-2018\/\",\"name\":\"Offres PELLENC jusqu'au 30 Juin 2018\",\"isPartOf\":{\"@id\":\"https:\/\/www.nova-groupe.fr\/fr\/#website\"},\"primaryImageOfPage\":{\"@id\":\"https:\/\/www.nova-groupe.fr\/fr\/offres-pellenc-jusquau-30-juin-2018\/#primaryimage\"},\"image\":{\"@id\":\"https:\/\/www.nova-groupe.fr\/fr\/offres-pellenc-jusquau-30-juin-2018\/#primaryimage\"},\"thumbnailUrl\":\"https:\/\/www.nova-groupe.fr\/wp-content\/uploads\/2018\/04\/28337217_2028675420479376_277568051545679350_o.jpg\",\"datePublished\":\"2018-04-17T09:58:55+00:00\",\"dateModified\":\"2020-12-08T14:00:22+00:00\",\"author\":{\"@id\":\"https:\/\/www.nova-groupe.fr\/fr\/#\/schema\/person\/914fc2542c7631658cdf6631980b00e6\"},\"description\":\"Offres PELLENC jusqu'au 30 Juin 2018: d\u00e9couvrez la tondeuse professionnelle 100% \u00e9lectrique Rasion et b\u00e9n\u00e9ficiez du bonus \u00e9cologique de 300\u20ac et d'une Batterie garantie 3 ans. Taille haie HELION 2 \u00e9lectrique: coupe professionnelle, en silence, ergonomique, l\u00e9g\u00e8re, \u00e9conomique et permet l\u2019entretien des haies\",\"breadcrumb\":{\"@id\":\"https:\/\/www.nova-groupe.fr\/fr\/offres-pellenc-jusquau-30-juin-2018\/#breadcrumb\"},\"inLanguage\":\"fr-FR\",\"potentialAction\":[{\"@type\":\"ReadAction\",\"target\":[\"https:\/\/www.nova-groupe.fr\/fr\/offres-pellenc-jusquau-30-juin-2018\/\"]}]},{\"@type\":\"ImageObject\",\"inLanguage\":\"fr-FR\",\"@id\":\"https:\/\/www.nova-groupe.fr\/fr\/offres-pellenc-jusquau-30-juin-2018\/#primaryimage\",\"url\":\"https:\/\/www.nova-groupe.fr\/wp-content\/uploads\/2018\/04\/28337217_2028675420479376_277568051545679350_o.jpg\",\"contentUrl\":\"https:\/\/www.nova-groupe.fr\/wp-content\/uploads\/2018\/04\/28337217_2028675420479376_277568051545679350_o.jpg\",\"width\":1200,\"height\":628},{\"@type\":\"BreadcrumbList\",\"@id\":\"https:\/\/www.nova-groupe.fr\/fr\/offres-pellenc-jusquau-30-juin-2018\/#breadcrumb\",\"itemListElement\":[{\"@type\":\"ListItem\",\"position\":1,\"name\":\"Accueil\",\"item\":\"https:\/\/www.nova-groupe.fr\/fr\/\"},{\"@type\":\"ListItem\",\"position\":2,\"name\":\"Offres PELLENC jusqu&rsquo;au 30 Juin 2018\"}]},{\"@type\":\"WebSite\",\"@id\":\"https:\/\/www.nova-groupe.fr\/fr\/#website\",\"url\":\"https:\/\/www.nova-groupe.fr\/fr\/\",\"name\":\"Nova-Groupe\",\"description\":\"Vente et location de mat\u00e9riel agricole, BTP, espaces verts et environnement\",\"potentialAction\":[{\"@type\":\"SearchAction\",\"target\":{\"@type\":\"EntryPoint\",\"urlTemplate\":\"https:\/\/www.nova-groupe.fr\/fr\/?s={search_term_string}\"},\"query-input\":{\"@type\":\"PropertyValueSpecification\",\"valueRequired\":true,\"valueName\":\"search_term_string\"}}],\"inLanguage\":\"fr-FR\"},{\"@type\":\"Person\",\"@id\":\"https:\/\/www.nova-groupe.fr\/fr\/#\/schema\/person\/914fc2542c7631658cdf6631980b00e6\",\"name\":\"Camille Zammit\",\"image\":{\"@type\":\"ImageObject\",\"inLanguage\":\"fr-FR\",\"@id\":\"https:\/\/secure.gravatar.com\/avatar\/0aa14d93c1a779e5d4dc40013b1fad108020ae901341f326debe748d1ec71daf?s=96&d=mm&r=g\",\"url\":\"https:\/\/secure.gravatar.com\/avatar\/0aa14d93c1a779e5d4dc40013b1fad108020ae901341f326debe748d1ec71daf?s=96&d=mm&r=g\",\"contentUrl\":\"https:\/\/secure.gravatar.com\/avatar\/0aa14d93c1a779e5d4dc40013b1fad108020ae901341f326debe748d1ec71daf?s=96&d=mm&r=g\",\"caption\":\"Camille Zammit\"}}]}<\/script>\n<!-- \/ Yoast SEO plugin. -->","yoast_head_json":{"title":"Offres PELLENC jusqu'au 30 Juin 2018","description":"Offres PELLENC jusqu'au 30 Juin 2018: d\u00e9couvrez la tondeuse professionnelle 100% \u00e9lectrique Rasion et b\u00e9n\u00e9ficiez du bonus \u00e9cologique de 300\u20ac et d'une Batterie garantie 3 ans. Taille haie HELION 2 \u00e9lectrique: coupe professionnelle, en silence, ergonomique, l\u00e9g\u00e8re, \u00e9conomique et permet l\u2019entretien des haies","robots":{"index":"index","follow":"follow","max-snippet":"max-snippet:-1","max-image-preview":"max-image-preview:large","max-video-preview":"max-video-preview:-1"},"canonical":"https:\/\/www.nova-groupe.fr\/fr\/offres-pellenc-jusquau-30-juin-2018\/","og_locale":"fr_FR","og_type":"article","og_title":"Offres PELLENC jusqu'au 30 Juin 2018","og_description":"Offres PELLENC jusqu'au 30 Juin 2018: d\u00e9couvrez la tondeuse professionnelle 100% \u00e9lectrique Rasion et b\u00e9n\u00e9ficiez du bonus \u00e9cologique de 300\u20ac et d'une Batterie garantie 3 ans. Taille haie HELION 2 \u00e9lectrique: coupe professionnelle, en silence, ergonomique, l\u00e9g\u00e8re, \u00e9conomique et permet l\u2019entretien des haies","og_url":"https:\/\/www.nova-groupe.fr\/fr\/offres-pellenc-jusquau-30-juin-2018\/","og_site_name":"Nova-Groupe","article_publisher":"https:\/\/www.facebook.com\/Nova-Groupe-170173286757302\/","article_published_time":"2018-04-17T09:58:55+00:00","article_modified_time":"2020-12-08T14:00:22+00:00","og_image":[{"width":1200,"height":628,"url":"https:\/\/www.nova-groupe.fr\/wp-content\/uploads\/2018\/04\/28337217_2028675420479376_277568051545679350_o.jpg","type":"image\/jpeg"}],"author":"Camille Zammit","twitter_card":"summary_large_image","twitter_misc":{"\u00c9crit par":"Camille Zammit","Dur\u00e9e de lecture estim\u00e9e":"3 minutes"},"schema":{"@context":"https:\/\/schema.org","@graph":[{"@type":"Article","@id":"https:\/\/www.nova-groupe.fr\/fr\/offres-pellenc-jusquau-30-juin-2018\/#article","isPartOf":{"@id":"https:\/\/www.nova-groupe.fr\/fr\/offres-pellenc-jusquau-30-juin-2018\/"},"author":{"name":"Camille Zammit","@id":"https:\/\/www.nova-groupe.fr\/fr\/#\/schema\/person\/914fc2542c7631658cdf6631980b00e6"},"headline":"Offres PELLENC jusqu&rsquo;au 30 Juin 2018","datePublished":"2018-04-17T09:58:55+00:00","dateModified":"2020-12-08T14:00:22+00:00","mainEntityOfPage":{"@id":"https:\/\/www.nova-groupe.fr\/fr\/offres-pellenc-jusquau-30-juin-2018\/"},"wordCount":662,"commentCount":0,"image":{"@id":"https:\/\/www.nova-groupe.fr\/fr\/offres-pellenc-jusquau-30-juin-2018\/#primaryimage"},"thumbnailUrl":"https:\/\/www.nova-groupe.fr\/wp-content\/uploads\/2018\/04\/28337217_2028675420479376_277568051545679350_o.jpg","keywords":["batterie","ecologique","economique","extension garantie","pellenc","phyto","taille haie","tondeuse"],"articleSection":["Non classifi\u00e9(e)","PROMOTIONS"],"inLanguage":"fr-FR","potentialAction":[{"@type":"CommentAction","name":"Comment","target":["https:\/\/www.nova-groupe.fr\/fr\/offres-pellenc-jusquau-30-juin-2018\/#respond"]}]},{"@type":"WebPage","@id":"https:\/\/www.nova-groupe.fr\/fr\/offres-pellenc-jusquau-30-juin-2018\/","url":"https:\/\/www.nova-groupe.fr\/fr\/offres-pellenc-jusquau-30-juin-2018\/","name":"Offres PELLENC jusqu'au 30 Juin 2018","isPartOf":{"@id":"https:\/\/www.nova-groupe.fr\/fr\/#website"},"primaryImageOfPage":{"@id":"https:\/\/www.nova-groupe.fr\/fr\/offres-pellenc-jusquau-30-juin-2018\/#primaryimage"},"image":{"@id":"https:\/\/www.nova-groupe.fr\/fr\/offres-pellenc-jusquau-30-juin-2018\/#primaryimage"},"thumbnailUrl":"https:\/\/www.nova-groupe.fr\/wp-content\/uploads\/2018\/04\/28337217_2028675420479376_277568051545679350_o.jpg","datePublished":"2018-04-17T09:58:55+00:00","dateModified":"2020-12-08T14:00:22+00:00","author":{"@id":"https:\/\/www.nova-groupe.fr\/fr\/#\/schema\/person\/914fc2542c7631658cdf6631980b00e6"},"description":"Offres PELLENC jusqu'au 30 Juin 2018: d\u00e9couvrez la tondeuse professionnelle 100% \u00e9lectrique Rasion et b\u00e9n\u00e9ficiez du bonus \u00e9cologique de 300\u20ac et d'une Batterie garantie 3 ans. Taille haie HELION 2 \u00e9lectrique: coupe professionnelle, en silence, ergonomique, l\u00e9g\u00e8re, \u00e9conomique et permet l\u2019entretien des haies","breadcrumb":{"@id":"https:\/\/www.nova-groupe.fr\/fr\/offres-pellenc-jusquau-30-juin-2018\/#breadcrumb"},"inLanguage":"fr-FR","potentialAction":[{"@type":"ReadAction","target":["https:\/\/www.nova-groupe.fr\/fr\/offres-pellenc-jusquau-30-juin-2018\/"]}]},{"@type":"ImageObject","inLanguage":"fr-FR","@id":"https:\/\/www.nova-groupe.fr\/fr\/offres-pellenc-jusquau-30-juin-2018\/#primaryimage","url":"https:\/\/www.nova-groupe.fr\/wp-content\/uploads\/2018\/04\/28337217_2028675420479376_277568051545679350_o.jpg","contentUrl":"https:\/\/www.nova-groupe.fr\/wp-content\/uploads\/2018\/04\/28337217_2028675420479376_277568051545679350_o.jpg","width":1200,"height":628},{"@type":"BreadcrumbList","@id":"https:\/\/www.nova-groupe.fr\/fr\/offres-pellenc-jusquau-30-juin-2018\/#breadcrumb","itemListElement":[{"@type":"ListItem","position":1,"name":"Accueil","item":"https:\/\/www.nova-groupe.fr\/fr\/"},{"@type":"ListItem","position":2,"name":"Offres PELLENC jusqu&rsquo;au 30 Juin 2018"}]},{"@type":"WebSite","@id":"https:\/\/www.nova-groupe.fr\/fr\/#website","url":"https:\/\/www.nova-groupe.fr\/fr\/","name":"Nova-Groupe","description":"Vente et location de mat\u00e9riel agricole, BTP, espaces verts et environnement","potentialAction":[{"@type":"SearchAction","target":{"@type":"EntryPoint","urlTemplate":"https:\/\/www.nova-groupe.fr\/fr\/?s={search_term_string}"},"query-input":{"@type":"PropertyValueSpecification","valueRequired":true,"valueName":"search_term_string"}}],"inLanguage":"fr-FR"},{"@type":"Person","@id":"https:\/\/www.nova-groupe.fr\/fr\/#\/schema\/person\/914fc2542c7631658cdf6631980b00e6","name":"Camille Zammit","image":{"@type":"ImageObject","inLanguage":"fr-FR","@id":"https:\/\/secure.gravatar.com\/avatar\/0aa14d93c1a779e5d4dc40013b1fad108020ae901341f326debe748d1ec71daf?s=96&d=mm&r=g","url":"https:\/\/secure.gravatar.com\/avatar\/0aa14d93c1a779e5d4dc40013b1fad108020ae901341f326debe748d1ec71daf?s=96&d=mm&r=g","contentUrl":"https:\/\/secure.gravatar.com\/avatar\/0aa14d93c1a779e5d4dc40013b1fad108020ae901341f326debe748d1ec71daf?s=96&d=mm&r=g","caption":"Camille Zammit"}}]}},"_links":{"self":[{"href":"https:\/\/www.nova-groupe.fr\/fr\/wp-json\/wp\/v2\/posts\/9388","targetHints":{"allow":["GET"]}}],"collection":[{"href":"https:\/\/www.nova-groupe.fr\/fr\/wp-json\/wp\/v2\/posts"}],"about":[{"href":"https:\/\/www.nova-groupe.fr\/fr\/wp-json\/wp\/v2\/types\/post"}],"author":[{"embeddable":true,"href":"https:\/\/www.nova-groupe.fr\/fr\/wp-json\/wp\/v2\/users\/3"}],"replies":[{"embeddable":true,"href":"https:\/\/www.nova-groupe.fr\/fr\/wp-json\/wp\/v2\/comments?post=9388"}],"version-history":[{"count":0,"href":"https:\/\/www.nova-groupe.fr\/fr\/wp-json\/wp\/v2\/posts\/9388\/revisions"}],"wp:featuredmedia":[{"embeddable":true,"href":"https:\/\/www.nova-groupe.fr\/fr\/wp-json\/wp\/v2\/media\/9393"}],"wp:attachment":[{"href":"https:\/\/www.nova-groupe.fr\/fr\/wp-json\/wp\/v2\/media?parent=9388"}],"wp:term":[{"taxonomy":"category","embeddable":true,"href":"https:\/\/www.nova-groupe.fr\/fr\/wp-json\/wp\/v2\/categories?post=9388"},{"taxonomy":"post_tag","embeddable":true,"href":"https:\/\/www.nova-groupe.fr\/fr\/wp-json\/wp\/v2\/tags?post=9388"}],"curies":[{"name":"wp","href":"https:\/\/api.w.org\/{rel}","templated":true}]}}