{"id":9625,"date":"2018-05-18T09:02:35","date_gmt":"2018-05-18T07:02:35","guid":{"rendered":"https:\/\/www.nova-groupe.fr\/?p=9625"},"modified":"2019-09-25T17:47:58","modified_gmt":"2019-09-25T15:47:58","slug":"nova-participera-a-la-journee-durance-innov-le-jeudi-7-juin-a-sisteron","status":"publish","type":"post","link":"https:\/\/www.nova-groupe.fr\/fr\/nova-participera-a-la-journee-durance-innov-le-jeudi-7-juin-a-sisteron\/","title":{"rendered":"NOVA participera \u00e0 la journ\u00e9e DURANCE INNOV le jeudi 7 Juin \u00e0 Sisteron"},"content":{"rendered":"<h1>NOVA participera \u00e0 la journ\u00e9e DURANCE INNOV&rsquo; le jeudi 7 Juin \u00e0 Sisteron de 9h \u00e0 18h.<\/h1>\n<p>Durance Innov\u2019 d\u00e9die son prochain \u00e9v\u00e9nement \u00e0 l\u2019arboriculture. Il est co-organis\u00e9 par la <a href=\"http:\/\/www.gps.coop\/site-internet\/presentation\/le-groupe\/magnan-540.aspx\">coop\u00e9rative GPS<\/a>, la soci\u00e9t\u00e9 <a href=\"http:\/\/www.raisonalpes.fr\/\">Raison\u2019Alpes<\/a>, les <a href=\"http:\/\/www.gps.coop\/site-internet\/presentation\/le-groupe\/magnan-540.aspx\">Ets Magnan<\/a> et la soci\u00e9t\u00e9 du <a href=\"https:\/\/www.canal-de-provence.com\/\">Canal de Provence<\/a>. Cette \u00e9dition permettra de d\u00e9couvrir des technologies innovantes en arboriculture \u00e0 travers de nombreuses d\u00e9monstrations, des stands et des conf\u00e9rences, le tout sur plus de 10 ha.<\/p>\n<p>Nombreuses conf\u00e9rences, ateliers et d\u00e9monstrations de mat\u00e9riels.<\/p>\n<p>NOVA vous propose de d\u00e9couvrir les <a href=\"https:\/\/nova.concession-jd.com\/John-Deere\/Materiels-agricoles\/Solutions-d-agriculture-de-precision-AMS\" target=\"_blank\" rel=\"noopener noreferrer\"><strong>technologies JOHN DEERE<\/strong><\/a> avec notre tracteur sp\u00e9cialis\u00e9 5G et son <strong>syst\u00e8me de guidage AMS<\/strong> en d\u00e9monstration lors de cette journ\u00e9e.<\/p>\n<p><img decoding=\"async\" class=\"alignnone wp-image-9614 size-full\" src=\"https:\/\/www.nova-groupe.fr\/wp-content\/uploads\/2018\/05\/flyer-AMS1-Copie.jpg\" alt=\"solutions ams john deere\" width=\"1024\" height=\"398\" srcset=\"https:\/\/www.nova-groupe.fr\/wp-content\/uploads\/2018\/05\/flyer-AMS1-Copie.jpg 1024w, https:\/\/www.nova-groupe.fr\/wp-content\/uploads\/2018\/05\/flyer-AMS1-Copie-300x117.jpg 300w, https:\/\/www.nova-groupe.fr\/wp-content\/uploads\/2018\/05\/flyer-AMS1-Copie-768x299.jpg 768w\" sizes=\"(max-width: 1024px) 100vw, 1024px\" \/><\/p>\n<p><strong>Un salon\u00a0\u00ab plein champ\u00a0\u00bb<\/strong><br \/>\nPour <strong>ce salon \u00ab\u00a0plein champ\u00a0\u00bb unique dans le sud-est de la France<\/strong> et organis\u00e9 sur 10 hectares, tous les leaders de l\u2019innovation sur les m\u00e9tiers de l\u2019arboriculture seront pr\u00e9sents. Gr\u00e2ce \u00e0 de multiples conf\u00e9rences et d\u00e9monstrations, venez \u00ab\u00a0toucher du doigt\u00a0\u00bb l\u2019innovation grandeur nature !<\/p>\n<p class=\"bodytext\"><strong>Cette nouvelle \u00e9dition pr\u00e9sentera un panel de\u00a0technologies innovantes en arboriculture\u00a0pour am\u00e9liorer la comp\u00e9titivit\u00e9 des exploitations.<\/strong><\/p>\n<ul>\n<li>De nombreuses\u00a0d\u00e9monstrations\u00a0autour de l\u2019innovation seront propos\u00e9es.<\/li>\n<li>Innovations en termes de solutions techniques et informatiques.<\/li>\n<li>Certains sujets seront compl\u00e9t\u00e9s par des\u00a0conf\u00e9rences.<\/li>\n<li>Le site de d\u00e9monstration d\u2019une superficie de plus de 10 Ha permettra d\u2019aborder des th\u00e9matiques aussi diverses que les outils d\u2019aides \u00e0 la d\u00e9cision, la performance des itin\u00e9raires techniques, la r\u00e9duction des intrants phytosanitaires et nombre de mat\u00e9riel agricole et para-agricole sera pr\u00e9sent\u00e9.<\/li>\n<\/ul>\n<p>Plus d&rsquo;informations sur: <a href=\"http:\/\/www.paca.chambres-agriculture.fr\/nos-evenements\/detail-de-levenement\/actualites\/04-durance-innovarbo-2018-linnovation-grandeur-nature\/\" target=\"_blank\" rel=\"noopener noreferrer\">http:\/\/www.paca.chambres-agriculture.fr\/nos-evenements\/detail-de-levenement\/actualites\/04-durance-innovarbo-2018-linnovation-grandeur-nature\/<\/a><\/p>\n<p>Pour participer, inscrivez-vous d\u00e8s \u00e0 pr\u00e9sent sur: <a href=\"https:\/\/www.weezevent.com\/durance-innov-arbo-2018\">https:\/\/www.weezevent.com\/durance-innov-arbo-2018<\/a><\/p>\n<p class=\"bodytext\">Informations et renseignements : 04 92 34 79 55<\/p>\n<hr \/>\n<div id=\"pg-9082-1\" class=\"panel-grid panel-has-style\" data-style=\"{&quot;padding&quot;:&quot;3% 0% 2% 0%&quot;,&quot;background&quot;:&quot;#f3f2eb&quot;,&quot;background_display&quot;:&quot;tile&quot;,&quot;lsow_dark_bg&quot;:&quot;&quot;,&quot;row_stretch&quot;:&quot;full&quot;}\">\n<div class=\"siteorigin-panels-stretch panel-row-style panel-row-style-for-9082-1\" data-stretch-type=\"full\">\n<div id=\"pgc-9082-1-0\" class=\"panel-grid-cell\" data-weight=\"1\">\n<div id=\"panel-9082-1-0-0\" class=\"so-panel widget widget_sow-post-carousel panel-first-child panel-last-child\" data-index=\"3\" data-style=\"{&quot;background_display&quot;:&quot;tile&quot;}\">\n<\/div>\n<\/div>\n<\/div>\n<\/div>\n<div id=\"pg-9082-2\" class=\"panel-grid panel-has-style\" data-style=\"{&quot;background_display&quot;:&quot;tile&quot;,&quot;lsow_dark_bg&quot;:&quot;&quot;,&quot;row_stretch&quot;:&quot;full-stretched&quot;,&quot;cell_alignment&quot;:&quot;flex-start&quot;}\">\n<div class=\"siteorigin-panels-stretch panel-row-style panel-row-style-for-9082-2\" data-stretch-type=\"full-stretched\">\n<div id=\"pgc-9082-2-0\" class=\"panel-grid-cell\" data-weight=\"1\">\n<div id=\"panel-9082-2-0-0\" class=\"so-panel widget widget_sow-image panel-first-child panel-last-child\" data-index=\"4\" data-style=\"{&quot;background_display&quot;:&quot;tile&quot;}\"><\/div>\n<\/div>\n<\/div>\n<\/div>\n","protected":false},"excerpt":{"rendered":"<p>NOVA participera \u00e0 la journ\u00e9e DURANCE INNOV&rsquo; le jeudi 7 Juin \u00e0 Sisteron de 9h \u00e0 18h. Durance Innov\u2019 d\u00e9die son prochain \u00e9v\u00e9nement \u00e0 l\u2019arboriculture. Il est co-organis\u00e9 par la coop\u00e9rative GPS, la soci\u00e9t\u00e9 Raison\u2019Alpes, les Ets Magnan et la soci\u00e9t\u00e9 du Canal de Provence. Cette \u00e9dition permettra de d\u00e9couvrir des technologies innovantes en arboriculture [&hellip;]<\/p>\n","protected":false},"author":3,"featured_media":9626,"comment_status":"open","ping_status":"closed","sticky":false,"template":"","format":"image","meta":{"_acf_changed":false,"_et_pb_use_builder":"","_et_pb_old_content":"","_et_gb_content_width":"","om_disable_all_campaigns":false,"_monsterinsights_skip_tracking":false,"_monsterinsights_sitenote_active":false,"_monsterinsights_sitenote_note":"","_monsterinsights_sitenote_category":0,"_uf_show_specific_survey":0,"_uf_disable_surveys":false,"footnotes":""},"categories":[1],"tags":[],"class_list":["post-9625","post","type-post","status-publish","format-image","has-post-thumbnail","hentry","category-non-classifiee","post_format-post-format-image"],"acf":[],"yoast_head":"<!-- This site is optimized with the Yoast SEO plugin v27.2 - https:\/\/yoast.com\/product\/yoast-seo-wordpress\/ -->\n<title>NOVA participera \u00e0 la journ\u00e9e DURANCE INNOV le jeudi 7 Juin \u00e0 Sisteron<\/title>\n<meta name=\"description\" content=\"NOVA participera \u00e0 la journ\u00e9e DURANCE INNOV le jeudi 7 Juin \u00e0 Sisteron NOVA vous proposera de d\u00e9couvrir les technologies JOHN DEERE avec notre tracteur sp\u00e9cialis\u00e9 5G et sons syst\u00e8me de guidage AMS en d\u00e9monstration. Journ\u00e9e de d\u00e9monstration des technologies innovantes en arboriculture.\" \/>\n<meta name=\"robots\" content=\"index, follow, max-snippet:-1, max-image-preview:large, max-video-preview:-1\" \/>\n<link rel=\"canonical\" href=\"https:\/\/www.nova-groupe.fr\/fr\/nova-participera-a-la-journee-durance-innov-le-jeudi-7-juin-a-sisteron\/\" \/>\n<meta property=\"og:locale\" content=\"fr_FR\" \/>\n<meta property=\"og:type\" content=\"article\" \/>\n<meta property=\"og:title\" content=\"NOVA participera \u00e0 la journ\u00e9e DURANCE INNOV le jeudi 7 Juin \u00e0 Sisteron\" \/>\n<meta property=\"og:description\" content=\"NOVA participera \u00e0 la journ\u00e9e DURANCE INNOV le jeudi 7 Juin \u00e0 Sisteron NOVA vous proposera de d\u00e9couvrir les technologies JOHN DEERE avec notre tracteur sp\u00e9cialis\u00e9 5G et sons syst\u00e8me de guidage AMS en d\u00e9monstration. Journ\u00e9e de d\u00e9monstration des technologies innovantes en arboriculture.\" \/>\n<meta property=\"og:url\" content=\"https:\/\/www.nova-groupe.fr\/fr\/nova-participera-a-la-journee-durance-innov-le-jeudi-7-juin-a-sisteron\/\" \/>\n<meta property=\"og:site_name\" content=\"Nova-Groupe\" \/>\n<meta property=\"article:publisher\" content=\"https:\/\/www.facebook.com\/Nova-Groupe-170173286757302\/\" \/>\n<meta property=\"article:published_time\" content=\"2018-05-18T07:02:35+00:00\" \/>\n<meta property=\"article:modified_time\" content=\"2019-09-25T15:47:58+00:00\" \/>\n<meta property=\"og:image\" content=\"https:\/\/www.nova-groupe.fr\/wp-content\/uploads\/2018\/05\/salondurance-innov-07-06-2018.jpg\" \/>\n\t<meta property=\"og:image:width\" content=\"5000\" \/>\n\t<meta property=\"og:image:height\" content=\"2625\" \/>\n\t<meta property=\"og:image:type\" content=\"image\/jpeg\" \/>\n<meta name=\"author\" content=\"Camille Zammit\" \/>\n<meta name=\"twitter:card\" content=\"summary_large_image\" \/>\n<meta name=\"twitter:label1\" content=\"\u00c9crit par\" \/>\n\t<meta name=\"twitter:data1\" content=\"Camille Zammit\" \/>\n\t<meta name=\"twitter:label2\" content=\"Dur\u00e9e de lecture estim\u00e9e\" \/>\n\t<meta name=\"twitter:data2\" content=\"1 minute\" \/>\n<script type=\"application\/ld+json\" class=\"yoast-schema-graph\">{\"@context\":\"https:\/\/schema.org\",\"@graph\":[{\"@type\":\"Article\",\"@id\":\"https:\/\/www.nova-groupe.fr\/fr\/nova-participera-a-la-journee-durance-innov-le-jeudi-7-juin-a-sisteron\/#article\",\"isPartOf\":{\"@id\":\"https:\/\/www.nova-groupe.fr\/fr\/nova-participera-a-la-journee-durance-innov-le-jeudi-7-juin-a-sisteron\/\"},\"author\":{\"name\":\"Camille Zammit\",\"@id\":\"https:\/\/www.nova-groupe.fr\/fr\/#\/schema\/person\/914fc2542c7631658cdf6631980b00e6\"},\"headline\":\"NOVA participera \u00e0 la journ\u00e9e DURANCE INNOV le jeudi 7 Juin \u00e0 Sisteron\",\"datePublished\":\"2018-05-18T07:02:35+00:00\",\"dateModified\":\"2019-09-25T15:47:58+00:00\",\"mainEntityOfPage\":{\"@id\":\"https:\/\/www.nova-groupe.fr\/fr\/nova-participera-a-la-journee-durance-innov-le-jeudi-7-juin-a-sisteron\/\"},\"wordCount\":311,\"commentCount\":0,\"image\":{\"@id\":\"https:\/\/www.nova-groupe.fr\/fr\/nova-participera-a-la-journee-durance-innov-le-jeudi-7-juin-a-sisteron\/#primaryimage\"},\"thumbnailUrl\":\"https:\/\/www.nova-groupe.fr\/wp-content\/uploads\/2018\/05\/salondurance-innov-07-06-2018.jpg\",\"articleSection\":[\"Non classifi\u00e9(e)\"],\"inLanguage\":\"fr-FR\",\"potentialAction\":[{\"@type\":\"CommentAction\",\"name\":\"Comment\",\"target\":[\"https:\/\/www.nova-groupe.fr\/fr\/nova-participera-a-la-journee-durance-innov-le-jeudi-7-juin-a-sisteron\/#respond\"]}]},{\"@type\":\"WebPage\",\"@id\":\"https:\/\/www.nova-groupe.fr\/fr\/nova-participera-a-la-journee-durance-innov-le-jeudi-7-juin-a-sisteron\/\",\"url\":\"https:\/\/www.nova-groupe.fr\/fr\/nova-participera-a-la-journee-durance-innov-le-jeudi-7-juin-a-sisteron\/\",\"name\":\"NOVA participera \u00e0 la journ\u00e9e DURANCE INNOV le jeudi 7 Juin \u00e0 Sisteron\",\"isPartOf\":{\"@id\":\"https:\/\/www.nova-groupe.fr\/fr\/#website\"},\"primaryImageOfPage\":{\"@id\":\"https:\/\/www.nova-groupe.fr\/fr\/nova-participera-a-la-journee-durance-innov-le-jeudi-7-juin-a-sisteron\/#primaryimage\"},\"image\":{\"@id\":\"https:\/\/www.nova-groupe.fr\/fr\/nova-participera-a-la-journee-durance-innov-le-jeudi-7-juin-a-sisteron\/#primaryimage\"},\"thumbnailUrl\":\"https:\/\/www.nova-groupe.fr\/wp-content\/uploads\/2018\/05\/salondurance-innov-07-06-2018.jpg\",\"datePublished\":\"2018-05-18T07:02:35+00:00\",\"dateModified\":\"2019-09-25T15:47:58+00:00\",\"author\":{\"@id\":\"https:\/\/www.nova-groupe.fr\/fr\/#\/schema\/person\/914fc2542c7631658cdf6631980b00e6\"},\"description\":\"NOVA participera \u00e0 la journ\u00e9e DURANCE INNOV le jeudi 7 Juin \u00e0 Sisteron NOVA vous proposera de d\u00e9couvrir les technologies JOHN DEERE avec notre tracteur sp\u00e9cialis\u00e9 5G et sons syst\u00e8me de guidage AMS en d\u00e9monstration. Journ\u00e9e de d\u00e9monstration des technologies innovantes en arboriculture.\",\"breadcrumb\":{\"@id\":\"https:\/\/www.nova-groupe.fr\/fr\/nova-participera-a-la-journee-durance-innov-le-jeudi-7-juin-a-sisteron\/#breadcrumb\"},\"inLanguage\":\"fr-FR\",\"potentialAction\":[{\"@type\":\"ReadAction\",\"target\":[\"https:\/\/www.nova-groupe.fr\/fr\/nova-participera-a-la-journee-durance-innov-le-jeudi-7-juin-a-sisteron\/\"]}]},{\"@type\":\"ImageObject\",\"inLanguage\":\"fr-FR\",\"@id\":\"https:\/\/www.nova-groupe.fr\/fr\/nova-participera-a-la-journee-durance-innov-le-jeudi-7-juin-a-sisteron\/#primaryimage\",\"url\":\"https:\/\/www.nova-groupe.fr\/wp-content\/uploads\/2018\/05\/salondurance-innov-07-06-2018.jpg\",\"contentUrl\":\"https:\/\/www.nova-groupe.fr\/wp-content\/uploads\/2018\/05\/salondurance-innov-07-06-2018.jpg\",\"width\":5000,\"height\":2625,\"caption\":\"journ\u00e9e durance innov nova juin 2018\"},{\"@type\":\"BreadcrumbList\",\"@id\":\"https:\/\/www.nova-groupe.fr\/fr\/nova-participera-a-la-journee-durance-innov-le-jeudi-7-juin-a-sisteron\/#breadcrumb\",\"itemListElement\":[{\"@type\":\"ListItem\",\"position\":1,\"name\":\"Accueil\",\"item\":\"https:\/\/www.nova-groupe.fr\/fr\/\"},{\"@type\":\"ListItem\",\"position\":2,\"name\":\"NOVA participera \u00e0 la journ\u00e9e DURANCE INNOV le jeudi 7 Juin \u00e0 Sisteron\"}]},{\"@type\":\"WebSite\",\"@id\":\"https:\/\/www.nova-groupe.fr\/fr\/#website\",\"url\":\"https:\/\/www.nova-groupe.fr\/fr\/\",\"name\":\"Nova-Groupe\",\"description\":\"Vente et location de mat\u00e9riel agricole, BTP, espaces verts et environnement\",\"potentialAction\":[{\"@type\":\"SearchAction\",\"target\":{\"@type\":\"EntryPoint\",\"urlTemplate\":\"https:\/\/www.nova-groupe.fr\/fr\/?s={search_term_string}\"},\"query-input\":{\"@type\":\"PropertyValueSpecification\",\"valueRequired\":true,\"valueName\":\"search_term_string\"}}],\"inLanguage\":\"fr-FR\"},{\"@type\":\"Person\",\"@id\":\"https:\/\/www.nova-groupe.fr\/fr\/#\/schema\/person\/914fc2542c7631658cdf6631980b00e6\",\"name\":\"Camille Zammit\",\"image\":{\"@type\":\"ImageObject\",\"inLanguage\":\"fr-FR\",\"@id\":\"https:\/\/secure.gravatar.com\/avatar\/0aa14d93c1a779e5d4dc40013b1fad108020ae901341f326debe748d1ec71daf?s=96&d=mm&r=g\",\"url\":\"https:\/\/secure.gravatar.com\/avatar\/0aa14d93c1a779e5d4dc40013b1fad108020ae901341f326debe748d1ec71daf?s=96&d=mm&r=g\",\"contentUrl\":\"https:\/\/secure.gravatar.com\/avatar\/0aa14d93c1a779e5d4dc40013b1fad108020ae901341f326debe748d1ec71daf?s=96&d=mm&r=g\",\"caption\":\"Camille Zammit\"}}]}<\/script>\n<!-- \/ Yoast SEO plugin. -->","yoast_head_json":{"title":"NOVA participera \u00e0 la journ\u00e9e DURANCE INNOV le jeudi 7 Juin \u00e0 Sisteron","description":"NOVA participera \u00e0 la journ\u00e9e DURANCE INNOV le jeudi 7 Juin \u00e0 Sisteron NOVA vous proposera de d\u00e9couvrir les technologies JOHN DEERE avec notre tracteur sp\u00e9cialis\u00e9 5G et sons syst\u00e8me de guidage AMS en d\u00e9monstration. Journ\u00e9e de d\u00e9monstration des technologies innovantes en arboriculture.","robots":{"index":"index","follow":"follow","max-snippet":"max-snippet:-1","max-image-preview":"max-image-preview:large","max-video-preview":"max-video-preview:-1"},"canonical":"https:\/\/www.nova-groupe.fr\/fr\/nova-participera-a-la-journee-durance-innov-le-jeudi-7-juin-a-sisteron\/","og_locale":"fr_FR","og_type":"article","og_title":"NOVA participera \u00e0 la journ\u00e9e DURANCE INNOV le jeudi 7 Juin \u00e0 Sisteron","og_description":"NOVA participera \u00e0 la journ\u00e9e DURANCE INNOV le jeudi 7 Juin \u00e0 Sisteron NOVA vous proposera de d\u00e9couvrir les technologies JOHN DEERE avec notre tracteur sp\u00e9cialis\u00e9 5G et sons syst\u00e8me de guidage AMS en d\u00e9monstration. Journ\u00e9e de d\u00e9monstration des technologies innovantes en arboriculture.","og_url":"https:\/\/www.nova-groupe.fr\/fr\/nova-participera-a-la-journee-durance-innov-le-jeudi-7-juin-a-sisteron\/","og_site_name":"Nova-Groupe","article_publisher":"https:\/\/www.facebook.com\/Nova-Groupe-170173286757302\/","article_published_time":"2018-05-18T07:02:35+00:00","article_modified_time":"2019-09-25T15:47:58+00:00","og_image":[{"width":5000,"height":2625,"url":"https:\/\/www.nova-groupe.fr\/wp-content\/uploads\/2018\/05\/salondurance-innov-07-06-2018.jpg","type":"image\/jpeg"}],"author":"Camille Zammit","twitter_card":"summary_large_image","twitter_misc":{"\u00c9crit par":"Camille Zammit","Dur\u00e9e de lecture estim\u00e9e":"1 minute"},"schema":{"@context":"https:\/\/schema.org","@graph":[{"@type":"Article","@id":"https:\/\/www.nova-groupe.fr\/fr\/nova-participera-a-la-journee-durance-innov-le-jeudi-7-juin-a-sisteron\/#article","isPartOf":{"@id":"https:\/\/www.nova-groupe.fr\/fr\/nova-participera-a-la-journee-durance-innov-le-jeudi-7-juin-a-sisteron\/"},"author":{"name":"Camille Zammit","@id":"https:\/\/www.nova-groupe.fr\/fr\/#\/schema\/person\/914fc2542c7631658cdf6631980b00e6"},"headline":"NOVA participera \u00e0 la journ\u00e9e DURANCE INNOV le jeudi 7 Juin \u00e0 Sisteron","datePublished":"2018-05-18T07:02:35+00:00","dateModified":"2019-09-25T15:47:58+00:00","mainEntityOfPage":{"@id":"https:\/\/www.nova-groupe.fr\/fr\/nova-participera-a-la-journee-durance-innov-le-jeudi-7-juin-a-sisteron\/"},"wordCount":311,"commentCount":0,"image":{"@id":"https:\/\/www.nova-groupe.fr\/fr\/nova-participera-a-la-journee-durance-innov-le-jeudi-7-juin-a-sisteron\/#primaryimage"},"thumbnailUrl":"https:\/\/www.nova-groupe.fr\/wp-content\/uploads\/2018\/05\/salondurance-innov-07-06-2018.jpg","articleSection":["Non classifi\u00e9(e)"],"inLanguage":"fr-FR","potentialAction":[{"@type":"CommentAction","name":"Comment","target":["https:\/\/www.nova-groupe.fr\/fr\/nova-participera-a-la-journee-durance-innov-le-jeudi-7-juin-a-sisteron\/#respond"]}]},{"@type":"WebPage","@id":"https:\/\/www.nova-groupe.fr\/fr\/nova-participera-a-la-journee-durance-innov-le-jeudi-7-juin-a-sisteron\/","url":"https:\/\/www.nova-groupe.fr\/fr\/nova-participera-a-la-journee-durance-innov-le-jeudi-7-juin-a-sisteron\/","name":"NOVA participera \u00e0 la journ\u00e9e DURANCE INNOV le jeudi 7 Juin \u00e0 Sisteron","isPartOf":{"@id":"https:\/\/www.nova-groupe.fr\/fr\/#website"},"primaryImageOfPage":{"@id":"https:\/\/www.nova-groupe.fr\/fr\/nova-participera-a-la-journee-durance-innov-le-jeudi-7-juin-a-sisteron\/#primaryimage"},"image":{"@id":"https:\/\/www.nova-groupe.fr\/fr\/nova-participera-a-la-journee-durance-innov-le-jeudi-7-juin-a-sisteron\/#primaryimage"},"thumbnailUrl":"https:\/\/www.nova-groupe.fr\/wp-content\/uploads\/2018\/05\/salondurance-innov-07-06-2018.jpg","datePublished":"2018-05-18T07:02:35+00:00","dateModified":"2019-09-25T15:47:58+00:00","author":{"@id":"https:\/\/www.nova-groupe.fr\/fr\/#\/schema\/person\/914fc2542c7631658cdf6631980b00e6"},"description":"NOVA participera \u00e0 la journ\u00e9e DURANCE INNOV le jeudi 7 Juin \u00e0 Sisteron NOVA vous proposera de d\u00e9couvrir les technologies JOHN DEERE avec notre tracteur sp\u00e9cialis\u00e9 5G et sons syst\u00e8me de guidage AMS en d\u00e9monstration. Journ\u00e9e de d\u00e9monstration des technologies innovantes en arboriculture.","breadcrumb":{"@id":"https:\/\/www.nova-groupe.fr\/fr\/nova-participera-a-la-journee-durance-innov-le-jeudi-7-juin-a-sisteron\/#breadcrumb"},"inLanguage":"fr-FR","potentialAction":[{"@type":"ReadAction","target":["https:\/\/www.nova-groupe.fr\/fr\/nova-participera-a-la-journee-durance-innov-le-jeudi-7-juin-a-sisteron\/"]}]},{"@type":"ImageObject","inLanguage":"fr-FR","@id":"https:\/\/www.nova-groupe.fr\/fr\/nova-participera-a-la-journee-durance-innov-le-jeudi-7-juin-a-sisteron\/#primaryimage","url":"https:\/\/www.nova-groupe.fr\/wp-content\/uploads\/2018\/05\/salondurance-innov-07-06-2018.jpg","contentUrl":"https:\/\/www.nova-groupe.fr\/wp-content\/uploads\/2018\/05\/salondurance-innov-07-06-2018.jpg","width":5000,"height":2625,"caption":"journ\u00e9e durance innov nova juin 2018"},{"@type":"BreadcrumbList","@id":"https:\/\/www.nova-groupe.fr\/fr\/nova-participera-a-la-journee-durance-innov-le-jeudi-7-juin-a-sisteron\/#breadcrumb","itemListElement":[{"@type":"ListItem","position":1,"name":"Accueil","item":"https:\/\/www.nova-groupe.fr\/fr\/"},{"@type":"ListItem","position":2,"name":"NOVA participera \u00e0 la journ\u00e9e DURANCE INNOV le jeudi 7 Juin \u00e0 Sisteron"}]},{"@type":"WebSite","@id":"https:\/\/www.nova-groupe.fr\/fr\/#website","url":"https:\/\/www.nova-groupe.fr\/fr\/","name":"Nova-Groupe","description":"Vente et location de mat\u00e9riel agricole, BTP, espaces verts et environnement","potentialAction":[{"@type":"SearchAction","target":{"@type":"EntryPoint","urlTemplate":"https:\/\/www.nova-groupe.fr\/fr\/?s={search_term_string}"},"query-input":{"@type":"PropertyValueSpecification","valueRequired":true,"valueName":"search_term_string"}}],"inLanguage":"fr-FR"},{"@type":"Person","@id":"https:\/\/www.nova-groupe.fr\/fr\/#\/schema\/person\/914fc2542c7631658cdf6631980b00e6","name":"Camille Zammit","image":{"@type":"ImageObject","inLanguage":"fr-FR","@id":"https:\/\/secure.gravatar.com\/avatar\/0aa14d93c1a779e5d4dc40013b1fad108020ae901341f326debe748d1ec71daf?s=96&d=mm&r=g","url":"https:\/\/secure.gravatar.com\/avatar\/0aa14d93c1a779e5d4dc40013b1fad108020ae901341f326debe748d1ec71daf?s=96&d=mm&r=g","contentUrl":"https:\/\/secure.gravatar.com\/avatar\/0aa14d93c1a779e5d4dc40013b1fad108020ae901341f326debe748d1ec71daf?s=96&d=mm&r=g","caption":"Camille Zammit"}}]}},"_links":{"self":[{"href":"https:\/\/www.nova-groupe.fr\/fr\/wp-json\/wp\/v2\/posts\/9625","targetHints":{"allow":["GET"]}}],"collection":[{"href":"https:\/\/www.nova-groupe.fr\/fr\/wp-json\/wp\/v2\/posts"}],"about":[{"href":"https:\/\/www.nova-groupe.fr\/fr\/wp-json\/wp\/v2\/types\/post"}],"author":[{"embeddable":true,"href":"https:\/\/www.nova-groupe.fr\/fr\/wp-json\/wp\/v2\/users\/3"}],"replies":[{"embeddable":true,"href":"https:\/\/www.nova-groupe.fr\/fr\/wp-json\/wp\/v2\/comments?post=9625"}],"version-history":[{"count":0,"href":"https:\/\/www.nova-groupe.fr\/fr\/wp-json\/wp\/v2\/posts\/9625\/revisions"}],"wp:featuredmedia":[{"embeddable":true,"href":"https:\/\/www.nova-groupe.fr\/fr\/wp-json\/wp\/v2\/media\/9626"}],"wp:attachment":[{"href":"https:\/\/www.nova-groupe.fr\/fr\/wp-json\/wp\/v2\/media?parent=9625"}],"wp:term":[{"taxonomy":"category","embeddable":true,"href":"https:\/\/www.nova-groupe.fr\/fr\/wp-json\/wp\/v2\/categories?post=9625"},{"taxonomy":"post_tag","embeddable":true,"href":"https:\/\/www.nova-groupe.fr\/fr\/wp-json\/wp\/v2\/tags?post=9625"}],"curies":[{"name":"wp","href":"https:\/\/api.w.org\/{rel}","templated":true}]}}