{"id":9873,"date":"2018-06-19T15:57:14","date_gmt":"2018-06-19T13:57:14","guid":{"rendered":"https:\/\/www.nova-groupe.fr\/?p=9873"},"modified":"2020-12-08T14:59:52","modified_gmt":"2020-12-08T13:59:52","slug":"offre-decouverte-taille-haie-pro-stihl-sac-a-dos-et-pochette-offerts","status":"publish","type":"post","link":"https:\/\/www.nova-groupe.fr\/fr\/offre-decouverte-taille-haie-pro-stihl-sac-a-dos-et-pochette-offerts\/","title":{"rendered":"Offre D\u00e9couverte Taille Haie Pro STIHL : Sac \u00e0 dos et Pochette Offerts !"},"content":{"rendered":"<div id=\"pl-8878\" class=\"panel-layout\">\n<div id=\"pg-8878-0\" class=\"panel-grid panel-no-style\">\n<div id=\"pgc-8878-0-0\" class=\"panel-grid-cell\" data-weight=\"1\">\n<div id=\"panel-8878-0-0-0\" class=\"so-panel widget widget_sow-editor panel-first-child panel-last-child\" data-index=\"0\" data-style=\"{&quot;background_display&quot;:&quot;tile&quot;}\">\n<div class=\"so-widget-sow-editor so-widget-sow-editor-base\">\n<div class=\"_5pbx userContent _3576\" data-ft=\"{&quot;tn&quot;:&quot;K&quot;}\">\n<h1>Offre D\u00e9couverte Taille Haie Pro STIHL : Sac \u00e0 dos et Pochette Offerts !<\/h1>\n<h2>Nous vous offrons le sac \u00e0 dos AP et la pochette \u00e0 connexion rapide <span style=\"color: #ff6600;\">d\u2019une valeur totale de 175,84\u20ac HT*<\/span><\/h2>\n<\/div>\n<p>Pour l\u2019achat des \u00e9l\u00e9ments suivants :<br \/>\n-Taille-haies \u00e0 batterie HSA 94 toutes versions (lamier de 60oou 75 cm, (version R pour les coupes de rabattage ou T pour les coupes de finition)<br \/>\n-2 batteries AP 300 et 1 chargeur STIHL<\/p>\n<p>Taille Haie HSA 94 <strong>professionnel,<\/strong> <strong>robuste<\/strong> et extr\u00eamement <strong>puissant<\/strong>, \u00e0 cadence de coupe r\u00e9duite pour une coupe puissante. Il offre une <strong>cadence constante<\/strong>, m\u00eame sous charge extr\u00eame, pour les travaux de rabattage les plus difficiles. <strong>Poign\u00e9e rotative multifonctions<\/strong> avec vitesse r\u00e9glable sur trois niveaux, <strong>lames aff\u00fbt\u00e9es bilat\u00e9ralement<\/strong>, but\u00e9e de protection et protection anti-coupure viss\u00e9es, poids 4,4 kg.<\/p>\n<p><iframe src=\"https:\/\/www.youtube.com\/embed\/9cWnB-XmOBk\" width=\"560\" height=\"315\" frameborder=\"0\" allowfullscreen=\"allowfullscreen\"><\/iframe> <iframe src=\"https:\/\/www.youtube.com\/embed\/Cph1SGRCVps\" width=\"560\" height=\"315\" frameborder=\"0\" allowfullscreen=\"allowfullscreen\"><\/iframe><\/p>\n<div class=\"_5pbx userContent _3576\" data-ft=\"{&quot;tn&quot;:&quot;K&quot;}\">\n<p>Rendez-vous vite jusqu&rsquo;au 31\/07\/2018 dans votre <strong>magasin NOVA le plus proche<\/strong> pour profiter de cette offre: <a href=\"http:\/\/www.nova-groupe.fr\/fr\/nos-agences\" target=\"_blank\" rel=\"nofollow noopener noreferrer\" data-ft=\"{&quot;tn&quot;:&quot;-U&quot;}\" data-lynx-mode=\"async\" data-lynx-uri=\"https:\/\/l.facebook.com\/l.php?u=http%3A%2F%2Fwww.nova-groupe.fr%2Ffr%2Fnos-agences&amp;h=ATN8hrijmtAwtfHXzXicM93ZtZNp49Has4VX1h1h1LOzg4YCntxJBXRQXzxbSJAyF7xa5aJTl43IHfoEhoHaTiq4EImBp6hwcC-ZyqN3O2Ns7TTkrbTpitRm4PQ0aYOSLsQf4cp4dnvEzA5wydaiqA\">www.nova-groupe.fr\/fr\/nos-agences<\/a><\/p>\n<p>&nbsp;<\/p>\n<\/div>\n<\/div>\n<div><img decoding=\"async\" class=\"size-large wp-image-9874 aligncenter\" src=\"https:\/\/www.nova-groupe.fr\/wp-content\/uploads\/2018\/06\/offre-taile-haie-stihl-07-2018-Copier-724x1024.jpg\" alt=\"offre taile haie stihl 31 07 2018 chez NOVA PACA\" width=\"724\" height=\"1024\" srcset=\"https:\/\/www.nova-groupe.fr\/wp-content\/uploads\/2018\/06\/offre-taile-haie-stihl-07-2018-Copier-724x1024.jpg 724w, https:\/\/www.nova-groupe.fr\/wp-content\/uploads\/2018\/06\/offre-taile-haie-stihl-07-2018-Copier-212x300.jpg 212w, https:\/\/www.nova-groupe.fr\/wp-content\/uploads\/2018\/06\/offre-taile-haie-stihl-07-2018-Copier-768x1086.jpg 768w, https:\/\/www.nova-groupe.fr\/wp-content\/uploads\/2018\/06\/offre-taile-haie-stihl-07-2018-Copier.jpg 1273w\" sizes=\"(max-width: 724px) 100vw, 724px\" \/><\/div>\n<div>\n<hr \/>\n<\/div>\n<div class=\"so-widget-sow-editor so-widget-sow-editor-base\">\n<p><a href=\"https:\/\/www.nova-groupe.fr\/fr\/nos-agences\/\"><strong>Nos agences Nova<\/strong><\/a> vous proposent une <strong>qualit\u00e9 de services Premium<\/strong> pour vous offrir <strong>la meilleure exp\u00e9rience <\/strong>gr\u00e2ce \u00e0 notre qualification r\u00e9seau <strong>STIHL ELITE<\/strong><strong>.<\/strong><\/p>\n<div class=\"siteorigin-widget-tinymce textwidget\">\n<div id=\"0\" class=\"onepager-details\">\n<div>\n<h4><a href=\"https:\/\/nova.stihl-revendeur.fr\/fr-fr\/\" target=\"_blank\" rel=\"noopener noreferrer\"><img decoding=\"async\" class=\"alignnone size-full wp-image-9130\" src=\"https:\/\/www.nova-groupe.fr\/wp-content\/uploads\/2018\/04\/nova-reseau-stihl-viking-elite-premium.jpg\" alt=\"nova reseau stihl viking elite premium\" width=\"289\" height=\"152\" \/><\/a><\/h4>\n<\/div>\n<p>&nbsp;<\/p>\n<div>\n<hr \/>\n<h2>D\u00e9couvrez nos gammes de <a href=\"https:\/\/nova.stihl-revendeur.fr\/fr-fr\/stihl\/fr-fr-4618\/\">produits STIHL<\/a><\/h2>\n<p>Produits \u00e0 batterie, Tron\u00e7onneuses,D\u00e9broussailleuses, Taille-haies et taille-haies sur perche, Tondeuses \u00e0 gazon \u00e0 batterie, Souffleurs et aspiro-broyeurs, Atomiseurs et pulv\u00e9risateurs. CombiSyst\u00e8me, MultiSyst\u00e8me, S\u00e9cateurs \u00e0 batterie, Tari\u00e8res et perceuse thermiques, D\u00e9coupeuses, Nettoyeur haute pression, Aspirateurs eau et poussi\u00e8res, Balayeuses m\u00e9caniques, \u00c9quipements de travail et de s\u00e9curit\u00e9, Articles forestiers, Carburant, huiles et accessoires.<\/p>\n<hr \/>\n<h2>D\u00e9couvrez nos gammes de <a href=\"https:\/\/nova.stihl-revendeur.fr\/fr-fr\/viking\/fr-fr-8947\/\">produits VIKING<\/a><\/h2>\n<p>Robots de tonte,Tondeuses \u00e0 gazon, Tracteurs de pelouse, Broyeurs \u00e0 v\u00e9g\u00e9taux, Scarificateurs, Motobineuses, Carburant et huiles<\/p>\n<h4>Le r\u00e9seau NOVA<\/h4>\n<p>Le groupe\u00a0<strong>NOVA\u00a0<\/strong>vous accompagne dans le choix de votre mat\u00e9riel d&rsquo; entretien des espaces verts <strong>Stihl\u00a0sur la r\u00e9gion PACA<\/strong>, et \u00e0 proximit\u00e9 de\u00a0<strong>Marseille, Aix-En-Provence, Avignon, Istres, Martigues, Vitrolles, Marignane, Salon de Provence, Mallemort, Gardanne, Cabri\u00e8s, Allauch, Aubagne, N\u00eemes, Orange, Manosque, Sisteron, S\u00e9nas, Cavaillon, Nice, Monaco, Grasse, Cannes, Fr\u00e9jus, Toulon, Al\u00e8s et Tallard au travers de nos agences r\u00e9gionales de Saint-Cannat, Arles, Cavaillon, Oraison, Saint Laurent Des Arbres, Gap, Carpentras, Saint Hilaire De Brethmas, Cogolin, Le Muy, et sur les d\u00e9partements 04 alpes de Hautes Provence, 05 Hautes Alpes, 06 Alpes Maritimes, 13 Bouches du Rh\u00f4ne, 26 Dr\u00f4me, 30 Gard , 83 Var et 84 Vaucluse.<br \/>\n<\/strong><\/p>\n<p><a href=\"https:\/\/www.nova-groupe.fr\/fr\/nos-agences\" target=\"_blank\" rel=\"noopener noreferrer\"><img decoding=\"async\" class=\"alignnone wp-image-11800 size-large\" src=\"https:\/\/www.nova-groupe.fr\/wp-content\/uploads\/2023\/12\/Nos-agences-NOVA-en-PACA-Votre-Distributeur-en-Materiels-Agricole-BTP-Espaces-Verts-manutention-2024.png\" sizes=\"(max-width: 1024px) 100vw, 1024px\" srcset=\"https:\/\/www.nova-groupe.fr\/wp-content\/uploads\/2023\/12\/Nos-agences-NOVA-en-PACA-Votre-Distributeur-en-Materiels-Agricole-BTP-Espaces-Verts-manutention-2024.png 1024w, https:\/\/www.nova-groupe.fr\/wp-content\/uploads\/2023\/12\/Nos-agences-NOVA-en-PACA-Votre-Distributeur-en-Materiels-Agricole-BTP-Espaces-Verts-manutention-2024-150x150.png 300w, https:\/\/www.nova-groupe.fr\/wp-content\/uploads\/2023\/12\/Nos-agences-NOVA-en-PACA-Votre-Distributeur-en-Materiels-Agricole-BTP-Espaces-Verts-manutention-2024-768x440.png 768w, https:\/\/www.nova-groupe.fr\/wp-content\/uploads\/2023\/12\/Nos-agences-NOVA-en-PACA-Votre-Distributeur-en-Materiels-Agricole-BTP-Espaces-Verts-manutention-2024.png 1191w\" alt=\"carte map liste agences nova\" width=\"1024\" height=\"757\" \/><\/a><\/p>\n<hr \/>\n<div id=\"pg-9082-1\" class=\"panel-grid panel-has-style\" data-style=\"{&quot;padding&quot;:&quot;3% 0% 2% 0%&quot;,&quot;background&quot;:&quot;#f3f2eb&quot;,&quot;background_display&quot;:&quot;tile&quot;,&quot;lsow_dark_bg&quot;:&quot;&quot;,&quot;row_stretch&quot;:&quot;full&quot;}\">\n<div class=\"siteorigin-panels-stretch panel-row-style panel-row-style-for-9082-1\" data-stretch-type=\"full\">\n<div id=\"pgc-9082-1-0\" class=\"panel-grid-cell\" data-weight=\"1\">\n<div id=\"panel-9082-1-0-0\" class=\"so-panel widget widget_sow-post-carousel panel-first-child panel-last-child\" data-index=\"3\" data-style=\"{&quot;background_display&quot;:&quot;tile&quot;}\">\n<\/div>\n<\/div>\n<\/div>\n<\/div>\n<div id=\"pg-9082-2\" class=\"panel-grid panel-has-style\" data-style=\"{&quot;background_display&quot;:&quot;tile&quot;,&quot;lsow_dark_bg&quot;:&quot;&quot;,&quot;row_stretch&quot;:&quot;full-stretched&quot;,&quot;cell_alignment&quot;:&quot;flex-start&quot;}\">\n<div class=\"siteorigin-panels-stretch panel-row-style panel-row-style-for-9082-2\" data-stretch-type=\"full-stretched\">\n<div id=\"pgc-9082-2-0\" class=\"panel-grid-cell\" data-weight=\"1\">\n<div id=\"panel-9082-2-0-0\" class=\"so-panel widget widget_sow-image panel-first-child panel-last-child\" data-index=\"4\" data-style=\"{&quot;background_display&quot;:&quot;tile&quot;}\"><\/div>\n<\/div>\n<\/div>\n<\/div>\n<\/div>\n<\/div>\n<\/div>\n<\/div>\n<\/div>\n<\/div>\n<\/div>\n<\/div>\n","protected":false},"excerpt":{"rendered":"<p>Offre D\u00e9couverte Taille Haie Pro STIHL : Sac \u00e0 dos et Pochette Offerts ! Nous vous offrons le sac \u00e0 dos AP et la pochette \u00e0 connexion rapide d\u2019une valeur totale de 175,84\u20ac HT* Pour l\u2019achat des \u00e9l\u00e9ments suivants : -Taille-haies \u00e0 batterie HSA 94 toutes versions (lamier de 60oou 75 cm, (version R pour [&hellip;]<\/p>\n","protected":false},"author":3,"featured_media":9874,"comment_status":"open","ping_status":"closed","sticky":false,"template":"","format":"image","meta":{"_acf_changed":false,"_et_pb_use_builder":"","_et_pb_old_content":"","_et_gb_content_width":"","om_disable_all_campaigns":false,"_monsterinsights_skip_tracking":false,"_monsterinsights_sitenote_active":false,"_monsterinsights_sitenote_note":"","_monsterinsights_sitenote_category":0,"_uf_show_specific_survey":0,"_uf_disable_surveys":false,"footnotes":""},"categories":[1,1366],"tags":[936,1304,1302,1186,994,1190,1140,850,1134,1244],"class_list":["post-9873","post","type-post","status-publish","format-image","has-post-thumbnail","hentry","category-non-classifiee","category-promotions","tag-cadeau","tag-gamme-pro","tag-hsa-94","tag-jardin","tag-nova","tag-paca","tag-printemps","tag-stihl","tag-taille-haie","tag-vente","post_format-post-format-image"],"acf":[],"yoast_head":"<!-- This site is optimized with the Yoast SEO plugin v27.2 - https:\/\/yoast.com\/product\/yoast-seo-wordpress\/ -->\n<title>Offre D\u00e9couverte Taille Haie Pro STIHL : Sac \u00e0 dos et Pochette Offerts !<\/title>\n<meta name=\"description\" content=\"Offre D\u00e9couverte chez NOVA PACA sur le Taille Haie Pro STIHL HSA 94. Nous vous offrons le sac \u00e0 dos AP et la pochette \u00e0 connexion rapide d\u2019une valeur totale de 175,84\u20ac HT* Pour l\u2019achat des \u00e9l\u00e9ments suivants : -Taille-haies \u00e0 batterie HSA 94 toutes versions -2 batteries AP 300 et 1 chargeur STIHL\" \/>\n<meta name=\"robots\" content=\"index, follow, max-snippet:-1, max-image-preview:large, max-video-preview:-1\" \/>\n<link rel=\"canonical\" href=\"https:\/\/www.nova-groupe.fr\/fr\/offre-decouverte-taille-haie-pro-stihl-sac-a-dos-et-pochette-offerts\/\" \/>\n<meta property=\"og:locale\" content=\"fr_FR\" \/>\n<meta property=\"og:type\" content=\"article\" \/>\n<meta property=\"og:title\" content=\"Offre D\u00e9couverte Taille Haie Pro STIHL : Sac \u00e0 dos et Pochette Offerts !\" \/>\n<meta property=\"og:description\" content=\"Offre D\u00e9couverte chez NOVA PACA sur le Taille Haie Pro STIHL HSA 94. Nous vous offrons le sac \u00e0 dos AP et la pochette \u00e0 connexion rapide d\u2019une valeur totale de 175,84\u20ac HT* Pour l\u2019achat des \u00e9l\u00e9ments suivants : -Taille-haies \u00e0 batterie HSA 94 toutes versions -2 batteries AP 300 et 1 chargeur STIHL\" \/>\n<meta property=\"og:url\" content=\"https:\/\/www.nova-groupe.fr\/fr\/offre-decouverte-taille-haie-pro-stihl-sac-a-dos-et-pochette-offerts\/\" \/>\n<meta property=\"og:site_name\" content=\"Nova-Groupe\" \/>\n<meta property=\"article:publisher\" content=\"https:\/\/www.facebook.com\/Nova-Groupe-170173286757302\/\" \/>\n<meta property=\"article:published_time\" content=\"2018-06-19T13:57:14+00:00\" \/>\n<meta property=\"article:modified_time\" content=\"2020-12-08T13:59:52+00:00\" \/>\n<meta property=\"og:image\" content=\"https:\/\/www.nova-groupe.fr\/wp-content\/uploads\/2018\/06\/offre-taile-haie-stihl-07-2018-Copier.jpg\" \/>\n\t<meta property=\"og:image:width\" content=\"1273\" \/>\n\t<meta property=\"og:image:height\" content=\"1800\" \/>\n\t<meta property=\"og:image:type\" content=\"image\/jpeg\" \/>\n<meta name=\"author\" content=\"Camille Zammit\" \/>\n<meta name=\"twitter:card\" content=\"summary_large_image\" \/>\n<meta name=\"twitter:label1\" content=\"\u00c9crit par\" \/>\n\t<meta name=\"twitter:data1\" content=\"Camille Zammit\" \/>\n\t<meta name=\"twitter:label2\" content=\"Dur\u00e9e de lecture estim\u00e9e\" \/>\n\t<meta name=\"twitter:data2\" content=\"2 minutes\" \/>\n<script type=\"application\/ld+json\" class=\"yoast-schema-graph\">{\"@context\":\"https:\/\/schema.org\",\"@graph\":[{\"@type\":\"Article\",\"@id\":\"https:\/\/www.nova-groupe.fr\/fr\/offre-decouverte-taille-haie-pro-stihl-sac-a-dos-et-pochette-offerts\/#article\",\"isPartOf\":{\"@id\":\"https:\/\/www.nova-groupe.fr\/fr\/offre-decouverte-taille-haie-pro-stihl-sac-a-dos-et-pochette-offerts\/\"},\"author\":{\"name\":\"Camille Zammit\",\"@id\":\"https:\/\/www.nova-groupe.fr\/fr\/#\/schema\/person\/914fc2542c7631658cdf6631980b00e6\"},\"headline\":\"Offre D\u00e9couverte Taille Haie Pro STIHL : Sac \u00e0 dos et Pochette Offerts !\",\"datePublished\":\"2018-06-19T13:57:14+00:00\",\"dateModified\":\"2020-12-08T13:59:52+00:00\",\"mainEntityOfPage\":{\"@id\":\"https:\/\/www.nova-groupe.fr\/fr\/offre-decouverte-taille-haie-pro-stihl-sac-a-dos-et-pochette-offerts\/\"},\"wordCount\":394,\"commentCount\":0,\"image\":{\"@id\":\"https:\/\/www.nova-groupe.fr\/fr\/offre-decouverte-taille-haie-pro-stihl-sac-a-dos-et-pochette-offerts\/#primaryimage\"},\"thumbnailUrl\":\"https:\/\/www.nova-groupe.fr\/wp-content\/uploads\/2018\/06\/offre-taile-haie-stihl-07-2018-Copier.jpg\",\"keywords\":[\"cadeau\",\"gamme pro\",\"hsa 94\",\"jardin\",\"nova\",\"paca\",\"printemps\",\"stihl\",\"taille haie\",\"vente\"],\"articleSection\":[\"Non classifi\u00e9(e)\",\"PROMOTIONS\"],\"inLanguage\":\"fr-FR\",\"potentialAction\":[{\"@type\":\"CommentAction\",\"name\":\"Comment\",\"target\":[\"https:\/\/www.nova-groupe.fr\/fr\/offre-decouverte-taille-haie-pro-stihl-sac-a-dos-et-pochette-offerts\/#respond\"]}]},{\"@type\":\"WebPage\",\"@id\":\"https:\/\/www.nova-groupe.fr\/fr\/offre-decouverte-taille-haie-pro-stihl-sac-a-dos-et-pochette-offerts\/\",\"url\":\"https:\/\/www.nova-groupe.fr\/fr\/offre-decouverte-taille-haie-pro-stihl-sac-a-dos-et-pochette-offerts\/\",\"name\":\"Offre D\u00e9couverte Taille Haie Pro STIHL : Sac \u00e0 dos et Pochette Offerts !\",\"isPartOf\":{\"@id\":\"https:\/\/www.nova-groupe.fr\/fr\/#website\"},\"primaryImageOfPage\":{\"@id\":\"https:\/\/www.nova-groupe.fr\/fr\/offre-decouverte-taille-haie-pro-stihl-sac-a-dos-et-pochette-offerts\/#primaryimage\"},\"image\":{\"@id\":\"https:\/\/www.nova-groupe.fr\/fr\/offre-decouverte-taille-haie-pro-stihl-sac-a-dos-et-pochette-offerts\/#primaryimage\"},\"thumbnailUrl\":\"https:\/\/www.nova-groupe.fr\/wp-content\/uploads\/2018\/06\/offre-taile-haie-stihl-07-2018-Copier.jpg\",\"datePublished\":\"2018-06-19T13:57:14+00:00\",\"dateModified\":\"2020-12-08T13:59:52+00:00\",\"author\":{\"@id\":\"https:\/\/www.nova-groupe.fr\/fr\/#\/schema\/person\/914fc2542c7631658cdf6631980b00e6\"},\"description\":\"Offre D\u00e9couverte chez NOVA PACA sur le Taille Haie Pro STIHL HSA 94. Nous vous offrons le sac \u00e0 dos AP et la pochette \u00e0 connexion rapide d\u2019une valeur totale de 175,84\u20ac HT* Pour l\u2019achat des \u00e9l\u00e9ments suivants : -Taille-haies \u00e0 batterie HSA 94 toutes versions -2 batteries AP 300 et 1 chargeur STIHL\",\"breadcrumb\":{\"@id\":\"https:\/\/www.nova-groupe.fr\/fr\/offre-decouverte-taille-haie-pro-stihl-sac-a-dos-et-pochette-offerts\/#breadcrumb\"},\"inLanguage\":\"fr-FR\",\"potentialAction\":[{\"@type\":\"ReadAction\",\"target\":[\"https:\/\/www.nova-groupe.fr\/fr\/offre-decouverte-taille-haie-pro-stihl-sac-a-dos-et-pochette-offerts\/\"]}]},{\"@type\":\"ImageObject\",\"inLanguage\":\"fr-FR\",\"@id\":\"https:\/\/www.nova-groupe.fr\/fr\/offre-decouverte-taille-haie-pro-stihl-sac-a-dos-et-pochette-offerts\/#primaryimage\",\"url\":\"https:\/\/www.nova-groupe.fr\/wp-content\/uploads\/2018\/06\/offre-taile-haie-stihl-07-2018-Copier.jpg\",\"contentUrl\":\"https:\/\/www.nova-groupe.fr\/wp-content\/uploads\/2018\/06\/offre-taile-haie-stihl-07-2018-Copier.jpg\",\"width\":1273,\"height\":1800,\"caption\":\"offre taile haie stihl 31 07 2018 chez NOVA PACA\"},{\"@type\":\"BreadcrumbList\",\"@id\":\"https:\/\/www.nova-groupe.fr\/fr\/offre-decouverte-taille-haie-pro-stihl-sac-a-dos-et-pochette-offerts\/#breadcrumb\",\"itemListElement\":[{\"@type\":\"ListItem\",\"position\":1,\"name\":\"Accueil\",\"item\":\"https:\/\/www.nova-groupe.fr\/fr\/\"},{\"@type\":\"ListItem\",\"position\":2,\"name\":\"Offre D\u00e9couverte Taille Haie Pro STIHL : Sac \u00e0 dos et Pochette Offerts !\"}]},{\"@type\":\"WebSite\",\"@id\":\"https:\/\/www.nova-groupe.fr\/fr\/#website\",\"url\":\"https:\/\/www.nova-groupe.fr\/fr\/\",\"name\":\"Nova-Groupe\",\"description\":\"Vente et location de mat\u00e9riel agricole, BTP, espaces verts et environnement\",\"potentialAction\":[{\"@type\":\"SearchAction\",\"target\":{\"@type\":\"EntryPoint\",\"urlTemplate\":\"https:\/\/www.nova-groupe.fr\/fr\/?s={search_term_string}\"},\"query-input\":{\"@type\":\"PropertyValueSpecification\",\"valueRequired\":true,\"valueName\":\"search_term_string\"}}],\"inLanguage\":\"fr-FR\"},{\"@type\":\"Person\",\"@id\":\"https:\/\/www.nova-groupe.fr\/fr\/#\/schema\/person\/914fc2542c7631658cdf6631980b00e6\",\"name\":\"Camille Zammit\",\"image\":{\"@type\":\"ImageObject\",\"inLanguage\":\"fr-FR\",\"@id\":\"https:\/\/secure.gravatar.com\/avatar\/0aa14d93c1a779e5d4dc40013b1fad108020ae901341f326debe748d1ec71daf?s=96&d=mm&r=g\",\"url\":\"https:\/\/secure.gravatar.com\/avatar\/0aa14d93c1a779e5d4dc40013b1fad108020ae901341f326debe748d1ec71daf?s=96&d=mm&r=g\",\"contentUrl\":\"https:\/\/secure.gravatar.com\/avatar\/0aa14d93c1a779e5d4dc40013b1fad108020ae901341f326debe748d1ec71daf?s=96&d=mm&r=g\",\"caption\":\"Camille Zammit\"}}]}<\/script>\n<!-- \/ Yoast SEO plugin. -->","yoast_head_json":{"title":"Offre D\u00e9couverte Taille Haie Pro STIHL : Sac \u00e0 dos et Pochette Offerts !","description":"Offre D\u00e9couverte chez NOVA PACA sur le Taille Haie Pro STIHL HSA 94. Nous vous offrons le sac \u00e0 dos AP et la pochette \u00e0 connexion rapide d\u2019une valeur totale de 175,84\u20ac HT* Pour l\u2019achat des \u00e9l\u00e9ments suivants : -Taille-haies \u00e0 batterie HSA 94 toutes versions -2 batteries AP 300 et 1 chargeur STIHL","robots":{"index":"index","follow":"follow","max-snippet":"max-snippet:-1","max-image-preview":"max-image-preview:large","max-video-preview":"max-video-preview:-1"},"canonical":"https:\/\/www.nova-groupe.fr\/fr\/offre-decouverte-taille-haie-pro-stihl-sac-a-dos-et-pochette-offerts\/","og_locale":"fr_FR","og_type":"article","og_title":"Offre D\u00e9couverte Taille Haie Pro STIHL : Sac \u00e0 dos et Pochette Offerts !","og_description":"Offre D\u00e9couverte chez NOVA PACA sur le Taille Haie Pro STIHL HSA 94. Nous vous offrons le sac \u00e0 dos AP et la pochette \u00e0 connexion rapide d\u2019une valeur totale de 175,84\u20ac HT* Pour l\u2019achat des \u00e9l\u00e9ments suivants : -Taille-haies \u00e0 batterie HSA 94 toutes versions -2 batteries AP 300 et 1 chargeur STIHL","og_url":"https:\/\/www.nova-groupe.fr\/fr\/offre-decouverte-taille-haie-pro-stihl-sac-a-dos-et-pochette-offerts\/","og_site_name":"Nova-Groupe","article_publisher":"https:\/\/www.facebook.com\/Nova-Groupe-170173286757302\/","article_published_time":"2018-06-19T13:57:14+00:00","article_modified_time":"2020-12-08T13:59:52+00:00","og_image":[{"width":1273,"height":1800,"url":"https:\/\/www.nova-groupe.fr\/wp-content\/uploads\/2018\/06\/offre-taile-haie-stihl-07-2018-Copier.jpg","type":"image\/jpeg"}],"author":"Camille Zammit","twitter_card":"summary_large_image","twitter_misc":{"\u00c9crit par":"Camille Zammit","Dur\u00e9e de lecture estim\u00e9e":"2 minutes"},"schema":{"@context":"https:\/\/schema.org","@graph":[{"@type":"Article","@id":"https:\/\/www.nova-groupe.fr\/fr\/offre-decouverte-taille-haie-pro-stihl-sac-a-dos-et-pochette-offerts\/#article","isPartOf":{"@id":"https:\/\/www.nova-groupe.fr\/fr\/offre-decouverte-taille-haie-pro-stihl-sac-a-dos-et-pochette-offerts\/"},"author":{"name":"Camille Zammit","@id":"https:\/\/www.nova-groupe.fr\/fr\/#\/schema\/person\/914fc2542c7631658cdf6631980b00e6"},"headline":"Offre D\u00e9couverte Taille Haie Pro STIHL : Sac \u00e0 dos et Pochette Offerts !","datePublished":"2018-06-19T13:57:14+00:00","dateModified":"2020-12-08T13:59:52+00:00","mainEntityOfPage":{"@id":"https:\/\/www.nova-groupe.fr\/fr\/offre-decouverte-taille-haie-pro-stihl-sac-a-dos-et-pochette-offerts\/"},"wordCount":394,"commentCount":0,"image":{"@id":"https:\/\/www.nova-groupe.fr\/fr\/offre-decouverte-taille-haie-pro-stihl-sac-a-dos-et-pochette-offerts\/#primaryimage"},"thumbnailUrl":"https:\/\/www.nova-groupe.fr\/wp-content\/uploads\/2018\/06\/offre-taile-haie-stihl-07-2018-Copier.jpg","keywords":["cadeau","gamme pro","hsa 94","jardin","nova","paca","printemps","stihl","taille haie","vente"],"articleSection":["Non classifi\u00e9(e)","PROMOTIONS"],"inLanguage":"fr-FR","potentialAction":[{"@type":"CommentAction","name":"Comment","target":["https:\/\/www.nova-groupe.fr\/fr\/offre-decouverte-taille-haie-pro-stihl-sac-a-dos-et-pochette-offerts\/#respond"]}]},{"@type":"WebPage","@id":"https:\/\/www.nova-groupe.fr\/fr\/offre-decouverte-taille-haie-pro-stihl-sac-a-dos-et-pochette-offerts\/","url":"https:\/\/www.nova-groupe.fr\/fr\/offre-decouverte-taille-haie-pro-stihl-sac-a-dos-et-pochette-offerts\/","name":"Offre D\u00e9couverte Taille Haie Pro STIHL : Sac \u00e0 dos et Pochette Offerts !","isPartOf":{"@id":"https:\/\/www.nova-groupe.fr\/fr\/#website"},"primaryImageOfPage":{"@id":"https:\/\/www.nova-groupe.fr\/fr\/offre-decouverte-taille-haie-pro-stihl-sac-a-dos-et-pochette-offerts\/#primaryimage"},"image":{"@id":"https:\/\/www.nova-groupe.fr\/fr\/offre-decouverte-taille-haie-pro-stihl-sac-a-dos-et-pochette-offerts\/#primaryimage"},"thumbnailUrl":"https:\/\/www.nova-groupe.fr\/wp-content\/uploads\/2018\/06\/offre-taile-haie-stihl-07-2018-Copier.jpg","datePublished":"2018-06-19T13:57:14+00:00","dateModified":"2020-12-08T13:59:52+00:00","author":{"@id":"https:\/\/www.nova-groupe.fr\/fr\/#\/schema\/person\/914fc2542c7631658cdf6631980b00e6"},"description":"Offre D\u00e9couverte chez NOVA PACA sur le Taille Haie Pro STIHL HSA 94. Nous vous offrons le sac \u00e0 dos AP et la pochette \u00e0 connexion rapide d\u2019une valeur totale de 175,84\u20ac HT* Pour l\u2019achat des \u00e9l\u00e9ments suivants : -Taille-haies \u00e0 batterie HSA 94 toutes versions -2 batteries AP 300 et 1 chargeur STIHL","breadcrumb":{"@id":"https:\/\/www.nova-groupe.fr\/fr\/offre-decouverte-taille-haie-pro-stihl-sac-a-dos-et-pochette-offerts\/#breadcrumb"},"inLanguage":"fr-FR","potentialAction":[{"@type":"ReadAction","target":["https:\/\/www.nova-groupe.fr\/fr\/offre-decouverte-taille-haie-pro-stihl-sac-a-dos-et-pochette-offerts\/"]}]},{"@type":"ImageObject","inLanguage":"fr-FR","@id":"https:\/\/www.nova-groupe.fr\/fr\/offre-decouverte-taille-haie-pro-stihl-sac-a-dos-et-pochette-offerts\/#primaryimage","url":"https:\/\/www.nova-groupe.fr\/wp-content\/uploads\/2018\/06\/offre-taile-haie-stihl-07-2018-Copier.jpg","contentUrl":"https:\/\/www.nova-groupe.fr\/wp-content\/uploads\/2018\/06\/offre-taile-haie-stihl-07-2018-Copier.jpg","width":1273,"height":1800,"caption":"offre taile haie stihl 31 07 2018 chez NOVA PACA"},{"@type":"BreadcrumbList","@id":"https:\/\/www.nova-groupe.fr\/fr\/offre-decouverte-taille-haie-pro-stihl-sac-a-dos-et-pochette-offerts\/#breadcrumb","itemListElement":[{"@type":"ListItem","position":1,"name":"Accueil","item":"https:\/\/www.nova-groupe.fr\/fr\/"},{"@type":"ListItem","position":2,"name":"Offre D\u00e9couverte Taille Haie Pro STIHL : Sac \u00e0 dos et Pochette Offerts !"}]},{"@type":"WebSite","@id":"https:\/\/www.nova-groupe.fr\/fr\/#website","url":"https:\/\/www.nova-groupe.fr\/fr\/","name":"Nova-Groupe","description":"Vente et location de mat\u00e9riel agricole, BTP, espaces verts et environnement","potentialAction":[{"@type":"SearchAction","target":{"@type":"EntryPoint","urlTemplate":"https:\/\/www.nova-groupe.fr\/fr\/?s={search_term_string}"},"query-input":{"@type":"PropertyValueSpecification","valueRequired":true,"valueName":"search_term_string"}}],"inLanguage":"fr-FR"},{"@type":"Person","@id":"https:\/\/www.nova-groupe.fr\/fr\/#\/schema\/person\/914fc2542c7631658cdf6631980b00e6","name":"Camille Zammit","image":{"@type":"ImageObject","inLanguage":"fr-FR","@id":"https:\/\/secure.gravatar.com\/avatar\/0aa14d93c1a779e5d4dc40013b1fad108020ae901341f326debe748d1ec71daf?s=96&d=mm&r=g","url":"https:\/\/secure.gravatar.com\/avatar\/0aa14d93c1a779e5d4dc40013b1fad108020ae901341f326debe748d1ec71daf?s=96&d=mm&r=g","contentUrl":"https:\/\/secure.gravatar.com\/avatar\/0aa14d93c1a779e5d4dc40013b1fad108020ae901341f326debe748d1ec71daf?s=96&d=mm&r=g","caption":"Camille Zammit"}}]}},"_links":{"self":[{"href":"https:\/\/www.nova-groupe.fr\/fr\/wp-json\/wp\/v2\/posts\/9873","targetHints":{"allow":["GET"]}}],"collection":[{"href":"https:\/\/www.nova-groupe.fr\/fr\/wp-json\/wp\/v2\/posts"}],"about":[{"href":"https:\/\/www.nova-groupe.fr\/fr\/wp-json\/wp\/v2\/types\/post"}],"author":[{"embeddable":true,"href":"https:\/\/www.nova-groupe.fr\/fr\/wp-json\/wp\/v2\/users\/3"}],"replies":[{"embeddable":true,"href":"https:\/\/www.nova-groupe.fr\/fr\/wp-json\/wp\/v2\/comments?post=9873"}],"version-history":[{"count":0,"href":"https:\/\/www.nova-groupe.fr\/fr\/wp-json\/wp\/v2\/posts\/9873\/revisions"}],"wp:featuredmedia":[{"embeddable":true,"href":"https:\/\/www.nova-groupe.fr\/fr\/wp-json\/wp\/v2\/media\/9874"}],"wp:attachment":[{"href":"https:\/\/www.nova-groupe.fr\/fr\/wp-json\/wp\/v2\/media?parent=9873"}],"wp:term":[{"taxonomy":"category","embeddable":true,"href":"https:\/\/www.nova-groupe.fr\/fr\/wp-json\/wp\/v2\/categories?post=9873"},{"taxonomy":"post_tag","embeddable":true,"href":"https:\/\/www.nova-groupe.fr\/fr\/wp-json\/wp\/v2\/tags?post=9873"}],"curies":[{"name":"wp","href":"https:\/\/api.w.org\/{rel}","templated":true}]}}